{"id":47549,"date":"2025-08-13T03:22:05","date_gmt":"2025-08-13T06:22:05","guid":{"rendered":"https:\/\/maxradio923.com.ar\/index.php\/2025\/08\/13\/la-dictadura-de-venezuela-traslado-a-prision-a-la-activista-martha-grajales-tras-mantenerla-cuatro-dias-incomunicada\/"},"modified":"2025-08-13T03:22:05","modified_gmt":"2025-08-13T06:22:05","slug":"la-dictadura-de-venezuela-traslado-a-prision-a-la-activista-martha-grajales-tras-mantenerla-cuatro-dias-incomunicada","status":"publish","type":"post","link":"https:\/\/maxradio923.com.ar\/index.php\/2025\/08\/13\/la-dictadura-de-venezuela-traslado-a-prision-a-la-activista-martha-grajales-tras-mantenerla-cuatro-dias-incomunicada\/","title":{"rendered":"La dictadura de Venezuela traslad\u00f3 a prisi\u00f3n a la activista Martha Grajales tras mantenerla cuatro d\u00edas incomunicada"},"content":{"rendered":"<p><\/p>\n<div>\n<div class=\"visual__image image-initial-width\"><picture><source srcset=\"https:\/\/www.infobae.com\/resizer\/v2\/QTY5JRCIHZEGVDMW2BQN2MU2V4.jpeg?auth=72dfcf08d110176b5911c2232af0e6f676fdf4c2f91f2ce76ccad3cfabdc46e2&amp;smart=true&amp;width=992&amp;height=585&amp;quality=85\" media=\"(min-width: 1000px)\"\/><source srcset=\"https:\/\/www.infobae.com\/resizer\/v2\/QTY5JRCIHZEGVDMW2BQN2MU2V4.jpeg?auth=72dfcf08d110176b5911c2232af0e6f676fdf4c2f91f2ce76ccad3cfabdc46e2&amp;smart=true&amp;width=768&amp;height=453&amp;quality=85\" media=\"(min-width: 768px)\"\/><source srcset=\"https:\/\/www.infobae.com\/resizer\/v2\/QTY5JRCIHZEGVDMW2BQN2MU2V4.jpeg?auth=72dfcf08d110176b5911c2232af0e6f676fdf4c2f91f2ce76ccad3cfabdc46e2&amp;smart=true&amp;width=577&amp;height=340&amp;quality=85\" media=\"(min-width: 580px)\"\/><source srcset=\"https:\/\/www.infobae.com\/resizer\/v2\/QTY5JRCIHZEGVDMW2BQN2MU2V4.jpeg?auth=72dfcf08d110176b5911c2232af0e6f676fdf4c2f91f2ce76ccad3cfabdc46e2&amp;smart=true&amp;width=420&amp;height=248&amp;quality=85\" media=\"(min-width: 350px)\"\/><source srcset=\"https:\/\/www.infobae.com\/resizer\/v2\/QTY5JRCIHZEGVDMW2BQN2MU2V4.jpeg?auth=72dfcf08d110176b5911c2232af0e6f676fdf4c2f91f2ce76ccad3cfabdc46e2&amp;smart=true&amp;width=350&amp;height=206&amp;quality=85\" media=\"(min-width: 80px)\"\/><img alt=\"Martha L\u00eda Grajales, activista colombo-venezolana\" class=\"global-image\" decoding=\"async\" fetchpriority=\"high\" height=\"570\" loading=\"eager\" src=\"https:\/\/www.infobae.com\/resizer\/v2\/QTY5JRCIHZEGVDMW2BQN2MU2V4.jpeg?auth=72dfcf08d110176b5911c2232af0e6f676fdf4c2f91f2ce76ccad3cfabdc46e2&amp;smart=true&amp;width=350&amp;height=206&amp;quality=85\" width=\"967\"\/><\/picture><figcaption class=\"article-figcaption-img\">Martha L\u00eda Grajales, activista colombo-venezolana detenida en Caracas (cr\u00e9dito @impactove\/Instagram)<\/figcaption><\/div>\n<p class=\"paragraph\">La ONG venezolana <b>Provea<\/b> inform\u00f3 que la activista del colectivo <b>SurGentes<\/b>, <b>Martha Grajales<\/b>, fue trasladada al <b>Instituto Nacional de Orientaci\u00f3n Femenina<\/b>, en el <b>estado Miranda<\/b>, tras permanecer desde el viernes pasado en un centro policial de <b>Caracas<\/b>, donde fue detenida.<\/p>\n<p class=\"paragraph\">En un video difundido en X, el <b>esposo de Grajales,<\/b> <b>Antonio Gonz\u00e1lez<\/b>, se\u00f1al\u00f3 que pudo hablar con ella por tel\u00e9fono despu\u00e9s de <b>cuatro d\u00edas sin comunicaci\u00f3n<\/b>. <b>\u201cMe inform\u00f3 que fue tratada con respeto y que se encuentra bien. Mand\u00f3 fuerzas para la lucha. Me pidi\u00f3 que transmitiera que tiene mucha fuerza, que est\u00e1 convencida de que la lucha por los derechos humanos en Venezuela es una lucha justa y correcta\u201d<\/b>, declar\u00f3.<\/p>\n<p class=\"paragraph\">Gonz\u00e1lez agreg\u00f3 que la activista envi\u00f3 \u201cpalabras de aliento\u201d a las familias de <b>presos pol\u00edticos<\/b> que integran el<b> Comit\u00e9 de Madres en Defensa de la Verdad<\/b>, quienes fueron agredidas el martes pasado durante una vigilia frente al <b>Tribunal Supremo de Justicia<\/b>, en Caracas. Grajales hab\u00eda sido arrestada despu\u00e9s de participar en una manifestaci\u00f3n frente a la sede de la ONU en la capital, en rechazo a esas agresiones.<\/p>\n<p class=\"paragraph\">La Fiscal\u00eda present\u00f3 cargos en su contra por presuntos delitos de <b>\u201cincitaci\u00f3n al odio\u201d, \u201cconspiraci\u00f3n con un Gobierno extranjero\u201d y \u201casociaci\u00f3n\u201d<\/b>, acusaciones que SurGentes calific\u00f3 como un <b>\u201cmontaje judicial\u201d.<\/b><\/p>\n<div class=\"visual__image\"><picture><source srcset=\"https:\/\/www.infobae.com\/resizer\/v2\/PFGMK34TQZDTJLFUTSF2AMWOHQ.jpg?auth=e74072e753cca74d141c92e91eb5ec7cccc8162f23ad52a3243f4e05cd2af850&amp;smart=true&amp;width=992&amp;height=661&amp;quality=85\" media=\"(min-width: 1000px)\"\/><source srcset=\"https:\/\/www.infobae.com\/resizer\/v2\/PFGMK34TQZDTJLFUTSF2AMWOHQ.jpg?auth=e74072e753cca74d141c92e91eb5ec7cccc8162f23ad52a3243f4e05cd2af850&amp;smart=true&amp;width=768&amp;height=512&amp;quality=85\" media=\"(min-width: 768px)\"\/><source srcset=\"https:\/\/www.infobae.com\/resizer\/v2\/PFGMK34TQZDTJLFUTSF2AMWOHQ.jpg?auth=e74072e753cca74d141c92e91eb5ec7cccc8162f23ad52a3243f4e05cd2af850&amp;smart=true&amp;width=577&amp;height=385&amp;quality=85\" media=\"(min-width: 580px)\"\/><source srcset=\"https:\/\/www.infobae.com\/resizer\/v2\/PFGMK34TQZDTJLFUTSF2AMWOHQ.jpg?auth=e74072e753cca74d141c92e91eb5ec7cccc8162f23ad52a3243f4e05cd2af850&amp;smart=true&amp;width=420&amp;height=280&amp;quality=85\" media=\"(min-width: 350px)\"\/><source srcset=\"https:\/\/www.infobae.com\/resizer\/v2\/PFGMK34TQZDTJLFUTSF2AMWOHQ.jpg?auth=e74072e753cca74d141c92e91eb5ec7cccc8162f23ad52a3243f4e05cd2af850&amp;smart=true&amp;width=350&amp;height=233&amp;quality=85\" media=\"(min-width: 80px)\"\/><img alt=\"El r\u00e9gimen anunci\u00f3 que ser\u00e1\" class=\"global-image\" decoding=\"async\" fetchpriority=\"low\" height=\"1280\" loading=\"lazy\" src=\"https:\/\/www.infobae.com\/resizer\/v2\/PFGMK34TQZDTJLFUTSF2AMWOHQ.jpg?auth=e74072e753cca74d141c92e91eb5ec7cccc8162f23ad52a3243f4e05cd2af850&amp;smart=true&amp;width=350&amp;height=233&amp;quality=85\" width=\"1920\"\/><\/picture><figcaption class=\"article-figcaption-img\">El r\u00e9gimen anunci\u00f3 que ser\u00e1 acusada de \u201cincitaci\u00f3n al odio\u201d, entre otros cargos, mientras organizaciones de derechos humanos exigieron su liberaci\u00f3n inmediata<\/figcaption><\/div>\n<p class=\"paragraph\">En un comunicado difundido en Instagram, el Ministerio P\u00fablico de la dictadura se\u00f1al\u00f3: \u201cFue presentada e imputada la ciudadana Martha L\u00eda Grajales en el lapso de ley tras haberse solicitado orden de aprehensi\u00f3n en su contra por <b>acciones en contra de las instituciones venezolanas y la paz de la rep\u00fablica\u201d<\/b>.<b> <\/b>El organismo inform\u00f3 que se le dict\u00f3 <b>privativa de libertad<\/b> por decisi\u00f3n del tribunal que lleva la causa, sin ofrecer detalles sobre los hechos atribuidos a la activista.<\/p>\n<p class=\"paragraph\">El colectivo denunci\u00f3 que el acta policial que sustenta la orden de captura se basa \u201c\u00fanicamente en la rese\u00f1a y an\u00e1lisis que un funcionario de polic\u00eda hace de una visita policial (\u2018ciberpatrullaje\u2019) al sitio web de SurGentes (www.surgentes.org.ve) en el que se rese\u00f1an movilizaciones populares por la exigencia de derechos\u201d.<\/p>\n<p class=\"paragraph\">\u201cEl acta agrega una interpretaci\u00f3n que se\u00f1ala que tales protestas forman parte de un intento de desestabilizar al Gobierno venezolano orquestado por intereses for\u00e1neos\u201d, a\u00f1adi\u00f3.<\/p>\n<p class=\"paragraph\">El caso de Martha Grajales se enmarca en un contexto de creciente hostigamiento a defensores de derechos humanos en Venezuela, donde organizaciones y activistas denuncian un patr\u00f3n de criminalizaci\u00f3n de la protesta y persecuci\u00f3n judicial. Tanto Provea como SurGentes han reiterado su llamado a la comunidad internacional para que se garantice la integridad f\u00edsica de la activista y se respeten sus derechos procesales mientras permanezca privada de libertad.<\/p>\n<p class=\"paragraph\"><i>(Con informaci\u00f3n de EFE)<\/i><\/p>\n<\/div>\n<p><script type=\"didomi\/javascript\" data-vendor=\"facebook\" defer=\"\">try{!function(f,b,e,v,n,t,s) {if(f.fbq)return;n=f.fbq=function(){n.callMethod? n.callMethod.apply(n,arguments):n.queue.push(arguments)}; if(!f._fbq)f._fbq=n;n.push=n;n.loaded=!0;n.version='2.0'; n.queue=[];t=b.createElement(e);t.async=!0; t.src=v;s=b.getElementsByTagName(e)[0]; s.parentNode.insertBefore(t,s)}(window, document,'script', ' fbq('init', '336383993555320'); fbq('track', 'PageView'); fbq('track', 'ViewContent');}catch(error){console.log(\"Error al inicializar facebookPixelRawCodeScript:\",error);}<\/script><\/p>\n","protected":false},"excerpt":{"rendered":"<p>Martha L\u00eda Grajales, activista colombo-venezolana detenida en Caracas (cr\u00e9dito @impactove\/Instagram) La ONG venezolana Provea inform\u00f3 que la activista del colectivo SurGentes, Martha Grajales, fue trasladada al Instituto Nacional de Orientaci\u00f3n Femenina, en el estado Miranda, tras permanecer desde el viernes pasado en un centro policial de Caracas, donde fue detenida. En un video difundido en [&hellip;]<\/p>\n","protected":false},"author":2,"featured_media":47550,"comment_status":"","ping_status":"","sticky":false,"template":"","format":"standard","meta":{"footnotes":""},"categories":[3],"tags":[],"_links":{"self":[{"href":"https:\/\/maxradio923.com.ar\/index.php\/wp-json\/wp\/v2\/posts\/47549"}],"collection":[{"href":"https:\/\/maxradio923.com.ar\/index.php\/wp-json\/wp\/v2\/posts"}],"about":[{"href":"https:\/\/maxradio923.com.ar\/index.php\/wp-json\/wp\/v2\/types\/post"}],"author":[{"embeddable":true,"href":"https:\/\/maxradio923.com.ar\/index.php\/wp-json\/wp\/v2\/users\/2"}],"replies":[{"embeddable":true,"href":"https:\/\/maxradio923.com.ar\/index.php\/wp-json\/wp\/v2\/comments?post=47549"}],"version-history":[{"count":0,"href":"https:\/\/maxradio923.com.ar\/index.php\/wp-json\/wp\/v2\/posts\/47549\/revisions"}],"wp:featuredmedia":[{"embeddable":true,"href":"https:\/\/maxradio923.com.ar\/index.php\/wp-json\/wp\/v2\/media\/47550"}],"wp:attachment":[{"href":"https:\/\/maxradio923.com.ar\/index.php\/wp-json\/wp\/v2\/media?parent=47549"}],"wp:term":[{"taxonomy":"category","embeddable":true,"href":"https:\/\/maxradio923.com.ar\/index.php\/wp-json\/wp\/v2\/categories?post=47549"},{"taxonomy":"post_tag","embeddable":true,"href":"https:\/\/maxradio923.com.ar\/index.php\/wp-json\/wp\/v2\/tags?post=47549"}],"curies":[{"name":"wp","href":"https:\/\/api.w.org\/{rel}","templated":true}]}}