{"id":4734,"date":"2023-09-24T12:14:32","date_gmt":"2023-09-24T15:14:32","guid":{"rendered":"https:\/\/maxradio923.com\/index.php\/2023\/09\/24\/la-bienal-de-danza-de-lyon-desplego-politica-post-pandemia-hip-hop-y-pinturas-del-renacimiento\/"},"modified":"2023-09-24T12:14:32","modified_gmt":"2023-09-24T15:14:32","slug":"la-bienal-de-danza-de-lyon-desplego-politica-post-pandemia-hip-hop-y-pinturas-del-renacimiento","status":"publish","type":"post","link":"https:\/\/maxradio923.com.ar\/index.php\/2023\/09\/24\/la-bienal-de-danza-de-lyon-desplego-politica-post-pandemia-hip-hop-y-pinturas-del-renacimiento\/","title":{"rendered":"La Bienal de Danza de Lyon despleg\u00f3 pol\u00edtica, post pandemia, hip-hop y pinturas del Renacimiento"},"content":{"rendered":"<ul>\n<li>Es uno de los festivales m\u00e1s importantes del mundo.<\/li>\n<li>Este a\u00f1o cumple su vig\u00e9sima edici\u00f3n.<\/li>\n<\/ul>\n","protected":false},"excerpt":{"rendered":"<p>Es uno de los festivales m\u00e1s importantes del mundo. Este a\u00f1o cumple su vig\u00e9sima edici\u00f3n.<\/p>\n","protected":false},"author":2,"featured_media":0,"comment_status":"","ping_status":"","sticky":false,"template":"","format":"standard","meta":{"footnotes":""},"categories":[4],"tags":[],"_links":{"self":[{"href":"https:\/\/maxradio923.com.ar\/index.php\/wp-json\/wp\/v2\/posts\/4734"}],"collection":[{"href":"https:\/\/maxradio923.com.ar\/index.php\/wp-json\/wp\/v2\/posts"}],"about":[{"href":"https:\/\/maxradio923.com.ar\/index.php\/wp-json\/wp\/v2\/types\/post"}],"author":[{"embeddable":true,"href":"https:\/\/maxradio923.com.ar\/index.php\/wp-json\/wp\/v2\/users\/2"}],"replies":[{"embeddable":true,"href":"https:\/\/maxradio923.com.ar\/index.php\/wp-json\/wp\/v2\/comments?post=4734"}],"version-history":[{"count":0,"href":"https:\/\/maxradio923.com.ar\/index.php\/wp-json\/wp\/v2\/posts\/4734\/revisions"}],"wp:attachment":[{"href":"https:\/\/maxradio923.com.ar\/index.php\/wp-json\/wp\/v2\/media?parent=4734"}],"wp:term":[{"taxonomy":"category","embeddable":true,"href":"https:\/\/maxradio923.com.ar\/index.php\/wp-json\/wp\/v2\/categories?post=4734"},{"taxonomy":"post_tag","embeddable":true,"href":"https:\/\/maxradio923.com.ar\/index.php\/wp-json\/wp\/v2\/tags?post=4734"}],"curies":[{"name":"wp","href":"https:\/\/api.w.org\/{rel}","templated":true}]}}