{"id":4728,"date":"2023-09-24T12:04:00","date_gmt":"2023-09-24T15:04:00","guid":{"rendered":"https:\/\/maxradio923.com\/index.php\/2023\/09\/24\/san-juan-cuenta-con-una-biblioteca-netamente-de-autores-locales\/"},"modified":"2023-09-24T12:04:00","modified_gmt":"2023-09-24T15:04:00","slug":"san-juan-cuenta-con-una-biblioteca-netamente-de-autores-locales","status":"publish","type":"post","link":"https:\/\/maxradio923.com.ar\/index.php\/2023\/09\/24\/san-juan-cuenta-con-una-biblioteca-netamente-de-autores-locales\/","title":{"rendered":"San Juan cuenta con una biblioteca netamente de autores locales"},"content":{"rendered":"<p><img decoding=\"async\" src=\"https:\/\/diariod3.com\/inicio\/wp-content\/uploads\/2023\/09\/53207648052_867eab0c42_b.jpg\"\/><br \/>\nSe trata de la \u201cBiblioteca de Escritores sanjuaninos\u201d que aportar\u00e1 material, tanto impreso como digital, con el objetivo de fortalecer el patrimonio literario provincial.<\/p>\n<p><img decoding=\"async\" src=\"https:\/\/diariod3.com\/inicio\/wp-content\/uploads\/2023\/09\/53208905359_2c2011a68e_b.jpg\"\/><\/p>\n<p><a href=\"https:\/\/sisanjuan.b-cdn.net\/media\/k2\/items\/cache\/fbf724066aceebb883fd83ec2475dd3f_XL.jpg\" rel=\"noreferrer noopener\" target=\"_blank\"><img decoding=\"async\" src=\"https:\/\/sisanjuan.b-cdn.net\/media\/k2\/items\/cache\/fbf724066aceebb883fd83ec2475dd3f_L.jpg\" alt=\"San Juan cuenta con una biblioteca netamente de autores locales\"\/> <\/a>Fotos: Adri\u00e1n Carrizo<\/p>\n<p>Con el objetivo de fortalecer el patrimonio literario y cultural de la provincia, este viernes, qued\u00f3 inaugurada la \u201cBiblioteca de Escritores sanjuaninos\u201d, lugar de resguardo y consulta de la obra de autores, investigadores e intelectuales de nuestra provincia.<\/p>\n<p>La nueva iniciativa est\u00e1 emplazada en la Direcci\u00f3n de Bibliotecas Populares, ubicada en calle Las Heras 201 norte. All\u00ed se pondr\u00e1 a disposici\u00f3n del p\u00fablico material, impreso como digital, de escritores sanjuaninos, y de publicaciones del Ministerio de Turismo y Cultura de San Juan. M\u00e1s de 1000 libros y 1400 autores locales son parte de este valioso material.<\/p>\n<p>La necesidad de crear una biblioteca que re\u00fana y preserve la producci\u00f3n literaria y de investigaci\u00f3n de San Juan, surgi\u00f3 del contacto continuo con escritores, editores, bibliotecarios y p\u00fablico en general; anhelo tantas veces manifestado al momento de participar en Feria Internacional del Libro, Feria Provincial de la Cultura Popular y el Libro de Rawson, y otros eventos en los cuales se debaten las problem\u00e1ticas del sector.<\/p>\n<p>De esta manera, se concret\u00f3 esta biblioteca que se ir\u00e1 enriqueciendo con los aportes de libros de autores locales y as\u00ed fortalecer y revalorizar este importante patrimonio de la provincia.<\/p>\n<p>Tambi\u00e9n, en el acto, se present\u00f3 el sitio web que re\u00fane toda la informaci\u00f3n de las Bibliotecas Populares. El mismo tendr\u00e1 su acceso a trav\u00e9s de c\u00f3digo QR.<\/p>\n<p>Estuvieron presentes, secretaria de Cultura, Virginia Agote; directora de Bibliotecas Populares, Liliana Alaniz y Daniel Izasa, Director de Acci\u00f3n Cultural. Presidenta de la Federaci\u00f3n de Bibliotecas Populares, Mar\u00eda del Carmen Mu\u00f1oz y la expresidenta de la Federaci\u00f3n, Mar\u00eda Etelvina Illa de Maimone, quien present\u00f3, adem\u00e1s, un libro \u00abRecordando Momentos\u00bb referido a la creaci\u00f3n de las bibliotecas populares San Juan.<\/p>\n<p>La entrada <a href=\"https:\/\/diariod3.com\/inicio\/san-juan-cuenta-con-una-biblioteca-netamente-de-autores-locales\/\" rel=\"noreferrer noopener\" target=\"_blank\">San Juan cuenta con una biblioteca netamente de autores locales<\/a> se public\u00f3 primero en <a href=\"https:\/\/diariod3.com\/inicio\" rel=\"noreferrer noopener\" target=\"_blank\">DIARIO D3 NOTICIAS<\/a>.<\/p>\n","protected":false},"excerpt":{"rendered":"<p>Se trata de la \u201cBiblioteca de Escritores sanjuaninos\u201d que aportar\u00e1 material, tanto impreso como digital, con el objetivo de fortalecer el patrimonio literario provincial. Fotos: Adri\u00e1n Carrizo Con el objetivo de fortalecer el patrimonio literario y cultural de la provincia, este viernes, qued\u00f3 inaugurada la \u201cBiblioteca de Escritores sanjuaninos\u201d, lugar de resguardo y consulta de [&hellip;]<\/p>\n","protected":false},"author":1,"featured_media":0,"comment_status":"","ping_status":"","sticky":false,"template":"","format":"standard","meta":{"footnotes":""},"categories":[10],"tags":[],"_links":{"self":[{"href":"https:\/\/maxradio923.com.ar\/index.php\/wp-json\/wp\/v2\/posts\/4728"}],"collection":[{"href":"https:\/\/maxradio923.com.ar\/index.php\/wp-json\/wp\/v2\/posts"}],"about":[{"href":"https:\/\/maxradio923.com.ar\/index.php\/wp-json\/wp\/v2\/types\/post"}],"author":[{"embeddable":true,"href":"https:\/\/maxradio923.com.ar\/index.php\/wp-json\/wp\/v2\/users\/1"}],"replies":[{"embeddable":true,"href":"https:\/\/maxradio923.com.ar\/index.php\/wp-json\/wp\/v2\/comments?post=4728"}],"version-history":[{"count":0,"href":"https:\/\/maxradio923.com.ar\/index.php\/wp-json\/wp\/v2\/posts\/4728\/revisions"}],"wp:attachment":[{"href":"https:\/\/maxradio923.com.ar\/index.php\/wp-json\/wp\/v2\/media?parent=4728"}],"wp:term":[{"taxonomy":"category","embeddable":true,"href":"https:\/\/maxradio923.com.ar\/index.php\/wp-json\/wp\/v2\/categories?post=4728"},{"taxonomy":"post_tag","embeddable":true,"href":"https:\/\/maxradio923.com.ar\/index.php\/wp-json\/wp\/v2\/tags?post=4728"}],"curies":[{"name":"wp","href":"https:\/\/api.w.org\/{rel}","templated":true}]}}