{"id":4674,"date":"2023-09-23T21:04:58","date_gmt":"2023-09-24T00:04:58","guid":{"rendered":"https:\/\/maxradio923.com\/index.php\/2023\/09\/23\/cristina-kirchner-volvio-a-hablar-despues-de-las-paso-lo-que-paso-en-las-elecciones-ya-lo-habia-dicho-antes\/"},"modified":"2023-09-23T21:04:58","modified_gmt":"2023-09-24T00:04:58","slug":"cristina-kirchner-volvio-a-hablar-despues-de-las-paso-lo-que-paso-en-las-elecciones-ya-lo-habia-dicho-antes","status":"publish","type":"post","link":"https:\/\/maxradio923.com.ar\/index.php\/2023\/09\/23\/cristina-kirchner-volvio-a-hablar-despues-de-las-paso-lo-que-paso-en-las-elecciones-ya-lo-habia-dicho-antes\/","title":{"rendered":"Cristina Kirchner volvi\u00f3 a hablar despu\u00e9s de las PASO: \u00abLo que pas\u00f3 en las elecciones ya lo hab\u00eda dicho antes\u00bb"},"content":{"rendered":"<p><img decoding=\"async\" src=\"https:\/\/diariod3.com\/inicio\/wp-content\/uploads\/2023\/09\/a_8.png_1536916664.jpg\"\/><\/p>\n<p>Se present\u00f3 en el contexto de la reedici\u00f3n de un libro sobre N\u00e9stor Kirchner y Torcuato Di Tella. Adem\u00e1s critic\u00f3 a Alberto Fern\u00e1ndez por el acuerdo con el FMI.<\/p>\n<figure>\n<figure><img decoding=\"async\" src=\"https:\/\/www.diariodecuyo.com.ar\/__export\/1695508232822\/sites\/diariodecuyo\/img\/2023\/09\/23\/a_8.png_1536916664.png\" alt=\"Cristina Kirchner volvi\u00f3 a hablar despu\u00e9s de las PASO: \"\/><\/figure>\n<\/figure>\n<p>En el marco de la presentaci\u00f3n de los 20 a\u00f1os de la publicaci\u00f3n del libro \u201cDespu\u00e9s del derrumbe, conversaciones de Torcuato Di Tella y N\u00e9stor Kirchner\u201d, la vicepresidente Cristina Fern\u00e1ndez de Kirchner se present\u00f3 este s\u00e1bado en la Universidad Metropolitana para la Educaci\u00f3n y el Trabajo (UMET) en medio de la campa\u00f1a electoral. Se trata de su primera aparici\u00f3n p\u00fablica desde las primarias de agosto, donde fue fotografiada votando, el mismo domingo donde Javier Milei fue el candidato m\u00e1s votado en los comicios.<\/p>\n<p>La charla, llamada \u00abDe castas, herencias, derrumbes y futuro\u00bb, se transmite a trav\u00e9s de las redes sociales de la exmandataria. En una de sus primeras intervenciones. se refiri\u00f3 a quienes la critican por su silencio durante la campa\u00f1a electoral. \u00abVengo leyendo editoriales que hablan sobre mi postura, sobre qu\u00e9 digo del resultado de las elecciones, pero qu\u00e9 voy a decir si yo hab\u00eda dicho el resultado de las elecciones antes\u00bb, sostuvo.<\/p>\n<p>Y ahond\u00f3: \u00abEn mayo dije que iba a ser una elecci\u00f3n at\u00edpica de tercios y que los importante iba a ser el piso y no el techo\u00bb.<\/p>\n<p>En otro pasaje, donde cuestion\u00f3 los festejos del oficialismo luego de perder las elecciones legislativas, dijo: \u00abEn el 2021 que tuvimos la peor elecci\u00f3n parlamentaria y Juntos por el Cambio sac\u00f3 42% y ahora qued\u00f3 por debajo del candidato de Uni\u00f3n por la Patria y no pudieron construir una mayor\u00eda porque la gente no pod\u00eda acordarse del gobierno de Juntos por el Cambio\u00bb.<\/p>\n<p>\u00abAl final de la dictadura aparecen dos economistas, Domingo Cavallo, que hab\u00eda estatizado deudas privadas y la deuda en d\u00f3lares la estatiz\u00f3 Carlos Melconian\u00bb, record\u00f3 en referencia al posible Ministro de Econom\u00eda de Patricia Bullrich y actual director del Instituto de Estudios Econ\u00f3micos sobre la Realidad Argentina y Latinoamericana (IERAL) de la Fundaci\u00f3n Mediterr\u00e1nea.<\/p>\n<p>Respecto al encuentro que tuvo con Melconian en junio de 2022, cont\u00f3 que pidi\u00f3 que fuera un encuentro reservado. \u201cMe explic\u00f3 qu\u00e9 hac\u00eda en la fundaci\u00f3n IERAL, me habl\u00f3 de econom\u00eda bimonetaria, que es que haya dos monedas de curso legal y forzoso apuntan a que la gente use los d\u00f3lares que tiene guardados en el colch\u00f3n, pero hay gente que no quiere guardar plata en el banco\u201d, repas\u00f3.<br \/>\u201cNadie me supo explicar por qu\u00e9 alguien que tiene d\u00f3lares, los va a usar en vez de usar los pesos\u201d, sostuvo.<\/p>\n<p><strong>Cristina Kirchner habl\u00f3 del 2001 y la \u00abherencia\u00bb recibida por N\u00e9stor Kirchner<\/strong><\/p>\n<p>Tambi\u00e9n hizo un repaso hist\u00f3rico posterior a la dictadura, donde comenz\u00f3 por se\u00f1alar la hiperinflaci\u00f3n del gobierno radical, aunque reconoci\u00f3: \u201cAlfons\u00edn recibi\u00f3 una deuda fenomenal externa\u201d. \u201cEs lo que se relata en Una temporada en el quinto piso (NdR: libro de Juan Carlos Torre, que form\u00f3 parte del equipo econ\u00f3mico de Juan Sorrouille durante el alfonsinismo), que en gran parte adhiero y en otras que es autoindulgentes con los economistas, no\u201d, ejemplific\u00f3.<\/p>\n<p>Luego hizo un balance cr\u00edtico sobre el menemismo y el posterior derrumbe de 2001. \u201cQu\u00e9 pasaba entonces, no hab\u00eda nada p\u00fablico, en el 2001 hubo crisis por deflaci\u00f3n\u201d, record\u00f3. En ese momento, aprovech\u00f3 para chicanear a Patricia Bullrich: \u201cViste que hay algunas que no distinguen inflaci\u00f3n y deflaci\u00f3n, que mejor que Melconian siga ah\u00ed para traducir\u201d.<\/p>\n<p>\u201cUno puede heterodoxo, ortodoxo, de la escuela austriaca, de Chicago, pero lo que no se puede hacer es ficci\u00f3n\u201d, agreg\u00f3.<\/p>\n<p>Luego, record\u00f3 el gobierno que recibi\u00f3 N\u00e9stor Kirchner y dijo que \u00ablleg\u00f3 a la presidencia con una herencia de una argentina defaulteada, las jubilaciones congeladas, los bonistas enojados, 222% de desocupaci\u00f3n, sin industrias\u201d. \u201cLa herencia del kirchnerismo o del populismo no fue endeudamiento\u201d, asegur\u00f3.<\/p>\n<p><strong>Las causas judiciales reabiertas contra Cristina Kirchner<\/strong><\/p>\n<p>La aparici\u00f3n de la ex mandataria nacional se da en medio de la campa\u00f1a electoral donde Uni\u00f3n por la Patria busca recuperar el terreno perdido con el libertario Javier Milei, quien fue la figura m\u00e1s votada en las primarias de agosto.<\/p>\n<p>En simult\u00e1neo, el \u00faltimo lunes 18 de septiembre la C\u00e1mara de Casaci\u00f3n orden\u00f3 reabrir las causas Hotesur-Los Sauces y Memor\u00e1ndum con Ir\u00e1n. La decisi\u00f3n del m\u00e1ximo tribunal penal significa que la vicepresidenta ir\u00e1 a juicio oral.<\/p>\n<p>En el primero de ellos, se la investiga por presunta asociaci\u00f3n il\u00edcita y lavado de dinero a trav\u00e9s del alquiler de sus hoteles, donde estar\u00edan implicados los empresarios L\u00e1zaro B\u00e1ez, Fabi\u00e1n De Sousa y Crist\u00f3bal L\u00f3pez. Por otro lado, en la causa del memor\u00e1ndum de entendimiento, se la acusa de encubrir a funcionarios iran\u00edes por el atentado contra la AMIA.<\/p>\n<p>La entrada <a href=\"https:\/\/diariod3.com\/inicio\/cristina-kirchner-volvio-a-hablar-despues-de-las-paso-lo-que-paso-en-las-elecciones-ya-lo-habia-dicho-antes\/\" rel=\"noreferrer noopener\" target=\"_blank\">Cristina Kirchner volvi\u00f3 a hablar despu\u00e9s de las PASO: \u00abLo que pas\u00f3 en las elecciones ya lo hab\u00eda dicho antes\u00bb<\/a> se public\u00f3 primero en <a href=\"https:\/\/diariod3.com\/inicio\" rel=\"noreferrer noopener\" target=\"_blank\">DIARIO D3 NOTICIAS<\/a>.<\/p>\n","protected":false},"excerpt":{"rendered":"<p>Se present\u00f3 en el contexto de la reedici\u00f3n de un libro sobre N\u00e9stor Kirchner y Torcuato Di Tella. Adem\u00e1s critic\u00f3 a Alberto Fern\u00e1ndez por el acuerdo con el FMI. En el marco de la presentaci\u00f3n de los 20 a\u00f1os de la publicaci\u00f3n del libro \u201cDespu\u00e9s del derrumbe, conversaciones de Torcuato Di Tella y N\u00e9stor Kirchner\u201d, [&hellip;]<\/p>\n","protected":false},"author":2,"featured_media":0,"comment_status":"","ping_status":"","sticky":false,"template":"","format":"standard","meta":{"footnotes":""},"categories":[12],"tags":[],"_links":{"self":[{"href":"https:\/\/maxradio923.com.ar\/index.php\/wp-json\/wp\/v2\/posts\/4674"}],"collection":[{"href":"https:\/\/maxradio923.com.ar\/index.php\/wp-json\/wp\/v2\/posts"}],"about":[{"href":"https:\/\/maxradio923.com.ar\/index.php\/wp-json\/wp\/v2\/types\/post"}],"author":[{"embeddable":true,"href":"https:\/\/maxradio923.com.ar\/index.php\/wp-json\/wp\/v2\/users\/2"}],"replies":[{"embeddable":true,"href":"https:\/\/maxradio923.com.ar\/index.php\/wp-json\/wp\/v2\/comments?post=4674"}],"version-history":[{"count":0,"href":"https:\/\/maxradio923.com.ar\/index.php\/wp-json\/wp\/v2\/posts\/4674\/revisions"}],"wp:attachment":[{"href":"https:\/\/maxradio923.com.ar\/index.php\/wp-json\/wp\/v2\/media?parent=4674"}],"wp:term":[{"taxonomy":"category","embeddable":true,"href":"https:\/\/maxradio923.com.ar\/index.php\/wp-json\/wp\/v2\/categories?post=4674"},{"taxonomy":"post_tag","embeddable":true,"href":"https:\/\/maxradio923.com.ar\/index.php\/wp-json\/wp\/v2\/tags?post=4674"}],"curies":[{"name":"wp","href":"https:\/\/api.w.org\/{rel}","templated":true}]}}