{"id":4629,"date":"2023-09-23T12:54:03","date_gmt":"2023-09-23T15:54:03","guid":{"rendered":"https:\/\/maxradio923.com\/index.php\/2023\/09\/23\/patricia-bullrich-le-apunto-al-kirchnerismo-han-hecho-educacion-intermitente-eso-se-termina-de-una-vez-y-para-siempre\/"},"modified":"2023-09-23T18:54:39","modified_gmt":"2023-09-23T21:54:39","slug":"patricia-bullrich-le-apunto-al-kirchnerismo-han-hecho-educacion-intermitente-eso-se-termina-de-una-vez-y-para-siempre","status":"publish","type":"post","link":"https:\/\/maxradio923.com.ar\/index.php\/2023\/09\/23\/patricia-bullrich-le-apunto-al-kirchnerismo-han-hecho-educacion-intermitente-eso-se-termina-de-una-vez-y-para-siempre\/","title":{"rendered":"Patricia Bullrich le apunt\u00f3 al kirchnerismo: \u201cHan hecho educaci\u00f3n intermitente, eso se termina de una vez y para siempre\u201d"},"content":{"rendered":"<p><img decoding=\"async\" src=\"https:\/\/diariod3.com\/inicio\/wp-content\/uploads\/2023\/09\/4G5I3AMUWZCIZKIFZ5EQDHTPGU.webp\"\/><\/p>\n<p>En el marco de su campa\u00f1a y de gira por el todo el pa\u00eds, la candidata a presidente de Juntos por el Cambio, Patricia Bullrich, finaliz\u00f3 su recorrido por la provincia de Entre R\u00edos con un acto en la ciudad de Paran\u00e1. \u201cHan destruido la educaci\u00f3n, han hecho educaci\u00f3n intermitente, eso se termina de una vez y para siempre\u201d, dijo junto al candidato a gobernador provincial, Rogelio Frigerio, y el candidato a intendente de Paran\u00e1, Emanuel Gainza, Bullrich dio un discurso en el Club Atl\u00e9tico Olimpia.<\/p>\n<p>\u201cVamos a volver a la educaci\u00f3n de la primera escuela, fue aqu\u00ed que naci\u00f3 la primera escuela p\u00fablica de la Argentina, la de Sarmiento, a la que iban tanto los hijos de los que ten\u00edan dinero y eran due\u00f1os de estancias y los hijos de los que laburaban en esas estancia, esa educaci\u00f3n es la que vamos a levantar ahora\u201d, sostuvo la candidata opositora.<\/p>\n<p>Y cerr\u00f3: \u201cSabemos qu\u00e9 obst\u00e1culos nos van a poner, pero no estamos dispuestos a entregar m\u00e1s generaciones a la destrucci\u00f3n de la cultura del trabajo y de la educaci\u00f3n, es el momento de terminar con la ideolog\u00eda del kirchnerismo\u201d.<\/p>\n<p>Fuente: INFOBAE<\/p>\n<p>Por: Graciela Herrera<\/p>\n<p>La entrada <a href=\"https:\/\/diariod3.com\/inicio\/patricia-bullrich-le-apunto-al-kirchnerismo-han-hecho-educacion-intermitente-eso-se-termina-de-una-vez-y-para-siempre\/\" rel=\"noreferrer noopener\" target=\"_blank\">Patricia Bullrich le apunt\u00f3 al kirchnerismo: \u201cHan hecho educaci\u00f3n intermitente, eso se termina de una vez y para siempre\u201d<\/a> se public\u00f3 primero en <a href=\"https:\/\/diariod3.com\/inicio\" rel=\"noreferrer noopener\" target=\"_blank\">DIARIO D3 NOTICIAS<\/a>.<\/p>\n","protected":false},"excerpt":{"rendered":"<p>En el marco de su campa\u00f1a y de gira por el todo el pa\u00eds, la candidata a presidente de Juntos por el Cambio, Patricia Bullrich, finaliz\u00f3 su recorrido por la provincia de Entre R\u00edos con un acto en la ciudad de Paran\u00e1. \u201cHan destruido la educaci\u00f3n, han hecho educaci\u00f3n intermitente, eso se termina de una [&hellip;]<\/p>\n","protected":false},"author":2,"featured_media":0,"comment_status":"closed","ping_status":"","sticky":false,"template":"","format":"standard","meta":{"footnotes":""},"categories":[12],"tags":[],"_links":{"self":[{"href":"https:\/\/maxradio923.com.ar\/index.php\/wp-json\/wp\/v2\/posts\/4629"}],"collection":[{"href":"https:\/\/maxradio923.com.ar\/index.php\/wp-json\/wp\/v2\/posts"}],"about":[{"href":"https:\/\/maxradio923.com.ar\/index.php\/wp-json\/wp\/v2\/types\/post"}],"author":[{"embeddable":true,"href":"https:\/\/maxradio923.com.ar\/index.php\/wp-json\/wp\/v2\/users\/2"}],"replies":[{"embeddable":true,"href":"https:\/\/maxradio923.com.ar\/index.php\/wp-json\/wp\/v2\/comments?post=4629"}],"version-history":[{"count":1,"href":"https:\/\/maxradio923.com.ar\/index.php\/wp-json\/wp\/v2\/posts\/4629\/revisions"}],"predecessor-version":[{"id":4651,"href":"https:\/\/maxradio923.com.ar\/index.php\/wp-json\/wp\/v2\/posts\/4629\/revisions\/4651"}],"wp:attachment":[{"href":"https:\/\/maxradio923.com.ar\/index.php\/wp-json\/wp\/v2\/media?parent=4629"}],"wp:term":[{"taxonomy":"category","embeddable":true,"href":"https:\/\/maxradio923.com.ar\/index.php\/wp-json\/wp\/v2\/categories?post=4629"},{"taxonomy":"post_tag","embeddable":true,"href":"https:\/\/maxradio923.com.ar\/index.php\/wp-json\/wp\/v2\/tags?post=4629"}],"curies":[{"name":"wp","href":"https:\/\/api.w.org\/{rel}","templated":true}]}}