{"id":462,"date":"2023-08-23T09:01:32","date_gmt":"2023-08-23T07:01:32","guid":{"rendered":"https:\/\/maxradio923.com\/la-unsj-respondio-al-efecto-milei-con-sesion-historica-en-defensa-de-la-educacion-publica-y-la-ciencia\/"},"modified":"2023-08-28T05:09:25","modified_gmt":"2023-08-28T03:09:25","slug":"la-unsj-respondio-al-efecto-milei-con-sesion-historica-en-defensa-de-la-educacion-publica-y-la-ciencia","status":"publish","type":"post","link":"https:\/\/maxradio923.com.ar\/index.php\/2023\/08\/23\/la-unsj-respondio-al-efecto-milei-con-sesion-historica-en-defensa-de-la-educacion-publica-y-la-ciencia\/","title":{"rendered":"La UNSJ Respondi\u00f3 al \u00abEfecto Milei\u00bb con Sesi\u00f3n Hist\u00f3rica en Defensa de la Educaci\u00f3n P\u00fablica y la Ciencia"},"content":{"rendered":"<p><img decoding=\"async\" src=\"http:\/\/maxradio923.com\/wp-content\/uploads\/2023\/08\/f768x1-302489_302616_31-1.jpg\"\/>  La Universidad Nacional de San Juan (UNSJ) ha llevado a cabo una Sesi\u00f3n Extraordinaria de gran envergadura en respuesta a lo que se ha denominado el \u00abefecto Milei\u00bb, en un esfuerzo por contrarrestar las controvertidas propuestas del candidato presidencial Javier Milei, quien ha planteado la posibilidad de implementar un sistema de vouchers para la educaci\u00f3n p\u00fablica y la privatizaci\u00f3n del Conicet.     <\/p>\n<p>La convocatoria, promovida por la Federaci\u00f3n Universitaria y respaldada por el Consejo Superior, reuni\u00f3 a una amplia variedad de participantes, incluyendo estudiantes, docentes, personal no docente, directivos y diversas agrupaciones pol\u00edticas. Tambi\u00e9n estuvieron presentes el rector Tadeo Berenger y la vice rectora Anal\u00eda Ponce, junto con el consejo superior y consejeros docentes y no docentes.<\/p>\n<p>La sesi\u00f3n se llev\u00f3 a cabo en el Complejo Universitario Islas Malvinas (CUIM), y tuvo como objetivo central la defensa de la educaci\u00f3n p\u00fablica y la ciencia. Durante el encuentro, se debatieron las posturas de los participantes en relaci\u00f3n con el estado actual de la universidad p\u00fablica y el Sistema Nacional de Ciencia y Tecnolog\u00eda.<\/p>\n<p>Una de las acciones resultantes de la sesi\u00f3n fue la creaci\u00f3n de una comisi\u00f3n que se encargar\u00e1 de plasmar una agenda concreta en defensa de la educaci\u00f3n p\u00fablica. Adem\u00e1s, se planean cuartos intermedios para llevar la problem\u00e1tica a las diferentes facultades de la universidad, buscando involucrar a todos los niveles y estructuras de la instituci\u00f3n.<\/p>\n<p>Fernando Balverde, consejero superior, destac\u00f3 la importancia de que las estructuras universitarias sean protagonistas en la defensa de la instituci\u00f3n y que tanto el Consejo Superior como los Consejos Directivos se pronuncien al respecto. Esta acci\u00f3n se interpreta como una reacci\u00f3n ante lo que se percibe como un ataque sistem\u00e1tico desde sectores liberales tanto a nivel nacional como provincial.<\/p>\n<p>Jos\u00e9 Peluc, candidato a diputado nacional por el frente La Libertad Avanza, ha sido uno de los cr\u00edticos m\u00e1s destacados en relaci\u00f3n con la educaci\u00f3n. Peluc cuestion\u00f3 a Ricardo Coca, secretario administrativo Financiero de la UNSJ, quien mencion\u00f3 la posibilidad de arancelar el servicio educativo. Peluc exigi\u00f3 que se reduzcan los salarios de los miembros del sector educativo y expres\u00f3 su apoyo a la implementaci\u00f3n de vouchers para que los estudiantes elijan sus universidades.<\/p>\n<p>La Sesi\u00f3n Extraordinaria en defensa de la educaci\u00f3n p\u00fablica y la ciencia demuestra el compromiso de la UNSJ y sus miembros con la protecci\u00f3n y promoci\u00f3n de la educaci\u00f3n y la investigaci\u00f3n en un contexto de debates y propuestas que generan preocupaci\u00f3n en el \u00e1mbito educativo.<\/p>\n<p>La entrada La UNSJ Respondi\u00f3 al \u00abEfecto Milei\u00bb con Sesi\u00f3n Hist\u00f3rica en Defensa de la Educaci\u00f3n P\u00fablica y la Ciencia se public\u00f3 primero en DIARIO D3 NOTICIAS.<\/p>\n","protected":false},"excerpt":{"rendered":"<p>La Universidad Nacional de San Juan (UNSJ) ha llevado a cabo una Sesi\u00f3n Extraordinaria de gran envergadura en respuesta a lo que se ha denominado el \u00abefecto Milei\u00bb, en un esfuerzo por contrarrestar las controvertidas propuestas del candidato presidencial Javier Milei, quien ha planteado la posibilidad de implementar un sistema de vouchers para la educaci\u00f3n [&hellip;]<\/p>\n","protected":false},"author":1,"featured_media":0,"comment_status":"closed","ping_status":"open","sticky":false,"template":"","format":"standard","meta":{"footnotes":""},"categories":[8],"tags":[],"_links":{"self":[{"href":"https:\/\/maxradio923.com.ar\/index.php\/wp-json\/wp\/v2\/posts\/462"}],"collection":[{"href":"https:\/\/maxradio923.com.ar\/index.php\/wp-json\/wp\/v2\/posts"}],"about":[{"href":"https:\/\/maxradio923.com.ar\/index.php\/wp-json\/wp\/v2\/types\/post"}],"author":[{"embeddable":true,"href":"https:\/\/maxradio923.com.ar\/index.php\/wp-json\/wp\/v2\/users\/1"}],"replies":[{"embeddable":true,"href":"https:\/\/maxradio923.com.ar\/index.php\/wp-json\/wp\/v2\/comments?post=462"}],"version-history":[{"count":0,"href":"https:\/\/maxradio923.com.ar\/index.php\/wp-json\/wp\/v2\/posts\/462\/revisions"}],"wp:attachment":[{"href":"https:\/\/maxradio923.com.ar\/index.php\/wp-json\/wp\/v2\/media?parent=462"}],"wp:term":[{"taxonomy":"category","embeddable":true,"href":"https:\/\/maxradio923.com.ar\/index.php\/wp-json\/wp\/v2\/categories?post=462"},{"taxonomy":"post_tag","embeddable":true,"href":"https:\/\/maxradio923.com.ar\/index.php\/wp-json\/wp\/v2\/tags?post=462"}],"curies":[{"name":"wp","href":"https:\/\/api.w.org\/{rel}","templated":true}]}}