{"id":454,"date":"2023-08-23T09:01:49","date_gmt":"2023-08-23T07:01:49","guid":{"rendered":"https:\/\/maxradio923.com\/el-vicegobernador-sanjuanino-hablo-de-la-devaluacion-y-de-la-especulacion\/"},"modified":"2023-08-28T05:09:22","modified_gmt":"2023-08-28T03:09:22","slug":"el-vicegobernador-sanjuanino-hablo-de-la-devaluacion-y-de-la-especulacion","status":"publish","type":"post","link":"https:\/\/maxradio923.com.ar\/index.php\/2023\/08\/23\/el-vicegobernador-sanjuanino-hablo-de-la-devaluacion-y-de-la-especulacion\/","title":{"rendered":"El vicegobernador sanjuanino habl\u00f3 de la devaluaci\u00f3n y de la especulaci\u00f3n"},"content":{"rendered":"<p><img decoding=\"async\" src=\"http:\/\/maxradio923.com\/wp-content\/uploads\/2023\/08\/684870jpg.webp-1.jpg\"\/>                            <\/p>\n<p>El vicegobernador Roberto Gattoni habl\u00f3 de la devaluaci\u00f3n y de la especulaci\u00f3n que se teji\u00f3 en el marco del movimiento de precios que se registr\u00f3 en esta \u00faltima semana tras las PASO. Dijo que vio remarcar los precios cuando el d\u00f3lar blue se fue a $800, pero no vio retrocesos en valores cuando baj\u00f3 a $720.<\/p>\n<p><img decoding=\"async\" src=\"http:\/\/maxradio923.com\/wp-content\/uploads\/2023\/08\/whatsapp-image-2022-08-05-at-51043-pmjpeg.jpe\" alt=\"El Efecto Massa en las g\u00f3ndolas sanjuaninas: pocos faltantes y aumentos  moderados\"\/><\/p>\n<p>En ese sentido, dijo que <strong>\u00abse ha perdido la noci\u00f3n de los precios de referencia<\/strong>\u00bb y que deben haber medidas para tranquilizar esta situaci\u00f3n.<\/p>\n<p><em>\u00abSin dudas los efectos de cualquier devaluaci\u00f3n impactan. Hab\u00eda que llevarla acabo. Piensen que el d\u00f3lar oficial estaba retrasado respecto a la inflaci\u00f3n. Son medidas que a veces no son las que m\u00e1s gustan tomarlas, y se sabe que van a causar consecuencias, pero era una decisi\u00f3n que hab\u00eda que hacerse\u00bb,<\/em> manifest\u00f3.<\/p>\n<p>El vicegobernador asegur\u00f3 que, en ese sentido, el gobierno nacional est\u00e1 trabajando. <em>\u00abEsperemos que se tomen las medidas complementarias para atenuar, sobre todo en los sectores m\u00e1s vulnerables, los impactos de la devaluaci\u00f3n<\/em>\u00ab. Asimismo, asegur\u00f3 que Massa emitir\u00e1 la resoluci\u00f3n de las medidas tras su visita a Estados Unidos para mantener reuniones con el Fondo Monetario Internacional.<\/p>\n<p>Por su parte, agreg\u00f3 que en la provincia, se mantuvo comunicaci\u00f3n con los productores y los supermercados locales por el tema. \u00ab<em>Nosotros no somos formadores de precios, por lo general son las cadenas las que establecen los precios\u00bb,<\/em> aclar\u00f3, pero dentro de la opini\u00f3n que le merece, asegur\u00f3 que hay cierta especulaci\u00f3n en la oferta. <em>\u00abCuando los precios est\u00e1n tan distorsionados hay de todo un poco. La devaluaci\u00f3n fue del 25%, ahora, hay productos en los que el d\u00f3lar no tienen ning\u00fan impacto en la composici\u00f3n del costo. No hay raz\u00f3n para que se muevan de esa manera\u00bb<\/em>.<\/p>\n<p><em>\u00ab<strong>Cuando el d\u00f3lar bue se fue a $800 todos ajustaron para arriba, pero cuando baj\u00f3 a $720 no se escuch\u00f3 que retrocedan los precios. <\/strong>Hay una fuerte especulaci\u00f3n y por eso, es muy importante terminar con los efectos de la inflaci\u00f3n. Hay que recuperar la relaci\u00f3n de los precios relativos y que la gente sepa cu\u00e1ndo est\u00e1 bien que pague un producto. Se ha perdido la noci\u00f3n de los precios\u00bb<\/em>, indic\u00f3.<\/p>\n<p>OPERADOR: EUGENIA  VILA<\/p>\n<p>La entrada El vicegobernador sanjuanino habl\u00f3 de la devaluaci\u00f3n y de la especulaci\u00f3n se public\u00f3 primero en DIARIO D3 NOTICIAS.<\/p>\n","protected":false},"excerpt":{"rendered":"<p>El vicegobernador Roberto Gattoni habl\u00f3 de la devaluaci\u00f3n y de la especulaci\u00f3n que se teji\u00f3 en el marco del movimiento de precios que se registr\u00f3 en esta \u00faltima semana tras las PASO. Dijo que vio remarcar los precios cuando el d\u00f3lar blue se fue a $800, pero no vio retrocesos en valores cuando baj\u00f3 a [&hellip;]<\/p>\n","protected":false},"author":1,"featured_media":0,"comment_status":"closed","ping_status":"open","sticky":false,"template":"","format":"standard","meta":{"footnotes":""},"categories":[8],"tags":[],"_links":{"self":[{"href":"https:\/\/maxradio923.com.ar\/index.php\/wp-json\/wp\/v2\/posts\/454"}],"collection":[{"href":"https:\/\/maxradio923.com.ar\/index.php\/wp-json\/wp\/v2\/posts"}],"about":[{"href":"https:\/\/maxradio923.com.ar\/index.php\/wp-json\/wp\/v2\/types\/post"}],"author":[{"embeddable":true,"href":"https:\/\/maxradio923.com.ar\/index.php\/wp-json\/wp\/v2\/users\/1"}],"replies":[{"embeddable":true,"href":"https:\/\/maxradio923.com.ar\/index.php\/wp-json\/wp\/v2\/comments?post=454"}],"version-history":[{"count":0,"href":"https:\/\/maxradio923.com.ar\/index.php\/wp-json\/wp\/v2\/posts\/454\/revisions"}],"wp:attachment":[{"href":"https:\/\/maxradio923.com.ar\/index.php\/wp-json\/wp\/v2\/media?parent=454"}],"wp:term":[{"taxonomy":"category","embeddable":true,"href":"https:\/\/maxradio923.com.ar\/index.php\/wp-json\/wp\/v2\/categories?post=454"},{"taxonomy":"post_tag","embeddable":true,"href":"https:\/\/maxradio923.com.ar\/index.php\/wp-json\/wp\/v2\/tags?post=454"}],"curies":[{"name":"wp","href":"https:\/\/api.w.org\/{rel}","templated":true}]}}