{"id":4487,"date":"2023-09-22T13:54:14","date_gmt":"2023-09-22T16:54:14","guid":{"rendered":"https:\/\/maxradio923.com\/index.php\/2023\/09\/22\/con-criticas-a-la-oposicion-y-algunas-propuestas-cerraron-las-campanas-en-mendoza\/"},"modified":"2023-09-22T18:13:58","modified_gmt":"2023-09-22T21:13:58","slug":"con-criticas-a-la-oposicion-y-algunas-propuestas-cerraron-las-campanas-en-mendoza","status":"publish","type":"post","link":"https:\/\/maxradio923.com.ar\/index.php\/2023\/09\/22\/con-criticas-a-la-oposicion-y-algunas-propuestas-cerraron-las-campanas-en-mendoza\/","title":{"rendered":"Con cr\u00edticas a la oposici\u00f3n y algunas propuestas, cerraron las campa\u00f1as en Mendoza"},"content":{"rendered":"<p><img decoding=\"async\" src=\"https:\/\/diariod3.com\/inicio\/wp-content\/uploads\/2023\/09\/650cc04c9b528_1200.jpg\"\/><\/p>\n<p>Las fuerzas que competir\u00e1n este domingo por la gobernaci\u00f3n mendocina pusieron fin a sus campa\u00f1as en la tarde del jueves.<\/p>\n<figure><img decoding=\"async\" src=\"https:\/\/www.telam.com.ar\/thumbs\/bluesteel\/advf\/imagenes\/2023\/09\/650cc85d25107_1200.jpg\" alt=\"Omar Parisi del peronista Frente Eleg Foto Ramiro Gmez\"\/><figcaption>Omar Parisi, del peronista Frente Eleg\u00ed \/ Foto: Ramiro G\u00f3mez<\/figcaption><\/figure>\n<p>Con la esperanza de \u00abque cambie la orientaci\u00f3n econ\u00f3mica del pa\u00eds el a\u00f1o pr\u00f3ximo\u00bb por parte de la coalici\u00f3n oficialista Cambia Mendoza, y la promesa de ser \u00abalgo distinto\u00bb del peronista Frente Eleg\u00ed,<strong> cerraron este jueves sus campa\u00f1as pol\u00edticas las fuerzas que competir\u00e1n el pr\u00f3ximo domingo<\/strong> por la gobernaci\u00f3n mendocina.<\/p>\n<p>Durante el cierre de <strong>Cambia Mendoza<\/strong> -expresi\u00f3n local de Juntos por el Cambio (JxC)-, que busca retener el poder, el candidato a gobernador y senador nacional radical <strong>Alfredo Cornejo<\/strong> dese\u00f3 que \u00absea quien fuera quien gane la Presidencia de la Naci\u00f3n este a\u00f1o, yo prefiero a una candidata (dijo en relaci\u00f3n a Patricia Bullrich), tiene la demanda social de cambiar la orientaci\u00f3n econ\u00f3mica y eso es lo que beneficiar\u00e1 a Mendoza\u00bb.<\/p>\n<p>\u00abArgentina va a cambiar su orientaci\u00f3n econ\u00f3mica. No es un optimismo vago, sino basado en informaci\u00f3n. La sociedad argentina est\u00e1 dando se\u00f1ales claras de que quiere cambiar su orientaci\u00f3n econ\u00f3mica. Si eso ocurre, Mendoza est\u00e1 preparada para aprovechar esa oportunidad\u00bb, afirm\u00f3.<\/p>\n<figure><img decoding=\"async\" src=\"https:\/\/www.telam.com.ar\/thumbs\/bluesteel\/advf\/imagenes\/2023\/09\/650cc04c9b528_1200.jpg\" alt=\"El cierre de Cambia Mendoza Foto Ramiro Gmez\"\/><figcaption>El cierre de Cambia Mendoza \/ Foto: Ramiro G\u00f3mez<\/figcaption><\/figure>\n<p>En una conferencia de prensa y con un acto celebrado en el Club Andes Talleres, Cornejo y su compa\u00f1era de f\u00f3rmula, la diputada nacional del PRO Hebe Casado, aseguraron \u00abestar preparados para que nuestro ramillete de pymes contin\u00fae, al igual que lo que se viene haciendo bien y algunas cosas corregir\u00bb.<\/p>\n<p>Acompa\u00f1ados por el gobernador radical Rodolfo Su\u00e1rez -quien en caso de que gane Cornejo completar\u00e1 los cuatro a\u00f1os del mandato senatorial del candidato a mandatario provincial- y dirigentes de todos los partidos que componen el frente realizaron un balance de la campa\u00f1a, <strong>pusieron el foco en las propuestas y resaltaron la renovaci\u00f3n de dirigentes<\/strong>, tanto en la provincia como en los municipios.<\/p>\n<p>El exgobernador que aspira a volver al cargo que ocup\u00f3 entre 2015 y 2019 agradeci\u00f3 tambi\u00e9n por su red social al reconocer que \u00ablas campa\u00f1as son dif\u00edciles de aguantar en estos tiempos. Por eso quiero agradecerles el apoyo y el aliento que hemos sentido junto a Hebe durante todos estos d\u00edas\u00bb.<\/p>\n<p>Hacia el final, <strong>pidi\u00f3 expresamente a la ciudadan\u00eda \u00abpara que vote por la continuidad de la actual gesti\u00f3n\u00bb.<\/strong><\/p>\n<p>\u00abCerramos campa\u00f1a, de forma austera. Los actos rimbombantes de pol\u00edticos no son acordes a la situaci\u00f3n actual que atraviesa el pa\u00eds, y si hay algo que tiene nuestro frente, es empat\u00eda. Por eso quiero pedirles que este domingo, apoyen la lista completa del Frente Cambia Mendoza\u00bb, dijo Cornejo.<\/p>\n<figure><img decoding=\"async\" src=\"https:\/\/www.telam.com.ar\/thumbs\/bluesteel\/advf\/imagenes\/2023\/09\/650cc04c82cbf_1200.jpg\" alt=\"El cierre de Cambia Mendoza Foto Ramiro Gmez\"\/><figcaption>El cierre de Cambia Mendoza \/ Foto: Ramiro G\u00f3mez<\/figcaption><\/figure>\n<p>En tanto, el peronista <strong>Frente Eleg\u00ed<\/strong>, con la f\u00f3rmula <strong>Omar Parisi-Lucas Ilardo<\/strong>, hizo su cierre de campa\u00f1a por la tarde del jueves en el camping del sindicato de Luz y Fuerza, donde los dirigentes destacaron que son los \u00fanicos que plantearon propuestas concretas.<\/p>\n<p>\u00abSomos la posibilidad distinta para poder cambiar esta realidad que nos agobia y realizar los sue\u00f1os de cada uno\u00bb de los mendocinos, afirm\u00f3 Parisi.<\/p>\n<p>Recordaron que entre sus propuestas se destacan \u00abla Ley de Emergencia Habitacional ya presentada por Ilardo en la C\u00e1mara baja, desburocratizar el Estado, sacar el \u00cdtem Aula (un plus por presentismo que los gremios consideran una flexibilizaci\u00f3n de las condiciones laborales), <strong>volver m\u00e1s humano y m\u00e1s justo el sistema distributivo y recuperar los salarios<\/strong> de los empleados p\u00fablicos y Osep (Obra Social de Empleados P\u00fablicos de Mendoza)\u00bb.<\/p>\n<p>Tambi\u00e9n \u00abhacer que la provincia se ponga en marcha con ganader\u00eda, vitivinicultura, energ\u00eda, turismo y todo lo que le hemos contado d\u00eda a d\u00eda a los mendocinos cuando hemos caminado y golpeando puertas\u00bb.<\/p>\n<blockquote>\n<p>\u00abSomos la posibilidad distinta para poder cambiar esta realidad que nos agobia y realizar los sue\u00f1os de cada uno\u00bb<cite>Omar Parisi<\/cite><\/p>\n<\/blockquote>\n<figure><img decoding=\"async\" src=\"https:\/\/www.telam.com.ar\/thumbs\/bluesteel\/advf\/imagenes\/2023\/09\/650cc85cdc914_1200.jpg\" alt=\"El cierre de Frente Eleg Foto Ramiro Gmez\"\/><figcaption>El cierre de Frente Eleg\u00ed \/ Foto: Ramiro G\u00f3mez<\/figcaption><\/figure>\n<p>Por su parte, el <strong>Partido Verde<\/strong>, con <strong>Mario Vadillo y Emanuel Fugazzotto<\/strong>, program\u00f3 su acto de cierre en el parque Central de la capital mendocina.<\/p>\n<p>El exintegrante de la fuerza pol\u00edtica Protectora le dedic\u00f3 los \u00faltimos d\u00edas de su campa\u00f1a a realizar una recorrida por distintos medios de comunicaci\u00f3n del interior de la provincia.<\/p>\n<p>La <strong>Uni\u00f3n Mendocina<\/strong>, con el diputado <strong>Omar De Marchi y Daniel Orozco<\/strong> a la cabeza (disidentes del oficialismo), se despidieron hoy de la campa\u00f1a con reuniones por Maip\u00fa y un claro mensaje v\u00eda redes sociales: \u00abSomos mayor\u00eda los que queremos algo diferente y unidos lo vamos a hacer realidad\u00bb.<\/p>\n<p>A inicios de esta semana ambos hab\u00edan cerrado su campa\u00f1a en el Arena Maip\u00fa ante una multitud a la que expusieron sus propuestas sobre educaci\u00f3n, salud, viviendas y seguridad.<\/p>\n<p>\u00abEstamos m\u00e1s que nunca en un feudo y para eso hemos venido en b\u00fasqueda de libertad, de liberar todas las fuerzas creativas y el talento que tenemos all\u00ed dormido\u00bb, expres\u00f3 De Marchi en el centro del escenario, mientras los asistentes cantaban \u00abCornejo tiene miedo\u00bb.<\/p>\n<p>El <strong>Frente de Izquierda<\/strong>, que tiene a la f\u00f3rmula <strong>Lautaro Jim\u00e9nez-Noelia Barbeito<\/strong> como candidatos, realiz\u00f3 su cierre de campa\u00f1a el mi\u00e9rcoles en la Plaza Independencia. El objetivo principal de este espacio es retomar presencia en cargos legislativos.<\/p>\n<p>La entrada <a href=\"https:\/\/diariod3.com\/inicio\/con-criticas-a-la-oposicion-y-algunas-propuestas-cerraron-las-campanas-en-mendoza\/\" rel=\"noreferrer noopener\" target=\"_blank\">Con cr\u00edticas a la oposici\u00f3n y algunas propuestas, cerraron las campa\u00f1as en Mendoza<\/a> se public\u00f3 primero en <a href=\"https:\/\/diariod3.com\/inicio\" rel=\"noreferrer noopener\" target=\"_blank\">DIARIO D3 NOTICIAS<\/a>.<\/p>\n","protected":false},"excerpt":{"rendered":"<p>Las fuerzas que competir\u00e1n este domingo por la gobernaci\u00f3n mendocina pusieron fin a sus campa\u00f1as en la tarde del jueves. Omar Parisi, del peronista Frente Eleg\u00ed \/ Foto: Ramiro G\u00f3mez Con la esperanza de \u00abque cambie la orientaci\u00f3n econ\u00f3mica del pa\u00eds el a\u00f1o pr\u00f3ximo\u00bb por parte de la coalici\u00f3n oficialista Cambia Mendoza, y la promesa [&hellip;]<\/p>\n","protected":false},"author":2,"featured_media":0,"comment_status":"closed","ping_status":"","sticky":false,"template":"","format":"standard","meta":{"footnotes":""},"categories":[12],"tags":[],"_links":{"self":[{"href":"https:\/\/maxradio923.com.ar\/index.php\/wp-json\/wp\/v2\/posts\/4487"}],"collection":[{"href":"https:\/\/maxradio923.com.ar\/index.php\/wp-json\/wp\/v2\/posts"}],"about":[{"href":"https:\/\/maxradio923.com.ar\/index.php\/wp-json\/wp\/v2\/types\/post"}],"author":[{"embeddable":true,"href":"https:\/\/maxradio923.com.ar\/index.php\/wp-json\/wp\/v2\/users\/2"}],"replies":[{"embeddable":true,"href":"https:\/\/maxradio923.com.ar\/index.php\/wp-json\/wp\/v2\/comments?post=4487"}],"version-history":[{"count":1,"href":"https:\/\/maxradio923.com.ar\/index.php\/wp-json\/wp\/v2\/posts\/4487\/revisions"}],"predecessor-version":[{"id":4507,"href":"https:\/\/maxradio923.com.ar\/index.php\/wp-json\/wp\/v2\/posts\/4487\/revisions\/4507"}],"wp:attachment":[{"href":"https:\/\/maxradio923.com.ar\/index.php\/wp-json\/wp\/v2\/media?parent=4487"}],"wp:term":[{"taxonomy":"category","embeddable":true,"href":"https:\/\/maxradio923.com.ar\/index.php\/wp-json\/wp\/v2\/categories?post=4487"},{"taxonomy":"post_tag","embeddable":true,"href":"https:\/\/maxradio923.com.ar\/index.php\/wp-json\/wp\/v2\/tags?post=4487"}],"curies":[{"name":"wp","href":"https:\/\/api.w.org\/{rel}","templated":true}]}}