{"id":4467,"date":"2023-09-22T11:44:13","date_gmt":"2023-09-22T14:44:13","guid":{"rendered":"https:\/\/maxradio923.com\/index.php\/2023\/09\/22\/mientras-muchos-metian-la-cabeza-debajo-de-la-cama-yo-me-hice-cargo\/"},"modified":"2023-09-22T11:44:13","modified_gmt":"2023-09-22T14:44:13","slug":"mientras-muchos-metian-la-cabeza-debajo-de-la-cama-yo-me-hice-cargo","status":"publish","type":"post","link":"https:\/\/maxradio923.com.ar\/index.php\/2023\/09\/22\/mientras-muchos-metian-la-cabeza-debajo-de-la-cama-yo-me-hice-cargo\/","title":{"rendered":"\u00abMientras muchos met\u00edan la cabeza debajo de la cama, yo me hice cargo\u00bb"},"content":{"rendered":"<p><img decoding=\"async\" src=\"https:\/\/diariod3.com\/inicio\/wp-content\/uploads\/2023\/09\/650b8676ac65d_1200.jpg\"\/><\/p>\n<p>El ministro de Econom\u00eda y candidato presidencial <strong>Sergio Massa<\/strong> (UxP), sostuvo que, \u00abmientras muchos met\u00edan la cabeza debajo de la cama\u00bb, \u00e9l se hizo cargo de la cartera econ\u00f3mica y se diferenci\u00f3 de \u00abotros que quieren presidir la Argentina y se fueron en helic\u00f3ptero\u00bb, en referencia al radicalismo, de Juntos por el Cambio.<\/p>\n<p>Adem\u00e1s, defini\u00f3 a su competidor por La Libertad Avanza, Javier Milei, como \u00abel que habla de dolarizar la econom\u00eda sin tener el acuerdo con los due\u00f1os de los d\u00f3lares\u00bb.<\/p>\n<p>\u00abQue el presidente de la C\u00e1mara de Diputados tenga que hacerse cargo del Ministerio de Econom\u00eda ampliado es consecuencia de errores, que claro que los hubo, pero la diferencia es que, mientras muchos met\u00edan la cabeza debajo de la cama, yo me hice cargo\u00bb, destac\u00f3 Massa en declaraciones al canal La Naci\u00f3n+.<\/p>\n<p>Y agreg\u00f3: \u00ab<strong>Me hice cargo de un pa\u00eds que hablaba de asamblea legislativa, de hiperinflaci\u00f3n<\/strong>. Yo podr\u00eda haberme quedado desde la presidencia de la C\u00e1mara de Diputados marcando las diferencias pero me hice cargo; no como otros que hoy quieren presidir la Argentina y se fueron en helic\u00f3ptero\u00bb.<\/p>\n<blockquote>\n<p>\u00abMe hice cargo, no como otros que hoy quieren presidir la Argentina y se fueron en helic\u00f3ptero\u00bb<\/p>\n<\/blockquote>\n<p>Massa<strong> defini\u00f3 a Patricia Bullrich como \u00abla ministra de seguridad de Carlos Melconian\u00bb <\/strong>y puntualiz\u00f3 que, junto con Milei, \u00abson lo mismo porque hablan de las mismas cosas\u00bb.<\/p>\n<p>Al ser consultado sobre c\u00f3mo armar\u00eda un <strong>eventual gabinete <\/strong>en caso de ser elegido presidente, Massa respondi\u00f3: \u00abVa a haber radicales ministros en mi gobierno y peronistas que hoy est\u00e1n en el PRO\u00bb.<\/p>\n<p>En ese marco, a\u00f1adi\u00f3 que hay dirigentes en UxP que son \u00abmuy buenos, como Fernanda Raverta y claro que voy a convocar a los que son valiosos\u00bb para conformar su equipo de trabajo.<\/p>\n<p>Sobre la coalici\u00f3n gobernante, Massa remarc\u00f3 los \u00abvalores que nos unen\u00bb y \u00ablas cosas que hoy est\u00e1n en riesgo\u00bb. Entre ellos cit\u00f3 \u00abque el Estado te brinde seguridad y no que cada uno se compre su arma, que los chicos vayan a la escuela con notebook en la mochila\u00bb.<\/p>\n<figure><img decoding=\"async\" src=\"https:\/\/www.telam.com.ar\/thumbs\/bluesteel\/advf\/imagenes\/2023\/09\/650a282ad0122_1200.jpg\" alt=\"Foto prensa\"\/><figcaption>Foto: prensa<\/figcaption><\/figure>\n<p>Massa tambi\u00e9n se refiri\u00f3 a la <strong>justicia<\/strong>: \u00abYo tengo una familia amiga que hace 12 a\u00f1os que espera un fallo para adoptar, o seguro alguien un amigo laburante que hace 4 a\u00f1os que est\u00e1 esperando el fallo de la indemnizaci\u00f3n o todos conocemos jueces que por no detener a violentos terminamos con muertes con violencia de g\u00e9nero. <strong>La justicia nunca se ha puesto a mirarse para adentro y a hacer su autocr\u00edtica<\/strong>\u00ab.<\/p>\n<p>\u00abEl hartazgo tiene que ver con el ingreso, con el fracaso de la pol\u00edtica que vive peleando pero tambi\u00e9n con una justicia que en lugar de resolver con firmeza los problemas convalida la idea de la impunidad\u00bb, afirm\u00f3.<\/p>\n<p>En <strong>materia econ\u00f3mica<\/strong>, dijo que<strong> \u00abno hay riesgo de hiperinflaci\u00f3n\u00bb<\/strong> y que \u00abla devaluaci\u00f3n es consecuencia de que \u00ab(Mauricio) Macri llev\u00f3 a la Argentina a la convocatoria de acreedores en el 2018 para financiar la fuga de capitales\u00bb y que oper\u00f3 como \u00abun t\u00edo jugador que hipotec\u00f3 la casa familiar\u00bb, por lo que<strong> insisti\u00f3 en la necesidad de \u00abpagarle al FMI para sacarlo definitivamente\u00bb del pa\u00eds<\/strong>.<\/p>\n<p>Tras remarcar que \u00abel Fondo ped\u00eda una devaluaci\u00f3n del 100 por ciento\u00bb que no fue otorgada por la Argentina, Massa record\u00f3 que el organismo de cr\u00e9dito multilateral \u00abes un s\u00edndico en la Argentina\u00bb, lo cual \u00abobliga a negociar todo el tiempo de las medidas\u00bb.<\/p>\n<p>\u00abPor eso mi primer planteo es que tenemos que tomar el tema deuda como pol\u00edtica de estado, en un marco de acuerdo de todas las fuerzas pol\u00edticas y que tenemos que pagarle para sacarlo definitivamente de la Argentina\u00bb, afirm\u00f3.<\/p>\n<p>\u00abTenemos que tomar el tema deuda como pol\u00edtica de estado, en un marco de acuerdo de todas las fuerzas pol\u00edticas y que tenemos que pagarle para sacarlo definitivamente de la Argentina\u00bb<br \/>En el misma l\u00ednea, a\u00f1adi\u00f3 que \u00abmientras el FMI est\u00e9 metiendo su nariz en las cuentas de la Argentina va a ir imponiendo cosas que tendr\u00e1n que ver m\u00e1s con su necesidad de cobrar la plata que le dio a Macri que con las necesidades de crecimiento del pa\u00eds\u00bb.<\/p>\n<p>\u00ab<strong>Esto es como una familia donde hab\u00eda un t\u00edo jugador que le gustaban los burros, la quiniela y fue tomando deuda y un d\u00eda hipotec\u00f3 la casa familiar<\/strong>. La Argentina est\u00e1 desde el 2018 en esa situaci\u00f3n y es importante que los argentinos lo entiendan\u00bb, insisti\u00f3 Massa.<\/p>\n<p><strong>FUENTE: TELAM<\/strong><br \/>\n<strong>OPERADOR: ANA PAULA CARRASCO<\/strong><\/p>\n<p>La entrada <a href=\"https:\/\/diariod3.com\/inicio\/mientras-muchos-metian-la-cabeza-debajo-de-la-cama-yo-me-hice-cargo\/\" rel=\"noreferrer noopener\" target=\"_blank\">\u00abMientras muchos met\u00edan la cabeza debajo de la cama, yo me hice cargo\u00bb<\/a> se public\u00f3 primero en <a href=\"https:\/\/diariod3.com\/inicio\" rel=\"noreferrer noopener\" target=\"_blank\">DIARIO D3 NOTICIAS<\/a>.<\/p>\n","protected":false},"excerpt":{"rendered":"<p>El ministro de Econom\u00eda y candidato presidencial Sergio Massa (UxP), sostuvo que, \u00abmientras muchos met\u00edan la cabeza debajo de la cama\u00bb, \u00e9l se hizo cargo de la cartera econ\u00f3mica y se diferenci\u00f3 de \u00abotros que quieren presidir la Argentina y se fueron en helic\u00f3ptero\u00bb, en referencia al radicalismo, de Juntos por el Cambio. Adem\u00e1s, defini\u00f3 [&hellip;]<\/p>\n","protected":false},"author":2,"featured_media":0,"comment_status":"","ping_status":"","sticky":false,"template":"","format":"standard","meta":{"footnotes":""},"categories":[12],"tags":[],"_links":{"self":[{"href":"https:\/\/maxradio923.com.ar\/index.php\/wp-json\/wp\/v2\/posts\/4467"}],"collection":[{"href":"https:\/\/maxradio923.com.ar\/index.php\/wp-json\/wp\/v2\/posts"}],"about":[{"href":"https:\/\/maxradio923.com.ar\/index.php\/wp-json\/wp\/v2\/types\/post"}],"author":[{"embeddable":true,"href":"https:\/\/maxradio923.com.ar\/index.php\/wp-json\/wp\/v2\/users\/2"}],"replies":[{"embeddable":true,"href":"https:\/\/maxradio923.com.ar\/index.php\/wp-json\/wp\/v2\/comments?post=4467"}],"version-history":[{"count":0,"href":"https:\/\/maxradio923.com.ar\/index.php\/wp-json\/wp\/v2\/posts\/4467\/revisions"}],"wp:attachment":[{"href":"https:\/\/maxradio923.com.ar\/index.php\/wp-json\/wp\/v2\/media?parent=4467"}],"wp:term":[{"taxonomy":"category","embeddable":true,"href":"https:\/\/maxradio923.com.ar\/index.php\/wp-json\/wp\/v2\/categories?post=4467"},{"taxonomy":"post_tag","embeddable":true,"href":"https:\/\/maxradio923.com.ar\/index.php\/wp-json\/wp\/v2\/tags?post=4467"}],"curies":[{"name":"wp","href":"https:\/\/api.w.org\/{rel}","templated":true}]}}