{"id":4465,"date":"2023-09-22T11:44:12","date_gmt":"2023-09-22T14:44:12","guid":{"rendered":"https:\/\/maxradio923.com\/index.php\/2023\/09\/22\/javier-milei-volvera-a-mostrarse-con-luis-barrionuevo\/"},"modified":"2023-09-22T16:05:27","modified_gmt":"2023-09-22T19:05:27","slug":"javier-milei-volvera-a-mostrarse-con-luis-barrionuevo","status":"publish","type":"post","link":"https:\/\/maxradio923.com.ar\/index.php\/2023\/09\/22\/javier-milei-volvera-a-mostrarse-con-luis-barrionuevo\/","title":{"rendered":"Javier Milei volver\u00e1 a mostrarse con Luis Barrionuevo"},"content":{"rendered":"<p><img decoding=\"async\" src=\"https:\/\/diariod3.com\/inicio\/wp-content\/uploads\/2023\/09\/javier-milei-diputado-argentina-1-1.png\"\/><\/p>\n<p>El candidato presidencial de la <strong>Libertad Avanza (LLA)<\/strong>,<strong> Javier Milei,<\/strong> volver\u00e1 a mostrarse hoy con el titular de la<strong> Uni\u00f3n de<\/strong> <strong>Trabajadores del<\/strong> <strong>Turismo, Hoteleros y Gastron\u00f3micos de la Rep\u00fablica Argentina (Uthgra)<\/strong>,<strong> Luis Barrionuevo<\/strong>, en la recta final de cara a las <strong>elecciones 2023<\/strong>.<br \/>\nMilei ser\u00e1 el orador principal en un encuentro organizado por el gremio gastron\u00f3mico a partir de las 19 en el Sal\u00f3n Golden Center, ubicado en Parque Norte.<br \/>\nEl mi\u00e9rcoles pasado, Milei ya se hab\u00eda reunido con Barrionuevo en una reuni\u00f3n que \u00abtuvo como objetivo conversar acerca de c\u00f3mo dinamizar el sector laboral para que la Argentina vuelva a la senda del crecimiento de la mano del trabajo genuino\u00bb, seg\u00fan se inform\u00f3 en un comunicado del espacio.<br \/>\nLos contactos entre Milei y Barrionuevo se intensificaron despu\u00e9s de las <strong>PASO<\/strong>, e incluso el l\u00edder del gremio de los gastron\u00f3micos consider\u00f3 que el diputado nacional libertario pod\u00eda imponerse en las elecciones previstas para el pr\u00f3ximo 22 de octubre, sin necesidad de recurrir a una segunda vuelta.<br \/>\n\u201cHoy no tengo dudas y lo digo porque lo veo en mis nietos, ya no en mis hijos, sino en mis nietos que ya votan que, como decimos los catamarque\u00f1os, creo que gana en primera vuelta y sin chicote\u201d, hab\u00eda dicho Barrionuevo a fines de agosto en una entrevista con el diario catamarque\u00f1o El Ancasti.Tambi\u00e9n hubo versiones de contactos de Milei con otros dirigentes sindicales, y frente a ello, el secretario adjunto del Sindicato de Camioneros e integrante de la CGT, <strong>Pablo Moyano<\/strong>, advirti\u00f3 que \u00abnunca se reunir\u00eda\u00bb con candidatos que \u00abimpulsen una reforma laboral para quitarles derechos a los trabajadores\u00bb.<\/p>\n<p>Ma\u00f1ana s\u00e1bado, en tanto, Milei visitar\u00e1 la provincia de <strong>Corrientes<\/strong>, donde desde las 18 realizar\u00e1 una caravana proselitista por la avenida Costanera de la capital provincial, seg\u00fan se inform\u00f3 desde su comit\u00e9 de campa\u00f1a.<\/p>\n<h2>Bullrich critic\u00f3 a Milei por su alianza con Barrionuevo: \u00abLa casta la ten\u00e9s adentro\u00bb<\/h2>\n<p>La candidata presidencial de Juntos por el Cambio (JXC), <strong>Patricia Bullrich<\/strong>, cuestion\u00f3 al postulante presidencial de La Libertad Avanza, Javier Milei, por sus acercamientos con el dirigente sindical <strong>Luis Barrionuevo<\/strong> al se\u00f1alar que el libertario \u201ctiene adentro\u201d a la casta que afirma querer combatir.<\/p>\n<p><strong>\u201cSi tu secretario de Trabajo o el que te maneje las obras sociales va ser Barrionuevo, la casta la ten\u00e9s adentro\u201d<\/strong>, dijo Bullrich durante una entrevista radial.<\/p>\n<p>La candidata presidencial apunt\u00f3 que \u201cel peronismo siempre ha actuado de la misma manera y cuando ve algo que le puede competir lo compra, se le mete adentro\u201d.<\/p>\n<p>En este sentido, dijo desconocer si existe un pacto entre el candidato de Uni\u00f3n por la Patria, Sergio Massa, y el postulante ultraderechista a la Presidencia, aunque asegur\u00f3 que de parte de Milei existe <strong>\u201cuna ingenuidad de alguien que no tiene equipos para gobernar la Argentina\u201d.<\/strong><\/p>\n<p><strong>FUENTE: \u00c1MBITO<\/strong><\/p>\n<p><strong>OPERADOR: ANA PAULA CARRASCO<\/strong><\/p>\n<p>La entrada <a href=\"https:\/\/diariod3.com\/inicio\/javier-milei-volvera-a-mostrarse-con-luis-barrionuevo\/\" rel=\"noreferrer noopener\" target=\"_blank\">Javier Milei volver\u00e1 a mostrarse con Luis Barrionuevo<\/a> se public\u00f3 primero en <a href=\"https:\/\/diariod3.com\/inicio\" rel=\"noreferrer noopener\" target=\"_blank\">DIARIO D3 NOTICIAS<\/a>.<\/p>\n","protected":false},"excerpt":{"rendered":"<p>El candidato presidencial de la Libertad Avanza (LLA), Javier Milei, volver\u00e1 a mostrarse hoy con el titular de la Uni\u00f3n de Trabajadores del Turismo, Hoteleros y Gastron\u00f3micos de la Rep\u00fablica Argentina (Uthgra), Luis Barrionuevo, en la recta final de cara a las elecciones 2023. Milei ser\u00e1 el orador principal en un encuentro organizado por el [&hellip;]<\/p>\n","protected":false},"author":2,"featured_media":0,"comment_status":"closed","ping_status":"","sticky":false,"template":"","format":"standard","meta":{"footnotes":""},"categories":[12],"tags":[],"_links":{"self":[{"href":"https:\/\/maxradio923.com.ar\/index.php\/wp-json\/wp\/v2\/posts\/4465"}],"collection":[{"href":"https:\/\/maxradio923.com.ar\/index.php\/wp-json\/wp\/v2\/posts"}],"about":[{"href":"https:\/\/maxradio923.com.ar\/index.php\/wp-json\/wp\/v2\/types\/post"}],"author":[{"embeddable":true,"href":"https:\/\/maxradio923.com.ar\/index.php\/wp-json\/wp\/v2\/users\/2"}],"replies":[{"embeddable":true,"href":"https:\/\/maxradio923.com.ar\/index.php\/wp-json\/wp\/v2\/comments?post=4465"}],"version-history":[{"count":1,"href":"https:\/\/maxradio923.com.ar\/index.php\/wp-json\/wp\/v2\/posts\/4465\/revisions"}],"predecessor-version":[{"id":4489,"href":"https:\/\/maxradio923.com.ar\/index.php\/wp-json\/wp\/v2\/posts\/4465\/revisions\/4489"}],"wp:attachment":[{"href":"https:\/\/maxradio923.com.ar\/index.php\/wp-json\/wp\/v2\/media?parent=4465"}],"wp:term":[{"taxonomy":"category","embeddable":true,"href":"https:\/\/maxradio923.com.ar\/index.php\/wp-json\/wp\/v2\/categories?post=4465"},{"taxonomy":"post_tag","embeddable":true,"href":"https:\/\/maxradio923.com.ar\/index.php\/wp-json\/wp\/v2\/tags?post=4465"}],"curies":[{"name":"wp","href":"https:\/\/api.w.org\/{rel}","templated":true}]}}