{"id":4306,"date":"2023-09-21T10:24:09","date_gmt":"2023-09-21T13:24:09","guid":{"rendered":"https:\/\/maxradio923.com\/index.php\/2023\/09\/21\/organizaciones-sociales-mantienen-el-acampe-frente-a-economia\/"},"modified":"2023-09-21T16:55:04","modified_gmt":"2023-09-21T19:55:04","slug":"organizaciones-sociales-mantienen-el-acampe-frente-a-economia","status":"publish","type":"post","link":"https:\/\/maxradio923.com.ar\/index.php\/2023\/09\/21\/organizaciones-sociales-mantienen-el-acampe-frente-a-economia\/","title":{"rendered":"Organizaciones sociales mantienen el acampe frente a Econom\u00eda"},"content":{"rendered":"<p><img decoding=\"async\" src=\"https:\/\/diariod3.com\/inicio\/wp-content\/uploads\/2023\/09\/64411b64da98a_1200.jpg\"\/><\/p>\n<p>El Frente de Organizaciones en Lucha (FOL) junto a otras agrupaciones sociales<strong> realizan un acampe frente al Ministerio de Econom\u00eda<\/strong>, \u201cen defensa de la urbanizaci\u00f3n de los barrios populares y de los puestos de trabajo\u201d.<\/p>\n<p>La protesta se inici\u00f3 a la medianoche de este jueves, y las organizaciones demandan \u201cla concreci\u00f3n de los legajos t\u00e9cnicos ya firmados, para seguir llevando el agua, la luz, las veredas y dem\u00e1s obras a los barrios populares\u201d.<\/p>\n<p>\u201cAnte la <strong>situaci\u00f3n tan cr\u00edtica para la mayor\u00eda de los trabajadores<\/strong> de la Argentina, las cooperativas de trabajo movilizaremos para defender los puestos de trabajo de cientos de compa\u00f1eros y compa\u00f1eras y por el derecho de los vecinos a que las obras contin\u00faen, para poder recuperar algo, de todos los derechos perdidos\u201d, se se\u00f1al\u00f3 en un comunicado conjunto.<\/p>\n<p>En ese sentido, los organizadores de la protesta reiteraron que <strong>\u201cle reclamar\u00e1n al Ministerio de Econom\u00eda y Desarrollo Social que aprueben los fondos<\/strong> para seguir ejecutando obras en los barrios populares\u201d.<\/p>\n<p>El mi\u00e9rcoles, estas agrupaciones se manifestaron frente al Ministerio de Desarrollo Social y luego se concentraron frente a la sede de la cartera de Econom\u00eda.<\/p>\n<p><strong>FUENTE: TELAM<\/strong><br \/>\n<strong>OPERADOR: ANA PAULA CARRASCO<\/strong><\/p>\n<p>La entrada <a href=\"https:\/\/diariod3.com\/inicio\/organizaciones-sociales-mantienen-el-acampe-frente-a-economia\/\" rel=\"noreferrer noopener\" target=\"_blank\">Organizaciones sociales mantienen el acampe frente a Econom\u00eda<\/a> se public\u00f3 primero en <a href=\"https:\/\/diariod3.com\/inicio\" rel=\"noreferrer noopener\" target=\"_blank\">DIARIO D3 NOTICIAS<\/a>.<\/p>\n","protected":false},"excerpt":{"rendered":"<p>El Frente de Organizaciones en Lucha (FOL) junto a otras agrupaciones sociales realizan un acampe frente al Ministerio de Econom\u00eda, \u201cen defensa de la urbanizaci\u00f3n de los barrios populares y de los puestos de trabajo\u201d. La protesta se inici\u00f3 a la medianoche de este jueves, y las organizaciones demandan \u201cla concreci\u00f3n de los legajos t\u00e9cnicos [&hellip;]<\/p>\n","protected":false},"author":2,"featured_media":0,"comment_status":"closed","ping_status":"","sticky":false,"template":"","format":"standard","meta":{"footnotes":""},"categories":[12],"tags":[],"_links":{"self":[{"href":"https:\/\/maxradio923.com.ar\/index.php\/wp-json\/wp\/v2\/posts\/4306"}],"collection":[{"href":"https:\/\/maxradio923.com.ar\/index.php\/wp-json\/wp\/v2\/posts"}],"about":[{"href":"https:\/\/maxradio923.com.ar\/index.php\/wp-json\/wp\/v2\/types\/post"}],"author":[{"embeddable":true,"href":"https:\/\/maxradio923.com.ar\/index.php\/wp-json\/wp\/v2\/users\/2"}],"replies":[{"embeddable":true,"href":"https:\/\/maxradio923.com.ar\/index.php\/wp-json\/wp\/v2\/comments?post=4306"}],"version-history":[{"count":1,"href":"https:\/\/maxradio923.com.ar\/index.php\/wp-json\/wp\/v2\/posts\/4306\/revisions"}],"predecessor-version":[{"id":4332,"href":"https:\/\/maxradio923.com.ar\/index.php\/wp-json\/wp\/v2\/posts\/4306\/revisions\/4332"}],"wp:attachment":[{"href":"https:\/\/maxradio923.com.ar\/index.php\/wp-json\/wp\/v2\/media?parent=4306"}],"wp:term":[{"taxonomy":"category","embeddable":true,"href":"https:\/\/maxradio923.com.ar\/index.php\/wp-json\/wp\/v2\/categories?post=4306"},{"taxonomy":"post_tag","embeddable":true,"href":"https:\/\/maxradio923.com.ar\/index.php\/wp-json\/wp\/v2\/tags?post=4306"}],"curies":[{"name":"wp","href":"https:\/\/api.w.org\/{rel}","templated":true}]}}