{"id":4304,"date":"2023-09-21T10:24:08","date_gmt":"2023-09-21T13:24:08","guid":{"rendered":"https:\/\/maxradio923.com\/index.php\/2023\/09\/21\/el-financial-times-revelo-quien-es-el-millonario-que-respalda-a-javier-milei\/"},"modified":"2023-09-21T16:55:03","modified_gmt":"2023-09-21T19:55:03","slug":"el-financial-times-revelo-quien-es-el-millonario-que-respalda-a-javier-milei","status":"publish","type":"post","link":"https:\/\/maxradio923.com.ar\/index.php\/2023\/09\/21\/el-financial-times-revelo-quien-es-el-millonario-que-respalda-a-javier-milei\/","title":{"rendered":"El Financial Times revel\u00f3 qui\u00e9n es \u00abel millonario que respalda a Javier Milei\u00bb"},"content":{"rendered":"<p><img decoding=\"async\" src=\"https:\/\/diariod3.com\/inicio\/wp-content\/uploads\/2023\/09\/javier-milei-diputado-argentina-1.png\"\/><\/p>\n<p>Una entrevista del medio The Financial Times, publicada el martes puso la lupa sobre sobre la figura de \u201cel millonario\u201d que respalda al candidato a presidente por <strong>La Libertad Avanza<\/strong>,<strong> Javier Milei<\/strong>, en medio de lo que el mismo diario ingl\u00e9s llama una \u201cola de escepticismo\u201d por parte de la elite empresarial para con el ganador de las elecciones Primarias, Abiertas, Simult\u00e1neas y Obligatorias (PASO).<\/p>\n<p>El art\u00edculo expone detalles detr\u00e1s el v\u00ednculo entre economista libertario y<strong> Eduardo Eurnekian<\/strong>, due\u00f1o de Corporaci\u00f3n Am\u00e9rica. Seg\u00fan reconstruye el peri\u00f3dico brit\u00e1nico, la<strong> relaci\u00f3n comenz\u00f3 desde el plano laboral. <\/strong>El \u201ctit\u00e1n corporativo\u201d, que hizo su fortuna dentro de los medios de comunicaci\u00f3n y en la industria aeron\u00e1utica,<strong> fue jefe de Milei desde 2008 hasta 2021.<\/strong><\/p>\n<p>The Financial Times <strong>tambi\u00e9n<\/strong><strong> marca similitudes entre el empresario y fil\u00e1ntropo de 90 a\u00f1os y el aspirante a la presidencia<\/strong>: \u201cNinguno de los dos fue a escuelas o clubes vinculados a la \u00e9lite argentina. Tampoco est\u00e1n casados. Y ambos son fren\u00e9ticos trabajadores ampliamente conocidos por sus personalidades irascibles\u201d.<\/p>\n<h2>\u00bfQu\u00e9 piensa Eduardo Eurneki\u00e1n de Javier Milei?<\/h2>\n<p>\u201cMilei es un economista, un tecn\u00f3crata. Alguien con propuestas que no son nuevas desde el punto de vista internacional y <strong>en quien conf\u00edo ser\u00e1 el candidato m\u00e1s promercado. Creo que ser\u00eda muy buen presidente<\/strong>\u201d, lo defini\u00f3 el fil\u00e1ntropo argentino de origen armenio en declaraciones al medio ingl\u00e9s.<\/p>\n<p>Luego, respecto de su desempe\u00f1o en lo laboral, el magnate de origen armenio destac\u00f3: \u201cEra muy buen empleado, informado y capacitado, una persona muy ser\u00eda. Su honestidad lo caracterizaba y eso es importante\u201d.<\/p>\n<p>No obstante, se expres\u00f3 <strong>en contra de su propuesta de dolarizaci\u00f3n<\/strong>, a la que calific\u00f3 como <strong>\u201cuna simplificaci\u00f3n\u201d de los problemas de la Argentina<\/strong>. \u201cMe parece rid\u00edculo adoptar el d\u00f3lar solo. Si su intenci\u00f3n [la de Javier Milei] es estabilizar la econom\u00eda, una vez que lo haya logrado \u00bfde qu\u00e9 servir\u00eda dolarizar?\u201d, remarc\u00f3.<\/p>\n<p>El propietario de Corporaci\u00f3n Am\u00e9rica tambi\u00e9n admiti\u00f3 desaprobar \u201cdetalles del comportamiento\u201d del candidato libertario. Entre ellos, tildar a referentes del oficialismo y oposici\u00f3n de \u201casesinos\u201d y lanzar dardos contra el Papa Francisco -Milei lo caracteriz\u00f3 como \u201cel representante del mal\u201d. \u201cFrancisco es un hombre al que respeto y que lucha por la paz\u201d lo reivindic\u00f3.<\/p>\n<p><strong>FUENTE: \u00c1MBITO<\/strong><\/p>\n<p><strong>OPEARDOR: ANA PAULA CARRASCO<\/strong><\/p>\n<p>La entrada <a href=\"https:\/\/diariod3.com\/inicio\/el-financial-times-revelo-quien-es-el-millonario-que-respalda-a-javier-milei\/\" rel=\"noreferrer noopener\" target=\"_blank\">El Financial Times revel\u00f3 qui\u00e9n es \u00abel millonario que respalda a Javier Milei\u00bb<\/a> se public\u00f3 primero en <a href=\"https:\/\/diariod3.com\/inicio\" rel=\"noreferrer noopener\" target=\"_blank\">DIARIO D3 NOTICIAS<\/a>.<\/p>\n","protected":false},"excerpt":{"rendered":"<p>Una entrevista del medio The Financial Times, publicada el martes puso la lupa sobre sobre la figura de \u201cel millonario\u201d que respalda al candidato a presidente por La Libertad Avanza, Javier Milei, en medio de lo que el mismo diario ingl\u00e9s llama una \u201cola de escepticismo\u201d por parte de la elite empresarial para con el [&hellip;]<\/p>\n","protected":false},"author":2,"featured_media":0,"comment_status":"closed","ping_status":"","sticky":false,"template":"","format":"standard","meta":{"footnotes":""},"categories":[12],"tags":[],"_links":{"self":[{"href":"https:\/\/maxradio923.com.ar\/index.php\/wp-json\/wp\/v2\/posts\/4304"}],"collection":[{"href":"https:\/\/maxradio923.com.ar\/index.php\/wp-json\/wp\/v2\/posts"}],"about":[{"href":"https:\/\/maxradio923.com.ar\/index.php\/wp-json\/wp\/v2\/types\/post"}],"author":[{"embeddable":true,"href":"https:\/\/maxradio923.com.ar\/index.php\/wp-json\/wp\/v2\/users\/2"}],"replies":[{"embeddable":true,"href":"https:\/\/maxradio923.com.ar\/index.php\/wp-json\/wp\/v2\/comments?post=4304"}],"version-history":[{"count":1,"href":"https:\/\/maxradio923.com.ar\/index.php\/wp-json\/wp\/v2\/posts\/4304\/revisions"}],"predecessor-version":[{"id":4330,"href":"https:\/\/maxradio923.com.ar\/index.php\/wp-json\/wp\/v2\/posts\/4304\/revisions\/4330"}],"wp:attachment":[{"href":"https:\/\/maxradio923.com.ar\/index.php\/wp-json\/wp\/v2\/media?parent=4304"}],"wp:term":[{"taxonomy":"category","embeddable":true,"href":"https:\/\/maxradio923.com.ar\/index.php\/wp-json\/wp\/v2\/categories?post=4304"},{"taxonomy":"post_tag","embeddable":true,"href":"https:\/\/maxradio923.com.ar\/index.php\/wp-json\/wp\/v2\/tags?post=4304"}],"curies":[{"name":"wp","href":"https:\/\/api.w.org\/{rel}","templated":true}]}}