{"id":4294,"date":"2023-09-21T08:15:11","date_gmt":"2023-09-21T11:15:11","guid":{"rendered":"https:\/\/maxradio923.com\/index.php\/2023\/09\/21\/massa-combino-anuncios-economicos-y-de-seguridad-sus-principales-ejes-de-campana\/"},"modified":"2023-09-21T08:15:11","modified_gmt":"2023-09-21T11:15:11","slug":"massa-combino-anuncios-economicos-y-de-seguridad-sus-principales-ejes-de-campana","status":"publish","type":"post","link":"https:\/\/maxradio923.com.ar\/index.php\/2023\/09\/21\/massa-combino-anuncios-economicos-y-de-seguridad-sus-principales-ejes-de-campana\/","title":{"rendered":"Massa combin\u00f3 anuncios econ\u00f3micos y de seguridad, sus principales ejes de campa\u00f1a"},"content":{"rendered":"<p><img decoding=\"async\" src=\"https:\/\/diariod3.com\/inicio\/wp-content\/uploads\/2023\/09\/650b8d3181cc6_1200.jpg\"\/><\/p>\n<p>El ministro de Econom\u00eda y candidato presidencial de Uni\u00f3n por la Patria (UxP), Sergio Massa, combin\u00f3 este mi\u00e9rcoles sus principales ejes de campa\u00f1a, que son la econom\u00eda y la seguridad, a trav\u00e9s de anuncios para el sector lechero, en el primer caso, y un acuerdo de intercambio de informaci\u00f3n con Estados Unidos, en segundo t\u00e9rmino, mientras el postulante a jefe de Gobierno porte\u00f1o, Leandro Santoro, present\u00f3 sus propuestas para la Ciudad.<\/p>\n<p>Massa hizo el anuncio econ\u00f3mico desde Santa Fe, donde present\u00f3 una suspensi\u00f3n de las retenciones por 90 d\u00edas para los productos l\u00e1cteos, a cambio de congelar los precios del sector por igual per\u00edodo y mantener la rentabilidad de los tamberos.<\/p>\n<p>Fue despu\u00e9s de una reuni\u00f3n que, junto al secretario de Agricultura, Juan Jos\u00e9 Bahillo, mantuvo con representantes de la cadena lechera y funcionarios de las provincias productoras en las instalaciones de la empresa l\u00e1ctea Tremblay, en la localidad santafesina de Pilar.<\/p>\n<blockquote>\n<p>Consultado sobre su proyecto de seguridad, Massa dijo que puede aportar su experiencia como intendente de Tigre con \u00abtres ejes\u00bb, en referencia al \u00abcontrol territorial de los m\u00f3viles de seguridad, la distribuci\u00f3n territorial de los fiscales y acuerdos de colaboraci\u00f3n con las agencias internacionales\u00bb para perseguir el dinero del delito<\/p>\n<\/blockquote>\n<p>Adem\u00e1s, Massa convoc\u00f3 a la cadena l\u00e1ctea a elaborar un plan para el sector a partir del 10 de diciembre.<\/p>\n<figure><img decoding=\"async\" src=\"https:\/\/www.telam.com.ar\/thumbs\/bluesteel\/advf\/imagenes\/2023\/09\/650b8676ac65d_1200.jpg\" alt=\"Foto Osvaldo Fantn\"\/><figcaption>Foto: Osvaldo Fant\u00f3n.<\/figcaption><\/figure>\n<p>Pero la visita a Santa Fe tambi\u00e9n dej\u00f3 otras definiciones pol\u00edticas, porque el candidato presidencial afirm\u00f3 que podr\u00eda convocar al gobernador saliente, Omar Perotti, a una eventual administraci\u00f3n a partir del 10 de diciembre, en l\u00ednea con el objetivo de avanzar en un Gobierno de \u00abunidad nacional\u00bb.<\/p>\n<p>Si bien dijo que podr\u00eda sumarlo, aclar\u00f3 que no tiene definido el lugar que podr\u00eda ocupar Perotti debido a que no anda \u00abrevoleando cargos por ah\u00ed\u00bb porque \u00abes poco serio\u00bb.<\/p>\n<p>Consultado en Santa Fe sobre su proyecto de seguridad, dijo que puede aportar su experiencia como intendente de Tigre con \u00ab<strong>tres ejes\u00bb, en referencia al \u00abcontrol territorial de los m\u00f3viles de seguridad, la distribuci\u00f3n territorial de los fiscales y acuerdos de colaboraci\u00f3n con las agencias internacionales\u00bb para perseguir el dinero del delito.<\/strong><\/p>\n<p>Justamente, luego de su paso por Santa Fe, Massa encabez\u00f3 la firma de un acuerdo con Estados Unidos para combatir delitos trasnacionales como el narcotr\u00e1fico, la trata de personas y el lavado de dinero.<\/p>\n<p>Acompa\u00f1ado por el ministro de Seguridad, An\u00edbal Fern\u00e1ndez, y el embajador estadounidense en Argentina, Marc Stanley, Massa anticip\u00f3 desde el CCK que en 2024 el nivel de intercambio de informaci\u00f3n con ese pa\u00eds<strong> \u00abva a llegar a su m\u00e1xima expresi\u00f3n en t\u00e9rminos de automaticidad en el seguimiento del dinero del delito\u00bb,<\/strong> por lo que, dijo \u00aben ning\u00fan rinc\u00f3n de la Argentina los delincuentes se sentir\u00e1n en paz\u00bb.<\/p>\n<figure><img decoding=\"async\" src=\"https:\/\/www.telam.com.ar\/thumbs\/bluesteel\/advf\/imagenes\/2023\/09\/650b55ccacecf_1200.jpg\" alt=\"Massa junto a Perotti y empresarios del sector lechero Foto Prensa\"\/><figcaption>Massa junto a Perotti y empresarios del sector lechero \/ Foto: Prensa<\/figcaption><\/figure>\n<p>En su discurso, pidi\u00f3 adem\u00e1s al Congreso que \u00abapruebe\u00bb la ley de Declaraci\u00f3n Voluntaria del Ahorro Argentino no Exteriorizado, que empez\u00f3 a discutirse en comisi\u00f3n el mes pasado y que permite, a partir del blanqueo de capitales, \u00abterminar de cerrar el c\u00edrculo para avanzar sobre la persecuci\u00f3n del dinero que se fug\u00f3 de la Argentina\u00bb y que \u00aben muchos casos est\u00e1 vinculado al crimen organizado\u00bb.<\/p>\n<blockquote>\n<p>Massa hizo el anuncio econ\u00f3mico desde Santa Fe, donde present\u00f3 una suspensi\u00f3n de las retenciones por 90 d\u00edas para los productos l\u00e1cteos, a cambio de congelar los precios del sector por igual per\u00edodo y mantener la rentabilidad de los tamberos<\/p>\n<\/blockquote>\n<p>Participaron del acto funcionarios de agencias de seguridad de ambos pa\u00edses, jefes de las fuerzas de seguridad argentinas y autoridades de la Canciller\u00eda.<\/p>\n<p>Massa despleg\u00f3 esta agenda un d\u00eda despu\u00e9s de que la C\u00e1mara de Diputados le diera media sanci\u00f3n al proyecto de ley que elimina el Impuesto a las Ganancias para la cuarta categor\u00eda, en una votaci\u00f3n en la que el oficialismo cont\u00f3 con el apoyo de los legisladores libertarios y de la izquierda, entre otros sectores.<\/p>\n<h2>Tambi\u00e9n Santoro present\u00f3 sus propuestas<\/h2>\n<p>Por su parte, Santoro present\u00f3 sus ideas para \u00ablos 100 primeros d\u00edas\u00bb de gesti\u00f3n con el objetivo de consolidar una \u00ab<strong>una ciudad m\u00e1s humana<\/strong>\u00bb y llam\u00f3 a todos los sectores de UxP a \u00abacompa\u00f1arlo\u00bb para ingresar al balotaje del distrito.<\/p>\n<blockquote>\n<p>Entre los principales ejes de UxP porte\u00f1a se encuentran vacantes en educaci\u00f3n, salud mental a trav\u00e9s de un SAME psiqui\u00e1trico, subte las 24 horas, monitoreo del 100% en seguridad, accesibilidad y facilidades para los alquileres<\/p>\n<\/blockquote>\n<p>Desde el Complejo C, en el barrio porte\u00f1o de Chacarita, el dirigente de origen radical plante\u00f3 que \u00abhay alternativa\u00bb en la Capital Federal y se\u00f1al\u00f3 que elabor\u00f3 su plataforma junto a su equipo \u00abcomo si le tocara gobernar ma\u00f1ana\u00bb.<\/p>\n<p>Entre los principales ejes de UxP porte\u00f1a se encuentran vacantes en educaci\u00f3n, salud mental a trav\u00e9s de un SAME psiqui\u00e1trico, subte las 24 horas, monitoreo del 100% en seguridad, accesibilidad y facilidades para los alquileres.<\/p>\n<p><strong>FUENTE: TELAM<\/strong><br \/>\n<strong>OPEARDOR: ANA PAULA CARRASCO<\/strong><\/p>\n<p>La entrada <a href=\"https:\/\/diariod3.com\/inicio\/massa-combino-anuncios-economicos-y-de-seguridad-sus-principales-ejes-de-campana\/\" rel=\"noreferrer noopener\" target=\"_blank\">Massa combin\u00f3 anuncios econ\u00f3micos y de seguridad, sus principales ejes de campa\u00f1a<\/a> se public\u00f3 primero en <a href=\"https:\/\/diariod3.com\/inicio\" rel=\"noreferrer noopener\" target=\"_blank\">DIARIO D3 NOTICIAS<\/a>.<\/p>\n","protected":false},"excerpt":{"rendered":"<p>El ministro de Econom\u00eda y candidato presidencial de Uni\u00f3n por la Patria (UxP), Sergio Massa, combin\u00f3 este mi\u00e9rcoles sus principales ejes de campa\u00f1a, que son la econom\u00eda y la seguridad, a trav\u00e9s de anuncios para el sector lechero, en el primer caso, y un acuerdo de intercambio de informaci\u00f3n con Estados Unidos, en segundo t\u00e9rmino, [&hellip;]<\/p>\n","protected":false},"author":2,"featured_media":0,"comment_status":"","ping_status":"","sticky":false,"template":"","format":"standard","meta":{"footnotes":""},"categories":[12],"tags":[],"_links":{"self":[{"href":"https:\/\/maxradio923.com.ar\/index.php\/wp-json\/wp\/v2\/posts\/4294"}],"collection":[{"href":"https:\/\/maxradio923.com.ar\/index.php\/wp-json\/wp\/v2\/posts"}],"about":[{"href":"https:\/\/maxradio923.com.ar\/index.php\/wp-json\/wp\/v2\/types\/post"}],"author":[{"embeddable":true,"href":"https:\/\/maxradio923.com.ar\/index.php\/wp-json\/wp\/v2\/users\/2"}],"replies":[{"embeddable":true,"href":"https:\/\/maxradio923.com.ar\/index.php\/wp-json\/wp\/v2\/comments?post=4294"}],"version-history":[{"count":0,"href":"https:\/\/maxradio923.com.ar\/index.php\/wp-json\/wp\/v2\/posts\/4294\/revisions"}],"wp:attachment":[{"href":"https:\/\/maxradio923.com.ar\/index.php\/wp-json\/wp\/v2\/media?parent=4294"}],"wp:term":[{"taxonomy":"category","embeddable":true,"href":"https:\/\/maxradio923.com.ar\/index.php\/wp-json\/wp\/v2\/categories?post=4294"},{"taxonomy":"post_tag","embeddable":true,"href":"https:\/\/maxradio923.com.ar\/index.php\/wp-json\/wp\/v2\/tags?post=4294"}],"curies":[{"name":"wp","href":"https:\/\/api.w.org\/{rel}","templated":true}]}}