{"id":4226,"date":"2023-09-20T19:34:27","date_gmt":"2023-09-20T22:34:27","guid":{"rendered":"https:\/\/maxradio923.com\/index.php\/2023\/09\/20\/bullrich-presento-su-plan-economico-ante-empresarios\/"},"modified":"2023-09-21T01:54:19","modified_gmt":"2023-09-21T04:54:19","slug":"bullrich-presento-su-plan-economico-ante-empresarios","status":"publish","type":"post","link":"https:\/\/maxradio923.com.ar\/index.php\/2023\/09\/20\/bullrich-presento-su-plan-economico-ante-empresarios\/","title":{"rendered":"Bullrich present\u00f3 su plan econ\u00f3mico ante empresarios"},"content":{"rendered":"<p><img decoding=\"async\" src=\"https:\/\/diariod3.com\/inicio\/wp-content\/uploads\/2023\/09\/patricia-bullrich-20230426-1554638webp.webp\"\/><\/p>\n<h2>La candidata presidencial Patricia Bullrich se reuni\u00f3 con directivos de empresas de distintos rubros. Tambi\u00e9n critic\u00f3 a Massa por la eliminaci\u00f3n de Ganancias.<\/h2>\n<p>La candidata presidencial de Juntos por el Cambio, Patricia Bullrich, present\u00f3 este mediod\u00eda su plan econ\u00f3mico ante empresarios, all\u00ed la candidata habl\u00f3 ante directivos de empresas de distintos rubros.<\/p>\n<p>Dentro de sus declaraciones m\u00e1s destacadas, la ex ministra de Seguridad plante\u00f3 frente a los empresarios que \u201cestamos convencidos que la \u00fanica manera real de frenar el caos en el que vivimos es con orden, con un pa\u00eds ordenado\u201d.<\/p>\n<p>En el CICyP est\u00e1n representadas entidades econ\u00f3micas tales como la Sociedad Rural Argentina, la C\u00e1mara Argentina de Comercio, la Bolsa de Comercio, la Uni\u00f3n Industrial Argentina y la C\u00e1mara Argentina de la Construcci\u00f3n.<\/p>\n<p>Tambi\u00e9n, precis\u00f3 que el pr\u00f3ximo presidente debe resolver dos tareas fundamentales: \u201cTenemos tareas fundamentales: estabilizar la econom\u00eda y generar reformas de fondo. Es evidente que no podemos seguir con este parche de una macroeconom\u00eda que ha sido un desastre y en los \u00faltimos d\u00edas estamos viendo un hundimiento peor de las condiciones que vamos a recibir\u201d.<\/p>\n<p>Luego, la candidata presidencial de Juntos por el Cambio detall\u00f3: \u201cEstamos para cambiar Argentina pero no somos aventureros, somos personas con los pies en la tierra, venimos a trabajar en una Argentina que tiene todo pero que los argentinos no tenemos nada, esta es la gran paradoja de nuestro pa\u00eds\u201d.<\/p>\n<p><strong>Las cr\u00edticas de Patricia Bullrich hacia Sergio Massa y Javier Milei por la eliminaci\u00f3n del impuesto a las Ganancias<\/strong><\/p>\n<p>Durante la presentaci\u00f3n de su plan econ\u00f3mico aprovech\u00f3 para criticar al actual ministro de Econom\u00eda por la eliminaci\u00f3n del impuesto a las Ganancias: \u201cTenemos en frente un candidato que en el d\u00eda de ayer en la total y absoluta irresponsabilidad en el pozo profundo en el que estamos agarr\u00f3 una pala y profundiz\u00f3 el pozo, total alguien va a venir a arreglarlo, algo que Argentina se hizo durante tantos a\u00f1os profundizar las crisis, hacer planes de cort\u00edsimo plazo, poner parches que no sirven para nada\u201d.<\/p>\n<p>Por otro lado, Bullrich tambi\u00e9n apunt\u00f3 contra Javier Milei, el candidato de La Libertad Avanza, que ayer en su rol de diputado de la naci\u00f3n dio el qu\u00f3rum y vot\u00f3 a favor del proyecto de Massa: \u201cTambi\u00e9n es un caos no saber que es lo que propone un candidato que dice tener un plan para dolarizar la Argentina, porque no lo voy a imitar a Melconian, no s\u00e9 si habr\u00e1 fideos con tuco ac\u00e1, pero es evidente que la Argentina no sale con formulas m\u00e1gicas\u201d.<\/p>\n<p>Finalmente, adelant\u00f3 que tendr\u00e1 que desarmar muchas de las pol\u00edticas implementadas por el \u00faltimo gobierno pero sostuvo que la tarea fundamental ser\u00e1 \u201cestabilizar la econom\u00eda\u201d y modernizar el Estado. \u201cVamos a recibir problemas, porque si hemos decidido conducir el pa\u00eds es porque estamos en condiciones de solucionarlo del lugar donde lo dejen, sino no me presentar\u00eda a presidenta, uno tiene que sacar el pa\u00eds del lugar donde el pa\u00eds esta\u201d, concluy\u00f3.<\/p>\n<p>Por: Graciela Herrera<\/p>\n<p>La entrada <a href=\"https:\/\/diariod3.com\/inicio\/bullrich-presento-su-plan-economico-ante-empresarios\/\" rel=\"noreferrer noopener\" target=\"_blank\">Bullrich present\u00f3 su plan econ\u00f3mico ante empresarios<\/a> se public\u00f3 primero en <a href=\"https:\/\/diariod3.com\/inicio\" rel=\"noreferrer noopener\" target=\"_blank\">DIARIO D3 NOTICIAS<\/a>.<\/p>\n","protected":false},"excerpt":{"rendered":"<p>La candidata presidencial Patricia Bullrich se reuni\u00f3 con directivos de empresas de distintos rubros. Tambi\u00e9n critic\u00f3 a Massa por la eliminaci\u00f3n de Ganancias. La candidata presidencial de Juntos por el Cambio, Patricia Bullrich, present\u00f3 este mediod\u00eda su plan econ\u00f3mico ante empresarios, all\u00ed la candidata habl\u00f3 ante directivos de empresas de distintos rubros. Dentro de sus [&hellip;]<\/p>\n","protected":false},"author":2,"featured_media":0,"comment_status":"closed","ping_status":"","sticky":false,"template":"","format":"standard","meta":{"footnotes":""},"categories":[12],"tags":[],"_links":{"self":[{"href":"https:\/\/maxradio923.com.ar\/index.php\/wp-json\/wp\/v2\/posts\/4226"}],"collection":[{"href":"https:\/\/maxradio923.com.ar\/index.php\/wp-json\/wp\/v2\/posts"}],"about":[{"href":"https:\/\/maxradio923.com.ar\/index.php\/wp-json\/wp\/v2\/types\/post"}],"author":[{"embeddable":true,"href":"https:\/\/maxradio923.com.ar\/index.php\/wp-json\/wp\/v2\/users\/2"}],"replies":[{"embeddable":true,"href":"https:\/\/maxradio923.com.ar\/index.php\/wp-json\/wp\/v2\/comments?post=4226"}],"version-history":[{"count":1,"href":"https:\/\/maxradio923.com.ar\/index.php\/wp-json\/wp\/v2\/posts\/4226\/revisions"}],"predecessor-version":[{"id":4248,"href":"https:\/\/maxradio923.com.ar\/index.php\/wp-json\/wp\/v2\/posts\/4226\/revisions\/4248"}],"wp:attachment":[{"href":"https:\/\/maxradio923.com.ar\/index.php\/wp-json\/wp\/v2\/media?parent=4226"}],"wp:term":[{"taxonomy":"category","embeddable":true,"href":"https:\/\/maxradio923.com.ar\/index.php\/wp-json\/wp\/v2\/categories?post=4226"},{"taxonomy":"post_tag","embeddable":true,"href":"https:\/\/maxradio923.com.ar\/index.php\/wp-json\/wp\/v2\/tags?post=4226"}],"curies":[{"name":"wp","href":"https:\/\/api.w.org\/{rel}","templated":true}]}}