{"id":4206,"date":"2023-09-20T18:04:11","date_gmt":"2023-09-20T21:04:11","guid":{"rendered":"https:\/\/maxradio923.com\/index.php\/2023\/09\/20\/miguel-bose-conto-que-cuando-lo-asaltaron-y-lo-tomaron-de-rehen-en-mexico-uno-de-los-delincuentes-le-dijo-yo-soy-tu-fan\/"},"modified":"2023-09-20T18:04:11","modified_gmt":"2023-09-20T21:04:11","slug":"miguel-bose-conto-que-cuando-lo-asaltaron-y-lo-tomaron-de-rehen-en-mexico-uno-de-los-delincuentes-le-dijo-yo-soy-tu-fan","status":"publish","type":"post","link":"https:\/\/maxradio923.com.ar\/index.php\/2023\/09\/20\/miguel-bose-conto-que-cuando-lo-asaltaron-y-lo-tomaron-de-rehen-en-mexico-uno-de-los-delincuentes-le-dijo-yo-soy-tu-fan\/","title":{"rendered":"Miguel Bos\u00e9 cont\u00f3 que cuando lo asaltaron y lo tomaron de reh\u00e9n en M\u00e9xico uno de los delincuentes le dijo: &#8220;Yo soy tu fan&#8221;"},"content":{"rendered":"<ul>\n<li>Era el jefe de la pandilla.<\/li>\n<li>Otro de los asaltantes reclam\u00f3 que se sacaran una selfie, pero el ladr\u00f3n no accedi\u00f3.<\/li>\n<\/ul>\n","protected":false},"excerpt":{"rendered":"<p>Era el jefe de la pandilla. Otro de los asaltantes reclam\u00f3 que se sacaran una selfie, pero el ladr\u00f3n no accedi\u00f3.<\/p>\n","protected":false},"author":2,"featured_media":0,"comment_status":"","ping_status":"","sticky":false,"template":"","format":"standard","meta":{"footnotes":""},"categories":[4],"tags":[],"_links":{"self":[{"href":"https:\/\/maxradio923.com.ar\/index.php\/wp-json\/wp\/v2\/posts\/4206"}],"collection":[{"href":"https:\/\/maxradio923.com.ar\/index.php\/wp-json\/wp\/v2\/posts"}],"about":[{"href":"https:\/\/maxradio923.com.ar\/index.php\/wp-json\/wp\/v2\/types\/post"}],"author":[{"embeddable":true,"href":"https:\/\/maxradio923.com.ar\/index.php\/wp-json\/wp\/v2\/users\/2"}],"replies":[{"embeddable":true,"href":"https:\/\/maxradio923.com.ar\/index.php\/wp-json\/wp\/v2\/comments?post=4206"}],"version-history":[{"count":0,"href":"https:\/\/maxradio923.com.ar\/index.php\/wp-json\/wp\/v2\/posts\/4206\/revisions"}],"wp:attachment":[{"href":"https:\/\/maxradio923.com.ar\/index.php\/wp-json\/wp\/v2\/media?parent=4206"}],"wp:term":[{"taxonomy":"category","embeddable":true,"href":"https:\/\/maxradio923.com.ar\/index.php\/wp-json\/wp\/v2\/categories?post=4206"},{"taxonomy":"post_tag","embeddable":true,"href":"https:\/\/maxradio923.com.ar\/index.php\/wp-json\/wp\/v2\/tags?post=4206"}],"curies":[{"name":"wp","href":"https:\/\/api.w.org\/{rel}","templated":true}]}}