{"id":4104,"date":"2023-09-20T00:24:37","date_gmt":"2023-09-20T03:24:37","guid":{"rendered":"https:\/\/maxradio923.com\/index.php\/2023\/09\/20\/la-fisica-y-la-astronomia-se-encuentran-con-la-musica-en-universo-entre-canciones\/"},"modified":"2023-09-20T00:24:37","modified_gmt":"2023-09-20T03:24:37","slug":"la-fisica-y-la-astronomia-se-encuentran-con-la-musica-en-universo-entre-canciones","status":"publish","type":"post","link":"https:\/\/maxradio923.com.ar\/index.php\/2023\/09\/20\/la-fisica-y-la-astronomia-se-encuentran-con-la-musica-en-universo-entre-canciones\/","title":{"rendered":"La f\u00edsica y la astronom\u00eda se encuentran con la m\u00fasica en \u201cUniverso entre canciones\u201d"},"content":{"rendered":"<p><img decoding=\"async\" src=\"https:\/\/diariod3.com\/inicio\/wp-content\/uploads\/2023\/09\/8991da110a7423da1950bcf143d700f7_L.jpg\"\/><br \/>\nEl pr\u00f3ximo martes 26 de septiembre se presentar\u00e1 en Sala Audit\u00f3rium el proyecto que une ciencia y m\u00fasica en una mezcla de g\u00e9neros imperdible. Entrada gratuita con invitaci\u00f3n a retirar por Boleter\u00eda del TB.<\/p>\n<p><a href=\"https:\/\/sisanjuan.b-cdn.net\/media\/k2\/items\/cache\/8991da110a7423da1950bcf143d700f7_XL.jpg\" rel=\"noreferrer noopener\" target=\"_blank\"><img decoding=\"async\" src=\"https:\/\/sisanjuan.b-cdn.net\/media\/k2\/items\/cache\/8991da110a7423da1950bcf143d700f7_L.jpg\" alt=\"La f\u00edsica y la astronom\u00eda se encuentran con la m\u00fasica en \u201cUniverso entre canciones\u201d\"\/><\/a><\/p>\n<p>Un original espect\u00e1culo llegar\u00e1 al Teatro del Bicentenario, que invitar\u00e1 a disfrutar de la inmensidad del cosmos a trav\u00e9s de la m\u00fasica y proyecci\u00f3n de im\u00e1genes. Con esta propuesta, \u201cUniverso entre Canciones\u201d se presentar\u00e1 el pr\u00f3ximo martes 26 de septiembre a las 20:30 hs.<\/p>\n<p>Se trata de un tr\u00edo formado por Jos\u00e9 Edelstein, f\u00edsico te\u00f3rico y escritor, egresado del Instituto Balseiro y la Universidad Nacional de La Plata, Lorena Edelstein, percusionista, guitarrista y docente, y Daniela De Rito, cantante, m\u00fasica y tambi\u00e9n docente.<\/p>\n<p>Este proyecto surgi\u00f3 por la necesidad de comunicar la belleza de la ciencia con una impronta diferente: melod\u00edas rioplatenses, con algunas pinceladas de otros g\u00e9neros, se mezclan con relatos sobre lo que acontece en el lienzo oscuro de la noche.<\/p>\n<p>\u201cEl cosmos de la ciencia es el mismo para cualquier persona que habite el planeta pero la forma de nombrarlo, de narrarlo y de cantarlo, es singular de cada cultura. Este espect\u00e1culo es nuestra manera de pararnos frente a la inmensidad del cielo\u201d, asegura uno de los integrantes del proyecto.<\/p>\n<p>Cabe destacar que este espect\u00e1culo pas\u00f3 por escenarios de Buenos Aires y C\u00f3rdoba y cont\u00f3 con el apoyo del Fondo Nacional de las Artes para la composici\u00f3n de las canciones.<\/p>\n<p>Para esta oportunidad, la entrada ser\u00e1 gratuita con invitaci\u00f3n a retirar por Boleter\u00eda del TB desde el lunes 18 de septiembre, en horario de lunes a viernes de 9 a 13 hs, de 16 a 20, y s\u00e1bados de 10 a 13:30 hs.<\/p>\n<p>La entrada <a href=\"https:\/\/diariod3.com\/inicio\/la-fisica-y-la-astronomia-se-encuentran-con-la-musica-en-universo-entre-canciones\/\" rel=\"noreferrer noopener\" target=\"_blank\">La f\u00edsica y la astronom\u00eda se encuentran con la m\u00fasica en \u201cUniverso entre canciones\u201d<\/a> se public\u00f3 primero en <a href=\"https:\/\/diariod3.com\/inicio\" rel=\"noreferrer noopener\" target=\"_blank\">DIARIO D3 NOTICIAS<\/a>.<\/p>\n","protected":false},"excerpt":{"rendered":"<p>El pr\u00f3ximo martes 26 de septiembre se presentar\u00e1 en Sala Audit\u00f3rium el proyecto que une ciencia y m\u00fasica en una mezcla de g\u00e9neros imperdible. Entrada gratuita con invitaci\u00f3n a retirar por Boleter\u00eda del TB. Un original espect\u00e1culo llegar\u00e1 al Teatro del Bicentenario, que invitar\u00e1 a disfrutar de la inmensidad del cosmos a trav\u00e9s de la [&hellip;]<\/p>\n","protected":false},"author":1,"featured_media":0,"comment_status":"","ping_status":"","sticky":false,"template":"","format":"standard","meta":{"footnotes":""},"categories":[10],"tags":[],"_links":{"self":[{"href":"https:\/\/maxradio923.com.ar\/index.php\/wp-json\/wp\/v2\/posts\/4104"}],"collection":[{"href":"https:\/\/maxradio923.com.ar\/index.php\/wp-json\/wp\/v2\/posts"}],"about":[{"href":"https:\/\/maxradio923.com.ar\/index.php\/wp-json\/wp\/v2\/types\/post"}],"author":[{"embeddable":true,"href":"https:\/\/maxradio923.com.ar\/index.php\/wp-json\/wp\/v2\/users\/1"}],"replies":[{"embeddable":true,"href":"https:\/\/maxradio923.com.ar\/index.php\/wp-json\/wp\/v2\/comments?post=4104"}],"version-history":[{"count":0,"href":"https:\/\/maxradio923.com.ar\/index.php\/wp-json\/wp\/v2\/posts\/4104\/revisions"}],"wp:attachment":[{"href":"https:\/\/maxradio923.com.ar\/index.php\/wp-json\/wp\/v2\/media?parent=4104"}],"wp:term":[{"taxonomy":"category","embeddable":true,"href":"https:\/\/maxradio923.com.ar\/index.php\/wp-json\/wp\/v2\/categories?post=4104"},{"taxonomy":"post_tag","embeddable":true,"href":"https:\/\/maxradio923.com.ar\/index.php\/wp-json\/wp\/v2\/tags?post=4104"}],"curies":[{"name":"wp","href":"https:\/\/api.w.org\/{rel}","templated":true}]}}