{"id":404,"date":"2023-08-25T08:49:38","date_gmt":"2023-08-25T06:49:38","guid":{"rendered":"https:\/\/maxradio923.com\/condenado-a-casi-tres-anos-de-prision-por-robo-agravado-y-agresion-a-un-oficial-de-policia\/"},"modified":"2023-08-28T05:08:35","modified_gmt":"2023-08-28T03:08:35","slug":"condenado-a-casi-tres-anos-de-prision-por-robo-agravado-y-agresion-a-un-oficial-de-policia","status":"publish","type":"post","link":"https:\/\/maxradio923.com.ar\/index.php\/2023\/08\/25\/condenado-a-casi-tres-anos-de-prision-por-robo-agravado-y-agresion-a-un-oficial-de-policia\/","title":{"rendered":"Condenado a casi tres a\u00f1os de prisi\u00f3n por robo agravado y agresi\u00f3n a un oficial de polic\u00eda"},"content":{"rendered":"<p><img decoding=\"async\" src=\"http:\/\/maxradio923.com\/wp-content\/uploads\/2023\/08\/penal1-1.jpg\"\/><\/p>\n<p>En un veredicto que marc\u00f3 el desenlace de un caso que conmocion\u00f3 a la comunidad local, un individuo identificado como Salcedo fue sentenciado a casi tres a\u00f1os de prisi\u00f3n efectiva por su participaci\u00f3n en un robo agravado en el que tambi\u00e9n se involucr\u00f3 a un menor de edad. El incidente, que tuvo lugar el pasado 20 de agosto en un inmueble de Capital, culmin\u00f3 con la resistencia violenta del acusado ante las autoridades.<\/p>\n<p>Seg\u00fan los informes policiales, Salcedo y el menor ingresaron a una residencia en con la intenci\u00f3n de cometer un robo. La r\u00e1pida respuesta de una vecina, quien alert\u00f3 a las autoridades tras escuchar ruidos sospechosos, llev\u00f3 a la intervenci\u00f3n policial en el lugar del suceso. Al llegar al inmueble, los agentes encontraron a los sospechosos en posesi\u00f3n de diversos objetos sustra\u00eddos, incluyendo una computadora, un iPad y una balanza, entre otros.<\/p>\n<p>El menor de edad involucrado fue detenido en el lugar sin mayores incidentes. Sin embargo, la situaci\u00f3n tom\u00f3 un giro violento cuando Salcedo reaccion\u00f3 agresivamente ante la presencia policial. En un intento desesperado por escapar, el acusado arroj\u00f3 piedras a los efectivos y logr\u00f3 saltar un port\u00f3n en su intento de huida. Finalmente, su resistencia fue sofocada por las fuerzas del orden a pocas cuadras del sitio del robo.<\/p>\n<p>La sentencia de 2 a\u00f1os y 11 meses de prisi\u00f3n efectiva impuesta a Salcedo reflej\u00f3 la gravedad del delito cometido y su comportamiento hostil hacia las autoridades. Adem\u00e1s, se destac\u00f3 que su historial delictivo previo contribuy\u00f3 a agravar la pena.<\/p>\n<p>Este caso pone de relieve la importancia de la cooperaci\u00f3n ciudadana y la respuesta r\u00e1pida de las fuerzas policiales en la prevenci\u00f3n y resoluci\u00f3n de delitos. La sentencia tambi\u00e9n subraya el compromiso del sistema judicial en garantizar la seguridad y la justicia para la comunidad.<\/p>\n<p>A medida que Salcedo enfrenta las consecuencias de sus acciones, la comunidad espera que este veredicto sirva como una advertencia para aquellos que consideran involucrarse en actividades criminales.<\/p>\n<p>La entrada Condenado a casi tres a\u00f1os de prisi\u00f3n por robo agravado y agresi\u00f3n a un oficial de polic\u00eda se public\u00f3 primero en DIARIO D3 NOTICIAS.<\/p>\n","protected":false},"excerpt":{"rendered":"<p>En un veredicto que marc\u00f3 el desenlace de un caso que conmocion\u00f3 a la comunidad local, un individuo identificado como Salcedo fue sentenciado a casi tres a\u00f1os de prisi\u00f3n efectiva por su participaci\u00f3n en un robo agravado en el que tambi\u00e9n se involucr\u00f3 a un menor de edad. El incidente, que tuvo lugar el pasado [&hellip;]<\/p>\n","protected":false},"author":1,"featured_media":0,"comment_status":"closed","ping_status":"open","sticky":false,"template":"","format":"standard","meta":{"footnotes":""},"categories":[8],"tags":[],"_links":{"self":[{"href":"https:\/\/maxradio923.com.ar\/index.php\/wp-json\/wp\/v2\/posts\/404"}],"collection":[{"href":"https:\/\/maxradio923.com.ar\/index.php\/wp-json\/wp\/v2\/posts"}],"about":[{"href":"https:\/\/maxradio923.com.ar\/index.php\/wp-json\/wp\/v2\/types\/post"}],"author":[{"embeddable":true,"href":"https:\/\/maxradio923.com.ar\/index.php\/wp-json\/wp\/v2\/users\/1"}],"replies":[{"embeddable":true,"href":"https:\/\/maxradio923.com.ar\/index.php\/wp-json\/wp\/v2\/comments?post=404"}],"version-history":[{"count":0,"href":"https:\/\/maxradio923.com.ar\/index.php\/wp-json\/wp\/v2\/posts\/404\/revisions"}],"wp:attachment":[{"href":"https:\/\/maxradio923.com.ar\/index.php\/wp-json\/wp\/v2\/media?parent=404"}],"wp:term":[{"taxonomy":"category","embeddable":true,"href":"https:\/\/maxradio923.com.ar\/index.php\/wp-json\/wp\/v2\/categories?post=404"},{"taxonomy":"post_tag","embeddable":true,"href":"https:\/\/maxradio923.com.ar\/index.php\/wp-json\/wp\/v2\/tags?post=404"}],"curies":[{"name":"wp","href":"https:\/\/api.w.org\/{rel}","templated":true}]}}