{"id":40,"date":"2023-08-25T08:52:12","date_gmt":"2023-08-25T06:52:12","guid":{"rendered":"https:\/\/maxradio923.com\/privatizar-ypf-seria-regalar-el-patrimonio-de-los-argentinos\/"},"modified":"2023-08-25T08:52:12","modified_gmt":"2023-08-25T06:52:12","slug":"privatizar-ypf-seria-regalar-el-patrimonio-de-los-argentinos","status":"publish","type":"post","link":"https:\/\/maxradio923.com.ar\/index.php\/2023\/08\/25\/privatizar-ypf-seria-regalar-el-patrimonio-de-los-argentinos\/","title":{"rendered":"\u00abPrivatizar YPF ser\u00eda regalar el patrimonio de los argentinos\u00bb"},"content":{"rendered":"<p><img decoding=\"async\" src=\"http:\/\/maxradio923.com\/wp-content\/uploads\/2023\/08\/pablo-gonzalez-1.jpg\"\/>     El presidente de la energ\u00e9tica destac\u00f3 que \u201cYPF tiene cinco mil registros de PyMEs proveedoras con las que interactuamos y a las que acercamos herramientas de capacitaci\u00f3n t\u00e9cnica y de gesti\u00f3n\u00bb.                          <\/p>\n<figure><img decoding=\"async\" src=\"http:\/\/maxradio923.com\/wp-content\/uploads\/2023\/08\/64a48f2f8e6f3_1200.jpg\" alt=\"Ningn pas entrega sus recursos estratgicos seal Gonzlez Foto Prensa Economa \"\/><figcaption>\u201cNing\u00fan pa\u00eds entrega sus recursos estrat\u00e9gicos\u00bb, se\u00f1al\u00f3 Gonz\u00e1lez. Foto: Prensa Econom\u00eda.<\/figcaption><\/figure>\n<p>El presidente de YPF, Pablo Gonz\u00e1lez, afirm\u00f3 este jueves que <strong>\u00abprivatizar YPF ser\u00eda regalar el patrimonio de los argentinos\u00bb, <\/strong>al defender la administraci\u00f3n mixta de la petrolera, en el 4\u00b0 Congreso Industrial del Consenso Nacional del Trabajo y la Producci\u00f3n.<\/p>\n<p>En su alocuci\u00f3n durante la segunda jornada del evento que se desarrolla en La Rural, Gonz\u00e1lez destac\u00f3 que \u201cYPF tiene cinco mil registros de PyMEs proveedoras con las que interactuamos y a las que acercamos herramientas de capacitaci\u00f3n t\u00e9cnica y de gesti\u00f3n\u00bb.<\/p>\n<p><strong>\u201cTenemos varios proyectos grandes de infraestructura: Vaca Muerta Norte, un oleoducto que va a conectar con el otro oleoducto que va a Chile, y Vaca Muerta Sur, que va a generar miles y miles de puestos de trabajo\u201d,<\/strong> indic\u00f3.<\/p>\n<blockquote>\n<p>\u201cEspero que todos los espacios pol\u00edticos sean conscientes de que el GNL tiene que ser pol\u00edtica de Estado. Es un recurso que va a generar trabajo genuino y permitir\u00e1 el ingreso de 10 mil millones de d\u00f3lares\u00bb<cite>Pablo Gonz\u00e1lez<\/cite><\/p>\n<\/blockquote>\n<p>Asimismo, enumer\u00f3 sus logros de gesti\u00f3n y remarc\u00f3 que la empresa \u201cest\u00e1 en una situaci\u00f3n much\u00edsimo mejor que hace siete a\u00f1os: Empujados por Vaca Muerta, aumentamos nuestra producci\u00f3n de barriles no convencionales en 8% interanual y el valor de nuestras acciones subieron 200% en d\u00f3lares\u00bb.<\/p>\n<p>Adem\u00e1s, cont\u00f3 que \u201cel presidente de la Bolsa de Hong Kong nos invit\u00f3 a cotizar all\u00ed\u201d.<\/p>\n<p>En otro tramo de su disertaci\u00f3n, defendi\u00f3 la actual administraci\u00f3n de la petrolera y resalt\u00f3 que \u201chay que seguir con este modelo 51% del Estado y 49% de privados\u201d y agreg\u00f3: \u201cYPF tiene la posibilidad de ser el motor de crecimiento de la Argentina\u201d, agreg\u00f3.En este punto, indic\u00f3 que \u201cprivatizar YPF ser\u00eda regalar el patrimonio de los argentinos\u201d.<\/p>\n<figure><img decoding=\"async\" src=\"http:\/\/maxradio923.com\/wp-content\/uploads\/2023\/08\/64ca4b326b1fb_1200.jpg\" alt=\"Hay que seguir con este modelo 51 del Estado y 49 de privados insisti el Presidente de YPF \"\/><figcaption>\u201cHay que seguir con este modelo 51% del Estado y 49% de privados\u201d insisti\u00f3 el Presidente de YPF.<\/figcaption><\/figure>\n<p>\u201cNing\u00fan pa\u00eds entrega sus recursos estrat\u00e9gicos: que vayan a Arabia Saudita o a Qatar y digan que quieren privatizar el petr\u00f3leo a ver qu\u00e9 les dicen\u201d, ironiz\u00f3.<\/p>\n<p>Tambi\u00e9n se sum\u00f3 al pedido de las PyMEs para que se sancione la ley de GNL y remarc\u00f3 que \u201cel hidrocarburo no es un commodity, es un bien estrat\u00e9gico nacional\u201d.Adem\u00e1s, sostuvo que esa normativa \u201cva a generar la seguridad jur\u00eddica necesaria para garantizar inversiones\u201d.<\/p>\n<p>\u201c<strong>Espero que todos los espacios pol\u00edticos sean conscientes de que el GNL tiene que ser pol\u00edtica de Estado. Es un recurso que va a generar trabajo genuino y permitir\u00e1 el ingreso de 10 mil millones de d\u00f3lares. Adem\u00e1s a trav\u00e9s de la producci\u00f3n offshore, puede ayudarnos a duplicar la producci\u00f3n actual de YPF<\/strong>\u201d, complet\u00f3.<\/p>\n<figure><img decoding=\"async\" src=\"http:\/\/maxradio923.com\/wp-content\/uploads\/2023\/08\/63dd2b98d94a8_1200.jpg\" alt=\"Foto Prensa \"\/><figcaption>Foto: Prensa.<\/figcaption><\/figure>\n<p>Junto al presidente de Industriales PyMEs Argentinos (IPA), Daniel Rosato, encabezaron la charla \u201cInserci\u00f3n de PyMEs industriales dentro del plan de desarrollo de proveedores de YPF\u201d.<\/p>\n<p>Durante la presentaci\u00f3n, Rosato destac\u00f3 el impacto positivo en las PyMEs de la gesti\u00f3n actual de YPF y afirm\u00f3 que \u201cnuestra petrolera de bandera est\u00e1 nuevamente insertada en el mundo\u201d.<\/p>\n<p>\u201cNuestra mayor preocupaci\u00f3n es lo que puede venir porque estamos escuchando a ciertos candidatos a presidencia que hablan de una apertura de la econom\u00eda, de privatizaciones, de situaciones que a las PyMEs nos va a perjudicar; ya vivimos esa experiencia y sabemos c\u00f3mo termina\u201d, puntualiz\u00f3.<\/p>\n<p>La entrada \u00abPrivatizar YPF ser\u00eda regalar el patrimonio de los argentinos\u00bb se public\u00f3 primero en DIARIO D3 NOTICIAS.<\/p>\n","protected":false},"excerpt":{"rendered":"<p>El presidente de la energ\u00e9tica destac\u00f3 que \u201cYPF tiene cinco mil registros de PyMEs proveedoras con las que interactuamos y a las que acercamos herramientas de capacitaci\u00f3n t\u00e9cnica y de gesti\u00f3n\u00bb. \u201cNing\u00fan pa\u00eds entrega sus recursos estrat\u00e9gicos\u00bb, se\u00f1al\u00f3 Gonz\u00e1lez. Foto: Prensa Econom\u00eda. El presidente de YPF, Pablo Gonz\u00e1lez, afirm\u00f3 este jueves que \u00abprivatizar YPF ser\u00eda regalar el patrimonio de los argentinos\u00bb, al defender la administraci\u00f3n mixta de la petrolera, en el 4\u00b0 Congreso Industrial del Consenso Nacional del Trabajo y la Producci\u00f3n.<br \/>\n En su alocuci\u00f3n durante la segunda jornada del evento que se desarrolla en La Rural, Gonz\u00e1lez destac\u00f3 que \u201cYPF tiene cinco mil registros de PyMEs proveedoras con las que interactuamos y a las que acercamos herramientas de capacitaci\u00f3n t\u00e9cnica y de gesti\u00f3n\u00bb.<br \/>\n \u201cTenemos varios proyectos grandes de infraestructura: Vaca Muerta Norte, un oleoducto que va a conectar con el otro oleoducto que va a Chile, y Vaca Muerta Sur, que va a generar miles y miles de pue..<\/p>\n","protected":false},"author":1,"featured_media":0,"comment_status":"closed","ping_status":"open","sticky":false,"template":"","format":"standard","meta":{"footnotes":""},"categories":[2],"tags":[],"_links":{"self":[{"href":"https:\/\/maxradio923.com.ar\/index.php\/wp-json\/wp\/v2\/posts\/40"}],"collection":[{"href":"https:\/\/maxradio923.com.ar\/index.php\/wp-json\/wp\/v2\/posts"}],"about":[{"href":"https:\/\/maxradio923.com.ar\/index.php\/wp-json\/wp\/v2\/types\/post"}],"author":[{"embeddable":true,"href":"https:\/\/maxradio923.com.ar\/index.php\/wp-json\/wp\/v2\/users\/1"}],"replies":[{"embeddable":true,"href":"https:\/\/maxradio923.com.ar\/index.php\/wp-json\/wp\/v2\/comments?post=40"}],"version-history":[{"count":0,"href":"https:\/\/maxradio923.com.ar\/index.php\/wp-json\/wp\/v2\/posts\/40\/revisions"}],"wp:attachment":[{"href":"https:\/\/maxradio923.com.ar\/index.php\/wp-json\/wp\/v2\/media?parent=40"}],"wp:term":[{"taxonomy":"category","embeddable":true,"href":"https:\/\/maxradio923.com.ar\/index.php\/wp-json\/wp\/v2\/categories?post=40"},{"taxonomy":"post_tag","embeddable":true,"href":"https:\/\/maxradio923.com.ar\/index.php\/wp-json\/wp\/v2\/tags?post=40"}],"curies":[{"name":"wp","href":"https:\/\/api.w.org\/{rel}","templated":true}]}}