{"id":393,"date":"2023-08-25T08:56:39","date_gmt":"2023-08-25T06:56:39","guid":{"rendered":"https:\/\/maxradio923.com\/caso-colegio-lujan-no-es-del-acusado-el-adn-encontrado-en-la-prenda-de-la-victima\/"},"modified":"2023-08-28T05:08:28","modified_gmt":"2023-08-28T03:08:28","slug":"caso-colegio-lujan-no-es-del-acusado-el-adn-encontrado-en-la-prenda-de-la-victima","status":"publish","type":"post","link":"https:\/\/maxradio923.com.ar\/index.php\/2023\/08\/25\/caso-colegio-lujan-no-es-del-acusado-el-adn-encontrado-en-la-prenda-de-la-victima\/","title":{"rendered":"Caso Colegio Luj\u00e1n: no es del acusado el ADN encontrado en la prenda de la v\u00edctima"},"content":{"rendered":"<p><img decoding=\"async\" src=\"http:\/\/maxradio923.com\/wp-content\/uploads\/2023\/08\/Colegio-Lujan-500x279-1-1.png\"\/>                <\/p>\n<p>Se hizo una pericia gen\u00e9tica en la sangre que fue hallada en la prenda \u00edntima de la v\u00edctima. En la sangre, hubo restos de otro hombre (al tratarse de un gen\u00f3ma Y, se presume que es hombre), pero no es del acusado Lucas Salinas, quien mantiene su prisi\u00f3n preventiva en el marco de la investigaci\u00f3n.<\/p>\n<p>               <img decoding=\"async\" src=\"http:\/\/maxradio923.com\/wp-content\/uploads\/2023\/08\/horacio-bedinijpg.jpg\"\/>   <\/p>\n<p>Seg\u00fan declar\u00f3 el abogado defensor, Reynaldo Bedini, \u00abla prueba encontrada es concluyente porque las lesiones de la ni\u00f1a fueron halladas en la cintura y en la parte p\u00e9lvica y no en los genitales\u00bb. La postura de la defensa es concreta. \u00abNo hay evidencia de lesiones genitales\u00bb, por lo cual, esta situaci\u00f3n se \u00abalejar\u00eda\u00bb de una condena a su imputado.<\/p>\n<p>\u00abEn el momento del sangrado estuvo en contacto con un hombre que no fue mi defendido\u00bb, dijo Bedini. En este marco, el defensor pedir\u00e1 el sobreseimiento de Lucas Salinas y su liberaci\u00f3n inmediata. \u00abEsta prueba es fundamental. La viene ofreciendo nuestro cliente, muestra que hay material gen\u00e9tico masculino, pero no es suyo\u00bb, dijo la abogada, Paola Ib\u00e1\u00f1ez.<\/p>\n<p>OPERADOR: EUGENIA VILA<\/p>\n<p>La entrada Caso Colegio Luj\u00e1n: no es del acusado el ADN encontrado en la prenda de la v\u00edctima se public\u00f3 primero en DIARIO D3 NOTICIAS.<\/p>\n","protected":false},"excerpt":{"rendered":"<p>Se hizo una pericia gen\u00e9tica en la sangre que fue hallada en la prenda \u00edntima de la v\u00edctima. En la sangre, hubo restos de otro hombre (al tratarse de un gen\u00f3ma Y, se presume que es hombre), pero no es del acusado Lucas Salinas, quien mantiene su prisi\u00f3n preventiva en el marco de la investigaci\u00f3n. [&hellip;]<\/p>\n","protected":false},"author":1,"featured_media":0,"comment_status":"closed","ping_status":"open","sticky":false,"template":"","format":"standard","meta":{"footnotes":""},"categories":[8],"tags":[],"_links":{"self":[{"href":"https:\/\/maxradio923.com.ar\/index.php\/wp-json\/wp\/v2\/posts\/393"}],"collection":[{"href":"https:\/\/maxradio923.com.ar\/index.php\/wp-json\/wp\/v2\/posts"}],"about":[{"href":"https:\/\/maxradio923.com.ar\/index.php\/wp-json\/wp\/v2\/types\/post"}],"author":[{"embeddable":true,"href":"https:\/\/maxradio923.com.ar\/index.php\/wp-json\/wp\/v2\/users\/1"}],"replies":[{"embeddable":true,"href":"https:\/\/maxradio923.com.ar\/index.php\/wp-json\/wp\/v2\/comments?post=393"}],"version-history":[{"count":0,"href":"https:\/\/maxradio923.com.ar\/index.php\/wp-json\/wp\/v2\/posts\/393\/revisions"}],"wp:attachment":[{"href":"https:\/\/maxradio923.com.ar\/index.php\/wp-json\/wp\/v2\/media?parent=393"}],"wp:term":[{"taxonomy":"category","embeddable":true,"href":"https:\/\/maxradio923.com.ar\/index.php\/wp-json\/wp\/v2\/categories?post=393"},{"taxonomy":"post_tag","embeddable":true,"href":"https:\/\/maxradio923.com.ar\/index.php\/wp-json\/wp\/v2\/tags?post=393"}],"curies":[{"name":"wp","href":"https:\/\/api.w.org\/{rel}","templated":true}]}}