{"id":3876,"date":"2023-09-18T19:04:03","date_gmt":"2023-09-18T22:04:03","guid":{"rendered":"https:\/\/maxradio923.com\/index.php\/2023\/09\/18\/maximo-kirchner-pidio-que-reaparezca-cristina-kirchner-y-busca-apagar-la-interna-con-axel-kicillof\/"},"modified":"2023-09-19T07:34:09","modified_gmt":"2023-09-19T10:34:09","slug":"maximo-kirchner-pidio-que-reaparezca-cristina-kirchner-y-busca-apagar-la-interna-con-axel-kicillof","status":"publish","type":"post","link":"https:\/\/maxradio923.com.ar\/index.php\/2023\/09\/18\/maximo-kirchner-pidio-que-reaparezca-cristina-kirchner-y-busca-apagar-la-interna-con-axel-kicillof\/","title":{"rendered":"M\u00e1ximo Kirchner pidi\u00f3 que reaparezca Cristina Kirchner y busca apagar la interna con Axel Kicillof"},"content":{"rendered":"<p><img decoding=\"async\" src=\"https:\/\/diariod3.com\/inicio\/wp-content\/uploads\/2023\/09\/MoWw6lR2D_720x0__1.webp\"\/><\/p>\n<h2>El candidato a diputado nacional sepult\u00f3 la disputa con el gobernador, pero le pidi\u00f3 a la Vicepresidenta que hable en p\u00fablico. Entre el PJ y La C\u00e1mpora, el dirigente muestra su estructura propia para la campa\u00f1a.<\/h2>\n<p>M\u00e1ximo Kirchner dej\u00f3 pasar el tiempo. Luego de la derrota de Uni\u00f3n por la Patria en las elecciones Primarias que dej\u00f3 al libertario Javier Milei como el gran ganador, el jefe de La C\u00e1mpora y presidente del PJ bonaerense se guard\u00f3 en silencio p\u00fablico hasta la semana pasada cuando encabez\u00f3 una reuni\u00f3n del Partido Justicialista y dej\u00f3 un t\u00edtulo para ponerle pausa a la \u201cnueva canci\u00f3n\u201d que hab\u00eda pedido componer el gobernador bonaerense Axel Kicillof. \u201cNo me dedico a la m\u00fasica, soy militante\u201d, dijo. Kirchner reactiv\u00f3 su propia maquinaria para marcar presencia -y rigor- en la campa\u00f1a de Uni\u00f3n por la Patria.<\/p>\n<p>El primer candidato a diputado nacional de UP por la provincia de Buenos Aires le puso play a su propia canci\u00f3n, que sigue siendo m\u00e1s o menos la misma: reunirse con diferentes sectores del peronismo y bajar un mensaje de qu\u00e9 se juega en esa elecci\u00f3n. En el medio est\u00e1 el c\u00f3mo.<\/p>\n<p>En el entorno del diputado nacional aseguran que despu\u00e9s de la elecci\u00f3n de agosto sigui\u00f3 \u201cescuchando y manteniendo reuniones con compa\u00f1eros\u201d. Destacan que \u201cllega temprano al Congreso y se va tarde\u201d y en el medio suceden los encuentros. Desde concejales a dirigentes de peso, como por ejemplo el ex intendente de Florencio Varela, Julio Pereyra, que fue uno de los participantes en los \u00faltimos d\u00edas de dichas reuniones de car\u00e1cter cerrado, pos PASO.<\/p>\n<p>Desde ese momento, el jefe de La C\u00e1mpora estuvo junto a Massa y la c\u00fapula sindical en lo que fue el anuncio del ministro de Econom\u00eda de la suba del del piso del m\u00ednimo no imponible para el pago de Ganancias, volvi\u00f3 a reunir al consejo partidario del PJ bonaerense y encabez\u00f3 una in\u00e9dita e inusual conferencia de prensa posterior en la que, adem\u00e1s de contestar que \u00e9l no era m\u00fasico, tambi\u00e9n desliz\u00f3 que no le sorprend\u00eda el \u201cfen\u00f3meno Milei\u201d y que el libertario era \u201chijo del endeudamiento con el FMI\u201d, y le dedic\u00f3 varios pasajes al organismo.<\/p>\n<p>\u201cSi la Argentina no recupera un continente econ\u00f3mico previsible que la saque de discusiones trimestrales con el FMI se hace dif\u00edcil y ustedes lo saben bien, el lunes ganaban un 20% m\u00e1s, y despu\u00e9s de que el FMI impone una devaluaci\u00f3n producto de la situaci\u00f3n de debilidad del extravagante endeudamiento, esto hizo que las argentinas y los argentinos su trabajo valiera menos. Y eso no se decidi\u00f3 en Argentina\u201d, plante\u00f3 d\u00edas atr\u00e1s.<\/p>\n<p>Luego de esto, fue a La Matanza y visit\u00f3 la parroquia San Jos\u00e9, a cargo del Padre \u201cTano\u201d Angelotti. El enlace con ese territorio es Facundo Tignanelli, un dirigente de La C\u00e1mpora de La Matanza que actualmente es uno de los apoderados del PJ bonaerense y mano derecha de Kirchner en el esquema pol\u00edtico del diputado nacional. La parroquia San Jos\u00e9 viene trabajando en la construcci\u00f3n del Parque de Desarrollo Humano Integral. El espacio que recorrieron Kirchner y Tignanelli incluyen la construcci\u00f3n de un centro de salud y atenci\u00f3n de pol\u00edticas p\u00fablicas, la Casa de la ni\u00f1ez, la casa de los abuelos, la casa de la mujer, el natatorio, una escuela para chicos y chicas con discapacidades, el Estadio Club, Playones deportivos y una Plaza para recreaci\u00f3n comunitaria.<\/p>\n<p>Hoy por hoy, el hijo de la Vicepresidenta se encuentra en sinton\u00eda con Massa. \u201cLa discusi\u00f3n ha encontrado un ducto para mejorar la calidad de vida a sectores que aparte vienen de perder el 20% del poder adquisitivo\u201d, dijo sobre los anuncios, y agreg\u00f3: \u201cEs una mano. Sabemos que hay sectores m\u00e1s urgentes a los que hay que prestarles atenci\u00f3n y debemos trabajar en eso\u201d.<\/p>\n<p>Este martes, seg\u00fan se pudo saber el diputado nacional tendr\u00e1 un papel activo en la sesi\u00f3n en la que el oficialismo buscar\u00e1 votar los cambios en Ganancias y la creaci\u00f3n de nuevas universidades nacionales.<\/p>\n<p>Antes, volver\u00e1 a mostrarse activo en el tren de campa\u00f1a por el conurbano con una visita a la feria del libro en el distrito de Merlo donde estar\u00e1 acompa\u00f1ado por el intendente Gustavo Men\u00e9ndez, que en el mediod\u00eda de este lunes recibi\u00f3 al gobernador bonaerense.<\/p>\n<p>Al igual que el gobernador, Kirchner quiere dejar de lado el contrapunto por la canci\u00f3n. La lectura de distintos dirigentes es que irrumpi\u00f3 una discusi\u00f3n que se adelant\u00f3 al tiempo pol\u00edtico que se est\u00e1 atravesando. Traducido: que ese debate es para despu\u00e9s de las elecciones. Por eso, el s\u00e1bado \u00faltimo, durante un plenario de la rama sindical del PJ bonaerense, Kirchner plante\u00f3 que hay que construir la victoria electoral de Sergio Massa en Naci\u00f3n y de Kicillof en PBA. \u201cEl 22 de octubre desde el peronismo vamos a construir el triunfo de Massa y Axel en la provincia de Buenos Aires y vamos a potenciar la nacional para entrar en el balotaje, ganar y construir con Sergio el futuro de la Argentina por los pr\u00f3ximos 4 a\u00f1os\u201d, dijo.<\/p>\n<p>Ese textual se repetir\u00eda horas m\u00e1s tarde cuando, en Avellaneda, particip\u00f3 del encuentro militante \u201cAteneo Cristina Conducci\u00f3n\u201d; organizado por el senador bonaerense Emmanuel Gonz\u00e1lez Santalla, que es el referente de La C\u00e1mpora en el distrito donde gobierna el intendente K, Jorge Ferraresi. \u201cEl candidato es el candidato de Uni\u00f3n por la Patria, Sergio Massa, y con el esfuerzo y compromiso de todos y todas vamos a ganar la provincia con Axel, vamos a ganar la Argentina y vamos a ganar Avellaneda\u201d, fue el mensaje que baj\u00f3 ante un p\u00fablico meramente propio. All\u00ed, tambi\u00e9n inst\u00f3 a la militancia a \u201cbrindarle toda la informaci\u00f3n necesaria\u201d a la sociedad para que en octubre se termine inclinando por la boleta de UP.<\/p>\n<p>De esa reuni\u00f3n en Avellaneda, su equipo de comunicaci\u00f3n se encarg\u00f3 de armar un video en el que el diputado nacional interact\u00faa con una militante que le pregunta por su madre. Entonces, Kirchner traslada esa pregunta a un grupo m\u00e1s grande de seguidores que contestan que s\u00ed, que quieren ver a la Vicepresidenta. \u201cCompa\u00f1era\u2026va a tener que hablar, eh!\u201d, desliza mirando a c\u00e1mara el jefe de La C\u00e1mpora.<\/p>\n<p>La mayor presencia de la ex presidenta es relevante para su hijo. Ya lo hab\u00eda planteado al inicio de la campa\u00f1a en las PASO durante un acto en Hurlingham. Ahora lo reafirm\u00f3. \u201cSiempre es bueno escucharla y que est\u00e9 presente, aunque lo est\u00e9 desde su lugar\u201d. agregan en el entorno del candidato a diputado nacional.<\/p>\n<p>Hasta el momento, las apariciones p\u00fablicas de CFK han sido en ocasiones particulares y vinculadas a alguna acci\u00f3n de gesti\u00f3n, como la inauguraci\u00f3n del Gasoducto N\u00e9stor Kirchner o el acto en Aeroparque por la recuperaci\u00f3n del avi\u00f3n Skyvan PA-51, utilizado durante la dictadura c\u00edvico militar para los llamados \u201cvuelos de la muerte\u201d de la ESMA. Ocasiones en las que comparti\u00f3 escenario con Massa.<\/p>\n<p>\u201cVer\u00e1 c\u00f3mo lo hace\u201d, dijo Kirchner sobre la presencia de su madre en la campa\u00f1a. Agreg\u00f3 que \u201cseguramente lo va a hacer\u201d y que \u201cencontrar\u00e1 sus tiempos\u201d, aclarando adem\u00e1s que \u201ctampoco es la candidata\u201d.<\/p>\n<p>El pr\u00f3ximo 27 de septiembre, un sector de UP organizar\u00e1 un acto en el municipio de Ensenada. El diputado nacional no est\u00e1 a cargo de los pormenores de la organizaci\u00f3n. Ese asunto corre por cuenta de la llamada \u201cMesa de Ensenada\u201d, un espacio dirigencial que comandan los intendentes Mario Secco (Ensenada), Jorge Ferraresi (Avellaneda) y el ministro de Desarrollo de la Comunidad de la provincia de Buenos Aires, Andr\u00e9s \u201cCuervo\u201d Larroque. Kirchner no tiene poder de decisi\u00f3n, aunque s\u00ed es fuente de consulta. El jefe del PJ bonaerense est\u00e1 invitado al acto -que se arm\u00f3 para respaldar las candidaturas de Kicillof y Massa- y es casi un hecho que asistir\u00e1.<\/p>\n<p>Fuente: INFOBAE<\/p>\n<p>Por: Graciela Herrera<\/p>\n<p>La entrada <a href=\"https:\/\/diariod3.com\/inicio\/maximo-kirchner-pidio-que-reaparezca-cristina-kirchner-y-busca-apagar-la-interna-con-axel-kicillof\/\" rel=\"noreferrer noopener\" target=\"_blank\">M\u00e1ximo Kirchner pidi\u00f3 que reaparezca Cristina Kirchner y busca apagar la interna con Axel Kicillof<\/a> se public\u00f3 primero en <a href=\"https:\/\/diariod3.com\/inicio\" rel=\"noreferrer noopener\" target=\"_blank\">DIARIO D3 NOTICIAS<\/a>.<\/p>\n","protected":false},"excerpt":{"rendered":"<p>El candidato a diputado nacional sepult\u00f3 la disputa con el gobernador, pero le pidi\u00f3 a la Vicepresidenta que hable en p\u00fablico. Entre el PJ y La C\u00e1mpora, el dirigente muestra su estructura propia para la campa\u00f1a. M\u00e1ximo Kirchner dej\u00f3 pasar el tiempo. Luego de la derrota de Uni\u00f3n por la Patria en las elecciones Primarias [&hellip;]<\/p>\n","protected":false},"author":2,"featured_media":3951,"comment_status":"closed","ping_status":"","sticky":false,"template":"","format":"standard","meta":{"footnotes":""},"categories":[12],"tags":[],"_links":{"self":[{"href":"https:\/\/maxradio923.com.ar\/index.php\/wp-json\/wp\/v2\/posts\/3876"}],"collection":[{"href":"https:\/\/maxradio923.com.ar\/index.php\/wp-json\/wp\/v2\/posts"}],"about":[{"href":"https:\/\/maxradio923.com.ar\/index.php\/wp-json\/wp\/v2\/types\/post"}],"author":[{"embeddable":true,"href":"https:\/\/maxradio923.com.ar\/index.php\/wp-json\/wp\/v2\/users\/2"}],"replies":[{"embeddable":true,"href":"https:\/\/maxradio923.com.ar\/index.php\/wp-json\/wp\/v2\/comments?post=3876"}],"version-history":[{"count":1,"href":"https:\/\/maxradio923.com.ar\/index.php\/wp-json\/wp\/v2\/posts\/3876\/revisions"}],"predecessor-version":[{"id":3894,"href":"https:\/\/maxradio923.com.ar\/index.php\/wp-json\/wp\/v2\/posts\/3876\/revisions\/3894"}],"wp:featuredmedia":[{"embeddable":true,"href":"https:\/\/maxradio923.com.ar\/index.php\/wp-json\/wp\/v2\/media\/3951"}],"wp:attachment":[{"href":"https:\/\/maxradio923.com.ar\/index.php\/wp-json\/wp\/v2\/media?parent=3876"}],"wp:term":[{"taxonomy":"category","embeddable":true,"href":"https:\/\/maxradio923.com.ar\/index.php\/wp-json\/wp\/v2\/categories?post=3876"},{"taxonomy":"post_tag","embeddable":true,"href":"https:\/\/maxradio923.com.ar\/index.php\/wp-json\/wp\/v2\/tags?post=3876"}],"curies":[{"name":"wp","href":"https:\/\/api.w.org\/{rel}","templated":true}]}}