{"id":3493,"date":"2023-09-15T13:44:16","date_gmt":"2023-09-15T16:44:16","guid":{"rendered":"https:\/\/maxradio923.com\/index.php\/2023\/09\/15\/agredieron-a-pablo-duggan-mientras-almorzaba-con-su-familia\/"},"modified":"2023-09-15T13:44:16","modified_gmt":"2023-09-15T16:44:16","slug":"agredieron-a-pablo-duggan-mientras-almorzaba-con-su-familia","status":"publish","type":"post","link":"https:\/\/maxradio923.com.ar\/index.php\/2023\/09\/15\/agredieron-a-pablo-duggan-mientras-almorzaba-con-su-familia\/","title":{"rendered":"Agredieron a Pablo Duggan mientras almorzaba con su familia"},"content":{"rendered":"<p><img decoding=\"async\" src=\"https:\/\/diariod3.com\/inicio\/wp-content\/uploads\/2023\/09\/violento.jpg_1536916664.webp\"\/><\/p>\n<p>El periodista de \u201cDuro de Domar\u201d detall\u00f3 el mal momento que vivi\u00f3 con su familia y c\u00f3mo qued\u00f3 la situaci\u00f3n con el agresor, luego de lo ocurrido.<\/p>\n<figure>\n<figure><img decoding=\"async\" src=\"https:\/\/www.diariodecuyo.com.ar\/__export\/1694775378896\/sites\/diariodecuyo\/img\/2023\/09\/15\/violento.jpg_1536916664.jpg\" alt=\"Agredieron a Pablo Duggan mientras almorzaba con su familia -\"\/><\/figure>\n<\/figure>\n<p>Pablo Duggan nuevamente est\u00e1 en boca de todos, luego de que explicara que fue agredido por un hombre mientras almorzaba en un restaurante. Seg\u00fan detall\u00f3, las autoridades oficiales r\u00e1pidamente acudieron al lugar, detuvieron al agresor y lo trasladaron a la comisar\u00eda de Rinc\u00f3n de Milberg.<\/p>\n<p>El conductor de \u201cDuro de Domar\u201d, de C5N, estaba compartiendo un momento familiar junto a su esposa y su hijo de tan solo 10 meses en una localidad del partido de Tigre. De repente, fue sorprendido por una persona malintencionada que le caus\u00f3 da\u00f1os f\u00edsicos.<\/p>\n<p>Sobre la delicada situaci\u00f3n, Duggan cont\u00f3: \u201cFue un momento horrible. Nunca viv\u00ed algo as\u00ed en 25 a\u00f1os de carrera. Mi mujer todav\u00eda est\u00e1 temblando. Mi hijo de 10 meses llor\u00f3 durante una hora y media seguida\u201d.<\/p>\n<p>Posteriormente, agreg\u00f3: \u201cFui amenazado de muerte por esta persona. La mujer de \u00e9l, un tipo llamado Lisandro Togni de 47 a\u00f1os que trabaja en una empresa de marketing, me dec\u00eda \u2018kirchneristas no pueden estar en este restaurante. Rajen de ac\u00e1\u2019\u201d. Mientras suced\u00eda esto, el periodista cont\u00f3 que el hombre lo amenazaba con matarlo.<\/p>\n<p>Luego, Pablo relat\u00f3 que esa misma persona se le acerc\u00f3 de frente, le dijo que haga lo que tenga que hacer y lo escupi\u00f3. Ante desagradable momento, explic\u00f3 que llam\u00f3 al 911 y este agresor r\u00e1pidamente se escondi\u00f3, pero finalmente lograron detenerlo.<\/p>\n<p><strong>LAS CONCLUSIONES DE PABLO DUGGAN ANTE LOS HECHOS DE VIOLENCIA<\/strong><\/p>\n<p>Mientras narraba los hechos, Pablo Duggan coment\u00f3 una posible teor\u00eda, como justificaci\u00f3n de la agresi\u00f3n: \u201cEsto es odio pol\u00edtico e amedrentamiento a personas que pensamos diferentes. Vino a atacarme por mi opini\u00f3n pol\u00edtica\u201d.<\/p>\n<p>Despu\u00e9s, decidi\u00f3 explayar sus palabras: \u201cNo van a lograr que yo reaccione. No lo van a hacer. Esto es lo que buscan este tipo de personajes nefastos. Y no lo van a lograr aunque, la verdad, cuesta mucho\u201d. Luego, continu\u00f3: \u201cLisandro va a permanecer en la comisar\u00eda hasta ma\u00f1ana. Despu\u00e9s veremos. Tambi\u00e9n le quitaron el tel\u00e9fono para que no difundiera los videos de mi familia\u201d.<\/p>\n<p>Por \u00faltimo, el periodista anticip\u00f3 que existe una posibilidad de ampliar la denuncia tambi\u00e9n contra la mujer del agresor, ya que su comportamiento tambi\u00e9n fue inadecuado.<\/p>\n<p>La entrada <a href=\"https:\/\/diariod3.com\/inicio\/agredieron-a-pablo-duggan-mientras-almorzaba-con-su-familia\/\" rel=\"noreferrer noopener\" target=\"_blank\">Agredieron a Pablo Duggan mientras almorzaba con su familia<\/a> se public\u00f3 primero en <a href=\"https:\/\/diariod3.com\/inicio\" rel=\"noreferrer noopener\" target=\"_blank\">DIARIO D3 NOTICIAS<\/a>.<\/p>\n","protected":false},"excerpt":{"rendered":"<p>El periodista de \u201cDuro de Domar\u201d detall\u00f3 el mal momento que vivi\u00f3 con su familia y c\u00f3mo qued\u00f3 la situaci\u00f3n con el agresor, luego de lo ocurrido. Pablo Duggan nuevamente est\u00e1 en boca de todos, luego de que explicara que fue agredido por un hombre mientras almorzaba en un restaurante. Seg\u00fan detall\u00f3, las autoridades oficiales [&hellip;]<\/p>\n","protected":false},"author":1,"featured_media":3494,"comment_status":"","ping_status":"","sticky":false,"template":"","format":"standard","meta":{"footnotes":""},"categories":[10],"tags":[],"_links":{"self":[{"href":"https:\/\/maxradio923.com.ar\/index.php\/wp-json\/wp\/v2\/posts\/3493"}],"collection":[{"href":"https:\/\/maxradio923.com.ar\/index.php\/wp-json\/wp\/v2\/posts"}],"about":[{"href":"https:\/\/maxradio923.com.ar\/index.php\/wp-json\/wp\/v2\/types\/post"}],"author":[{"embeddable":true,"href":"https:\/\/maxradio923.com.ar\/index.php\/wp-json\/wp\/v2\/users\/1"}],"replies":[{"embeddable":true,"href":"https:\/\/maxradio923.com.ar\/index.php\/wp-json\/wp\/v2\/comments?post=3493"}],"version-history":[{"count":0,"href":"https:\/\/maxradio923.com.ar\/index.php\/wp-json\/wp\/v2\/posts\/3493\/revisions"}],"wp:featuredmedia":[{"embeddable":true,"href":"https:\/\/maxradio923.com.ar\/index.php\/wp-json\/wp\/v2\/media\/3494"}],"wp:attachment":[{"href":"https:\/\/maxradio923.com.ar\/index.php\/wp-json\/wp\/v2\/media?parent=3493"}],"wp:term":[{"taxonomy":"category","embeddable":true,"href":"https:\/\/maxradio923.com.ar\/index.php\/wp-json\/wp\/v2\/categories?post=3493"},{"taxonomy":"post_tag","embeddable":true,"href":"https:\/\/maxradio923.com.ar\/index.php\/wp-json\/wp\/v2\/tags?post=3493"}],"curies":[{"name":"wp","href":"https:\/\/api.w.org\/{rel}","templated":true}]}}