{"id":3491,"date":"2023-09-15T13:44:15","date_gmt":"2023-09-15T16:44:15","guid":{"rendered":"https:\/\/maxradio923.com\/index.php\/2023\/09\/15\/bodegas-y-vinedos-sanjuaninos-recibiran-apoyo-para-el-desarrollo-del-enoturismo\/"},"modified":"2023-09-15T13:44:15","modified_gmt":"2023-09-15T16:44:15","slug":"bodegas-y-vinedos-sanjuaninos-recibiran-apoyo-para-el-desarrollo-del-enoturismo","status":"publish","type":"post","link":"https:\/\/maxradio923.com.ar\/index.php\/2023\/09\/15\/bodegas-y-vinedos-sanjuaninos-recibiran-apoyo-para-el-desarrollo-del-enoturismo\/","title":{"rendered":"Bodegas y vi\u00f1edos sanjuaninos recibir\u00e1n apoyo para el desarrollo del enoturismo"},"content":{"rendered":"<p><img decoding=\"async\" src=\"https:\/\/diariod3.com\/inicio\/wp-content\/uploads\/2023\/09\/53188077381_86f94c4a75_b.jpg\"\/><br \/>\nLas inscripciones para la segunda etapa del taller abrir\u00e1n desde el 28 de septiembre hasta el 2 de octubre.<\/p>\n<p><a href=\"https:\/\/sisanjuan.b-cdn.net\/media\/k2\/items\/cache\/7da7bec484498672af379641ad22e9d0_XL.jpg\" rel=\"noreferrer noopener\" target=\"_blank\"><img decoding=\"async\" src=\"https:\/\/sisanjuan.b-cdn.net\/media\/k2\/items\/cache\/7da7bec484498672af379641ad22e9d0_L.jpg\" alt=\"Bodegas y vi\u00f1edos sanjuaninos recibir\u00e1n apoyo para el desarrollo del enoturismo\"\/><\/a><\/p>\n<p>Esta semana se realiz\u00f3 un acto en la Sala de Marcaci\u00f3n del Teatro del Bicentenario donde se anunci\u00f3 la apertura de las inscripciones para la segunda etapa del taller destinado al desarrollo del enoturismo.<\/p>\n<p>En este marco, los prestadores que asistieron a esta capacitaci\u00f3n son quienes ahora podr\u00e1n presentar anteproyectos de inversi\u00f3n con el objetivo de seguir fortaleciendo el enoturismo en la regi\u00f3n. La modalidad de inscripci\u00f3n ser\u00e1 virtual (mediante un link) a partir del 28 de septiembre y hasta el 2 de octubre.<\/p>\n<p><img decoding=\"async\" src=\"https:\/\/diariod3.com\/inicio\/wp-content\/uploads\/2023\/09\/53188278575_7170b311bc_b-300x200.jpg\"\/> <img decoding=\"async\" src=\"https:\/\/diariod3.com\/inicio\/wp-content\/uploads\/2023\/09\/53187361992_c540cdc931_b-300x200.jpg\"\/><\/p>\n<p>Entre los funcionarios presentes se encontraban el secretario de Turismo de San Juan, Roberto Juarez; el director nacional de Planificaci\u00f3n y Desarrollo del Ministerio de Turismo y Deportes de la Naci\u00f3n, Sergio Castro; el director del Consejo Federal de Turismo, Javier Espina; y la representante de COVIAR, Julieta Rossi.<\/p>\n<p>Durante el encuentro, se destac\u00f3 el esfuerzo de los propietarios de bodegas y vi\u00f1edos que se capacitaron durante un mes a trav\u00e9s de clases virtuales sincr\u00f3nicas y asincr\u00f3nicas. Las autoridades entregaron certificados a las bodegas que resultaron beneficiarias en el primer llamado del Fondo de Desarrollo del Enoturismo. De un total de 21 bodegas seleccionadas, 3 de ellas recibieron certificados por su participaci\u00f3n.<\/p>\n<p>El secretario de Turismo de la provincia afirm\u00f3 que \u201clos ganadores beneficiados recibieron m\u00e1s de 2 millones de pesos en promedio, para que puedan realizar instalaciones como salas de degustaciones y que puedan invertir en distintos equipamientos para que la visita del turista sea m\u00e1s satisfactoria\u201d.<\/p>\n<p>Por su parte, el director Nacional de Planificaci\u00f3n y Desarrollo destac\u00f3 la importancia de ampliar la oferta enotur\u00edstica y el compromiso del sector privado en esta iniciativa.<\/p>\n<p>El director del CFT alent\u00f3 a los participantes a presentar sus proyectos, subrayando que el enoturismo es un producto en constante crecimiento en Argentina.<\/p>\n<p>La apertura de inscripciones para la segunda etapa del taller resulta un paso clave para continuar impulsando el enoturismo en San Juan, incrementando la cantidad de bodegas y vi\u00f1edos de la Ruta del Vino y ofreciendo nuevas oportunidades para quienes deseen participar en este importante sector tur\u00edstico.<\/p>\n<p>La entrada <a href=\"https:\/\/diariod3.com\/inicio\/bodegas-y-vinedos-sanjuaninos-recibiran-apoyo-para-el-desarrollo-del-enoturismo\/\" rel=\"noreferrer noopener\" target=\"_blank\">Bodegas y vi\u00f1edos sanjuaninos recibir\u00e1n apoyo para el desarrollo del enoturismo<\/a> se public\u00f3 primero en <a href=\"https:\/\/diariod3.com\/inicio\" rel=\"noreferrer noopener\" target=\"_blank\">DIARIO D3 NOTICIAS<\/a>.<\/p>\n","protected":false},"excerpt":{"rendered":"<p>Las inscripciones para la segunda etapa del taller abrir\u00e1n desde el 28 de septiembre hasta el 2 de octubre. Esta semana se realiz\u00f3 un acto en la Sala de Marcaci\u00f3n del Teatro del Bicentenario donde se anunci\u00f3 la apertura de las inscripciones para la segunda etapa del taller destinado al desarrollo del enoturismo. En este [&hellip;]<\/p>\n","protected":false},"author":1,"featured_media":3492,"comment_status":"","ping_status":"","sticky":false,"template":"","format":"standard","meta":{"footnotes":""},"categories":[10],"tags":[],"_links":{"self":[{"href":"https:\/\/maxradio923.com.ar\/index.php\/wp-json\/wp\/v2\/posts\/3491"}],"collection":[{"href":"https:\/\/maxradio923.com.ar\/index.php\/wp-json\/wp\/v2\/posts"}],"about":[{"href":"https:\/\/maxradio923.com.ar\/index.php\/wp-json\/wp\/v2\/types\/post"}],"author":[{"embeddable":true,"href":"https:\/\/maxradio923.com.ar\/index.php\/wp-json\/wp\/v2\/users\/1"}],"replies":[{"embeddable":true,"href":"https:\/\/maxradio923.com.ar\/index.php\/wp-json\/wp\/v2\/comments?post=3491"}],"version-history":[{"count":0,"href":"https:\/\/maxradio923.com.ar\/index.php\/wp-json\/wp\/v2\/posts\/3491\/revisions"}],"wp:featuredmedia":[{"embeddable":true,"href":"https:\/\/maxradio923.com.ar\/index.php\/wp-json\/wp\/v2\/media\/3492"}],"wp:attachment":[{"href":"https:\/\/maxradio923.com.ar\/index.php\/wp-json\/wp\/v2\/media?parent=3491"}],"wp:term":[{"taxonomy":"category","embeddable":true,"href":"https:\/\/maxradio923.com.ar\/index.php\/wp-json\/wp\/v2\/categories?post=3491"},{"taxonomy":"post_tag","embeddable":true,"href":"https:\/\/maxradio923.com.ar\/index.php\/wp-json\/wp\/v2\/tags?post=3491"}],"curies":[{"name":"wp","href":"https:\/\/api.w.org\/{rel}","templated":true}]}}