{"id":3463,"date":"2023-09-15T11:34:46","date_gmt":"2023-09-15T14:34:46","guid":{"rendered":"https:\/\/maxradio923.com\/index.php\/2023\/09\/15\/fernando-dente-el-nino-mimado-de-tinelli-siento-que-me-puedo-tirar-al-barro-y-salir-oliendo-a-rosas\/"},"modified":"2023-09-15T11:34:46","modified_gmt":"2023-09-15T14:34:46","slug":"fernando-dente-el-nino-mimado-de-tinelli-siento-que-me-puedo-tirar-al-barro-y-salir-oliendo-a-rosas","status":"publish","type":"post","link":"https:\/\/maxradio923.com.ar\/index.php\/2023\/09\/15\/fernando-dente-el-nino-mimado-de-tinelli-siento-que-me-puedo-tirar-al-barro-y-salir-oliendo-a-rosas\/","title":{"rendered":"Fernando Dente, el ni\u00f1o mimado de Tinelli: &#8220;Siento que me puedo tirar al barro y salir oliendo a rosas&#8221;"},"content":{"rendered":"<ul>\n<li>Desde que el conductor lleg\u00f3 a la gerencia de Am\u00e9rica y puso el Bailando 2023, su ciclo &quot;Noche al Dente&quot; creci\u00f3.<\/li>\n<li>Y hasta bromea con que \u00e9l es el \u00fanico que puede reemplazarlo en el concurso de baile.<\/li>\n<\/ul>\n","protected":false},"excerpt":{"rendered":"<p>Desde que el conductor lleg\u00f3 a la gerencia de Am\u00e9rica y puso el Bailando 2023, su ciclo &quot;Noche al Dente&quot; creci\u00f3. Y hasta bromea con que \u00e9l es el \u00fanico que puede reemplazarlo en el concurso de baile.<\/p>\n","protected":false},"author":2,"featured_media":3464,"comment_status":"","ping_status":"","sticky":false,"template":"","format":"standard","meta":{"footnotes":""},"categories":[4],"tags":[],"_links":{"self":[{"href":"https:\/\/maxradio923.com.ar\/index.php\/wp-json\/wp\/v2\/posts\/3463"}],"collection":[{"href":"https:\/\/maxradio923.com.ar\/index.php\/wp-json\/wp\/v2\/posts"}],"about":[{"href":"https:\/\/maxradio923.com.ar\/index.php\/wp-json\/wp\/v2\/types\/post"}],"author":[{"embeddable":true,"href":"https:\/\/maxradio923.com.ar\/index.php\/wp-json\/wp\/v2\/users\/2"}],"replies":[{"embeddable":true,"href":"https:\/\/maxradio923.com.ar\/index.php\/wp-json\/wp\/v2\/comments?post=3463"}],"version-history":[{"count":0,"href":"https:\/\/maxradio923.com.ar\/index.php\/wp-json\/wp\/v2\/posts\/3463\/revisions"}],"wp:featuredmedia":[{"embeddable":true,"href":"https:\/\/maxradio923.com.ar\/index.php\/wp-json\/wp\/v2\/media\/3464"}],"wp:attachment":[{"href":"https:\/\/maxradio923.com.ar\/index.php\/wp-json\/wp\/v2\/media?parent=3463"}],"wp:term":[{"taxonomy":"category","embeddable":true,"href":"https:\/\/maxradio923.com.ar\/index.php\/wp-json\/wp\/v2\/categories?post=3463"},{"taxonomy":"post_tag","embeddable":true,"href":"https:\/\/maxradio923.com.ar\/index.php\/wp-json\/wp\/v2\/tags?post=3463"}],"curies":[{"name":"wp","href":"https:\/\/api.w.org\/{rel}","templated":true}]}}