{"id":3360,"date":"2023-09-14T19:04:12","date_gmt":"2023-09-14T22:04:12","guid":{"rendered":"https:\/\/maxradio923.com\/index.php\/2023\/09\/14\/sergio-massa-en-la-rioja-estamos-empezando-la-etapa-de-crecimiento-de-la-argentina\/"},"modified":"2023-09-17T11:25:47","modified_gmt":"2023-09-17T14:25:47","slug":"sergio-massa-en-la-rioja-estamos-empezando-la-etapa-de-crecimiento-de-la-argentina","status":"publish","type":"post","link":"https:\/\/maxradio923.com.ar\/index.php\/2023\/09\/14\/sergio-massa-en-la-rioja-estamos-empezando-la-etapa-de-crecimiento-de-la-argentina\/","title":{"rendered":"Sergio Massa en La Rioja: \u00abEstamos empezando la etapa de crecimiento de la Argentina\u00bb"},"content":{"rendered":"<p><img decoding=\"async\" src=\"https:\/\/diariod3.com\/inicio\/wp-content\/uploads\/2023\/09\/massajpg.webp\"\/><\/p>\n<h2>El candidato presidencial de Uni\u00f3n por la Patria, Sergio Massa, adelant\u00f3 que este viernes se enviar\u00e1 el Presupuesto al Congreso nacional.<\/h2>\n<p>A menos de cuarenta d\u00edas de las <strong>elecciones 2023<\/strong>, y luego de realizar en la \u00faltima semana una serie de anuncios que apuntaron al incremento del ingreso, <strong>Sergio Massa<\/strong> viaj\u00f3 a la provincia de <strong>La Rioja <\/strong>para encabezar un acto de entrega de <strong>500 viviendas <\/strong>en el barrio Los Colorados, aleda\u00f1a a la reserva provincial hom\u00f3nima.<\/p>\n<p>En una ceremonia de la que tambi\u00e9n participaron su compa\u00f1ero de f\u00f3rmula, <strong>Agust\u00edn Rossi<\/strong>, y el gobernador de <strong>La Rioja<\/strong>, <strong>Ricardo Quintela<\/strong>, el ministro de Econom\u00eda plante\u00f3 que \u00abesta tormenta, que arranc\u00f3 con la deuda m\u00e1s grande de la historia del <strong>Fondo Monetario Internacional<\/strong>, est\u00e1 terminando. Empez\u00f3 a terminar en el \u00faltimo cierre de programa con el Fondo y<strong> estamos empezando a recorrer la etapa de crecimiento de la Argentina<\/strong>\u00ab.<\/p>\n<p>\u00abCuando dicen no m\u00e1s coparticipaci\u00f3n ni inversi\u00f3n en <strong>infraestructura<\/strong> ni <strong>universidades <\/strong>los est\u00e1n empujando fuera de la Argentina. Lo que se discute es si los riojanos y los argentinos son parte del futuro o son abandonados a su suerte\u00bb, afirm\u00f3 <strong>Sergio Massa <\/strong>y apunt\u00f3 contra los que \u00abquieren tachar la<strong> inversi\u00f3n p\u00fablica<\/strong>, la coparticipaci\u00f3n, quieren arancelar la <strong>educaci\u00f3n publica<\/strong> tachando el<strong> Ministerio de Educaci\u00f3n<\/strong>\u00ab. \u00abEn nombre de la libertad quieren eliminar la presencia del Estado\u00bb, sintetiz\u00f3.<\/p>\n<p>En una reuni\u00f3n previa, en el que se encontraban representantes de la<strong> C\u00e1mara Empresarial y de la Construcci\u00f3n <\/strong>en<strong> La Rioja<\/strong>, el ministro de Econom\u00eda asegur\u00f3 que este viernes se enviar\u00e1 el <strong>Presupuesto 2024<\/strong> al Congreso, en la que se contempla la proyecci\u00f3n de \u00ab<strong>12.000 millones de d\u00f3lares de super\u00e1vit comercial <\/strong>en materia <strong>energ\u00e9tica<\/strong> y <strong>19.000 millones de d\u00f3lares de super\u00e1vit <\/strong>en materia de<strong> agroexportaciones<\/strong>\u00ab.<\/p>\n<p>Finalmente, le pidi\u00f3 al empresariado local que \u00ab<strong>sigan generando empleo<\/strong>\u00bb y que \u00absigan<strong> invirtiendo en la Argentina<\/strong>\u00ab, porque \u00abeso habla de un profundo<strong> amor por la patria<\/strong>, y frente a aquellos que dicen que somos un<strong> pa\u00eds de mierda <\/strong>y que esta es una regi\u00f3n inviable, ustedes y sus trabajadores son la muestra de que somos un pa\u00eds posible si nos proponemos construir fortaleza de <strong>reservas<\/strong>, un programa de <strong>desarrollo exportador <\/strong>y un buen r\u00e9gimen de<strong> distribuci\u00f3n de ingreso<\/strong> en la Argentina\u00bb.<\/p>\n<p>Adem\u00e1s de la entrega de viviendas, los tres funcionarios inauguraron un <strong>Centro de Desarrollo Infantil (CDI)<\/strong> y anunciaron el lanzamiento del<strong> Registro \u00danico de Solicitantes (RUS)<\/strong>, un sistema que pretende constatar la demanda real de poblaci\u00f3n de viviendas protegidas y sus condiciones socioecon\u00f3micas, lo que brinda transparencia y rigor a nuevos programas habitacionales.<\/p>\n<p>Fuente: \u00c0MBITO<\/p>\n<p>Por: Graciela Herrera<\/p>\n<p>La entrada <a href=\"https:\/\/diariod3.com\/inicio\/sergio-massa-en-la-rioja-estamos-empezando-la-etapa-de-crecimiento-de-la-argentina\/\" rel=\"noreferrer noopener\" target=\"_blank\">Sergio Massa en La Rioja: \u00abEstamos empezando la etapa de crecimiento de la Argentina\u00bb<\/a> se public\u00f3 primero en <a href=\"https:\/\/diariod3.com\/inicio\" rel=\"noreferrer noopener\" target=\"_blank\">DIARIO D3 NOTICIAS<\/a>.<\/p>\n","protected":false},"excerpt":{"rendered":"<p>El candidato presidencial de Uni\u00f3n por la Patria, Sergio Massa, adelant\u00f3 que este viernes se enviar\u00e1 el Presupuesto al Congreso nacional. A menos de cuarenta d\u00edas de las elecciones 2023, y luego de realizar en la \u00faltima semana una serie de anuncios que apuntaron al incremento del ingreso, Sergio Massa viaj\u00f3 a la provincia de [&hellip;]<\/p>\n","protected":false},"author":2,"featured_media":3702,"comment_status":"closed","ping_status":"","sticky":false,"template":"","format":"standard","meta":{"footnotes":""},"categories":[12],"tags":[],"_links":{"self":[{"href":"https:\/\/maxradio923.com.ar\/index.php\/wp-json\/wp\/v2\/posts\/3360"}],"collection":[{"href":"https:\/\/maxradio923.com.ar\/index.php\/wp-json\/wp\/v2\/posts"}],"about":[{"href":"https:\/\/maxradio923.com.ar\/index.php\/wp-json\/wp\/v2\/types\/post"}],"author":[{"embeddable":true,"href":"https:\/\/maxradio923.com.ar\/index.php\/wp-json\/wp\/v2\/users\/2"}],"replies":[{"embeddable":true,"href":"https:\/\/maxradio923.com.ar\/index.php\/wp-json\/wp\/v2\/comments?post=3360"}],"version-history":[{"count":1,"href":"https:\/\/maxradio923.com.ar\/index.php\/wp-json\/wp\/v2\/posts\/3360\/revisions"}],"predecessor-version":[{"id":3683,"href":"https:\/\/maxradio923.com.ar\/index.php\/wp-json\/wp\/v2\/posts\/3360\/revisions\/3683"}],"wp:featuredmedia":[{"embeddable":true,"href":"https:\/\/maxradio923.com.ar\/index.php\/wp-json\/wp\/v2\/media\/3702"}],"wp:attachment":[{"href":"https:\/\/maxradio923.com.ar\/index.php\/wp-json\/wp\/v2\/media?parent=3360"}],"wp:term":[{"taxonomy":"category","embeddable":true,"href":"https:\/\/maxradio923.com.ar\/index.php\/wp-json\/wp\/v2\/categories?post=3360"},{"taxonomy":"post_tag","embeddable":true,"href":"https:\/\/maxradio923.com.ar\/index.php\/wp-json\/wp\/v2\/tags?post=3360"}],"curies":[{"name":"wp","href":"https:\/\/api.w.org\/{rel}","templated":true}]}}