{"id":3124,"date":"2023-09-13T13:44:19","date_gmt":"2023-09-13T16:44:19","guid":{"rendered":"https:\/\/maxradio923.com\/index.php\/2023\/09\/13\/perczyk-la-derecha-plantea-retroceder-140-anos-en-materia-educativa\/"},"modified":"2023-09-13T17:54:18","modified_gmt":"2023-09-13T20:54:18","slug":"perczyk-la-derecha-plantea-retroceder-140-anos-en-materia-educativa","status":"publish","type":"post","link":"https:\/\/maxradio923.com.ar\/index.php\/2023\/09\/13\/perczyk-la-derecha-plantea-retroceder-140-anos-en-materia-educativa\/","title":{"rendered":"Perczyk: \u00abLa derecha plantea retroceder 140 a\u00f1os en materia educativa\u00bb"},"content":{"rendered":"<p><img decoding=\"async\" src=\"https:\/\/diariod3.com\/inicio\/wp-content\/uploads\/2023\/09\/64ed313ddd85c_1200.jpg\"\/><\/p>\n<p>El ministro de Educaci\u00f3n, Jaime Perczyk, afirm\u00f3 que el candidato presidencial por La Libertad Avanza (LLA), Javier Milei, y otros postulantes de<strong> la oposici\u00f3n \u00abest\u00e1n planteando retroceder 140 a\u00f1os\u00bb en pol\u00edticas educativas<\/strong> y record\u00f3 que durante la \u00faltima dictadura c\u00edvico militar se implement\u00f3 \u00abel arancelamiento universitario\u00bb en la Argentina.<\/p>\n<p>\u00abCon la eliminaci\u00f3n del Ministerio de Educaci\u00f3n que propone Milei dejar\u00e1 de haber una Naci\u00f3n educativa. Plantean que las 23 provincias y la Ciudad de Buenos Aires se las arreglen como puedan. Eso ya pas\u00f3 en la Argentina con el arancelamiento universitario. La <strong>democracia sostuvo a la universidad p\u00fablica y gratuita<\/strong>, pero en la \u00faltima dictadura se fijaron aranceles\u00bb, afirm\u00f3 Perczyk en declaraciones a Radio 10.<\/p>\n<blockquote>\n<p>\u00abArgentina tiene un gran logro: que todos los chicos van a la escuela\u00bb<cite>Jaime Perczyk, ministro de Educaci\u00f3n<\/cite><\/p>\n<\/blockquote>\n<p>El ministro record\u00f3 que cuando comenz\u00f3 el periodo democr\u00e1tico en la Argentina hab\u00eda \u00ab350.000 estudiantes universitarios, 27 millones de habitantes\u00bb lo que significaba el \u00ab1.25% de la poblaci\u00f3n\u00bb.<\/p>\n<p>\u00abCuarenta a\u00f1os despu\u00e9s de democracia<strong> tenemos 2.5 millones de estudiantes universitarios, 47 millones de habitantes, un 5.3% de la poblaci\u00f3n<\/strong>. Es un crecimiento enorme. Desde la derecha est\u00e1n planteando retroceder 140 a\u00f1os\u00bb, remarc\u00f3 en funcionario.<\/p>\n<figure><img decoding=\"async\" src=\"https:\/\/www.telam.com.ar\/thumbs\/bluesteel\/advf\/imagenes\/2023\/06\/648a1f54042c2_1200.jpg\" alt=\"Perczyk destac que la democracia sostuvo a la universidad pblica y gratuita Foto Archivo\"\/><figcaption>Perczyk destac\u00f3 que la democracia sostuvo a la universidad p\u00fablica y gratuita \/ Foto: Archivo.<\/figcaption><\/figure>\n<h2>Ley de Financiamiento Educativo<\/h2>\n<p>Perczyk asegur\u00f3 que junto al ministro de Econom\u00eda y candidato presidencial por Uni\u00f3n por la Patria (UxP), Sergio Massa, buscan \u00abfortalecer la educaci\u00f3n\u00bb y por eso presentaron el proyecto de Ley de Financiamiento Educativo, con la intenci\u00f3n de incrementar la inversi\u00f3n anual en el sector hasta alcanzar un 8% del PBI en 2030.<\/p>\n<p>\u00abLa ley establece metas y pol\u00edticas concretas. <strong>Es un esfuerzo a toda la sociedad para llegar al 8%<\/strong>, 6.5% para la educaci\u00f3n obligatoria y la formaci\u00f3n superior no universitaria y un 1.5% para las universidades p\u00fablicas\u00bb, a\u00f1adi\u00f3 el ministro.<\/p>\n<h3>ESTUDIANTES O CLIENTES<\/h3>\n<p>Perczyk cuestion\u00f3 la propuesta de Milei de implementar los vouchers educativos como sistema de financiamiento para la educaci\u00f3n.<\/p>\n<p>\u00abEl mundo prob\u00f3 muy poco lo de los vouchers educativos y se fue r\u00e1pidamente de ah\u00ed. En Chile lo hizo la dictadura de (Augusto) Pinochet.<strong> Los chicos dejan de ser estudiantes y pasan a ser clientes<\/strong>. \u00bfPor qu\u00e9 las escuelas tienen que competir entre si? Tenemos que mirarlas a todas porque a todas van nuestros hijos\u00bb, puntualiz\u00f3.<\/p>\n<p>Adem\u00e1s, destac\u00f3 que \u00abuna de las medidas m\u00e1s igualadoras\u00bb planteadas en la iniciativa \u00abes que todos los chicos puedan ir a sala de tres y sala de cuatro a\u00f1os\u00bb ya que significa una \u00abigualaci\u00f3n social\u00bb.<\/p>\n<p>Tambi\u00e9n destac\u00f3 que se busca \u00abduplicar la escuelas t\u00e9cnicas\u00bb, <strong>sostener los programas de becas e \u00abincorporar rob\u00f3tica y programaci\u00f3n en la secundaria\u00bb<\/strong>, entre otras medidas.<\/p>\n<p>\u00abArgentina tiene un gran logro que es que todos los chicos van a la escuela y que despu\u00e9s de la pandemia volvieron a la escuela. Tienen maestros comprometidos y hay que mejorar en muchos lugares\u00bb, subray\u00f3.<\/p>\n<h3>PARA SILEONI, LA LEY DE FINANCIAMIENTO EDUCATIVO \u00abVUELVE A PLANTAR BANDERA\u00bb POR LA EDUCACI\u00d3N P\u00daBLICA<\/h3>\n<p>El director general de Cultura y Educaci\u00f3n de la provincia de Buenos Aires, Alberto Sileoni, consider\u00f3 \u201cimportante\u201d el proyecto de Ley de Financiamiento Educativo, que presentaron Sergio Massa y Jaime Perczyk, al subrayar que con esa iniciativa \u201cse vuelve a plantar bandera, y a decir que la educaci\u00f3n es un derecho humano fundamental\u201d.<\/p>\n<p>\u00abEn esta sociedad de hoy que est\u00e1 discutiendo cosas que cre\u00edamos que ya estaban saldadas. Este proyecto que profundiza el financiamiento educativo; reivindica que la educaci\u00f3n es un derecho humano fundamental, personal y social. Algo garantizado por el Estado, que debe ser integral, permanente, gratuita y de calidad\u00bb, se\u00f1al\u00f3 en di\u00e1logo con T\u00e9lam Radio<\/p>\n<p>De esta forma se expres\u00f3 el funcionario del gobierno de Axel Kicillof acerca del anuncio del proyecto formulado ayer por Massa, que establece un aumento anual en el financiamiento educativo hasta alcanzar el 8% del PBI en 2030.<\/p>\n<p>Sobre los aspectos fundamentales del proyecto, Sileoni destac\u00f3 la incorporaci\u00f3n de un segmento etario que est\u00e1 entre los 45 d\u00edas y los tres a\u00f1os, que estar\u00e1 contemplado en los alcances de esta iniciativa que el Ejecutivo presentar\u00e1 en el Congreso.<\/p>\n<p>\u201cYa hemos avanzado en escolarizaci\u00f3n a los ni\u00f1os de cuatro y cinco a\u00f1os. Es necesario ahora avanzar con la primer\u00edsima infancia, y entonces trabajar esa educaci\u00f3n obligatoria desde muy temprano hasta el fin de la secundaria\u201d, enfatiz\u00f3.<\/p>\n<p>Por otra parte, resalt\u00f3 que el proyecto le asigna 6.5% del PBI a la etapa inicial e intermedia \u201cy un 1.5% estar\u00e1 destinado a la educaci\u00f3n universitaria\u201d.<\/p>\n<p>Tambi\u00e9n valor\u00f3 que la iniciativa vincula \u00abese incremento a acciones y a resultados que son muy importantes\u201d, como garantizar \u201clos 14 a\u00f1os de educaci\u00f3n\u201d, el cumplimiento \u201cde los 190 d\u00edas de clase\u201d y la \u201cinstrumentaci\u00f3n de cierto presentismo docente\u201d.<\/p>\n<p>La ratificaci\u00f3n \u201cde la importancia de la educaci\u00f3n sexual integral\u201d es otro de los puntos que el ministro Sileoni remarc\u00f3, al igual que la distribuci\u00f3n material que deben hacer los ministerios \u201ccon libros, tecnolog\u00eda, infraestructura, equipamiento\u201d, la formaci\u00f3n profesional, las pasant\u00edas, \u201cy la necesidad de trabajar con m\u00e1s horas de clase\u201d que plantea el proyecto de Ley.<\/p>\n<p>\u201cTodo eso plantea tambi\u00e9n una puerta abierta al mundo del trabajo, porque duplica el presupuesto para educaci\u00f3n t\u00e9cnico profesional\u201d, subray\u00f3.<\/p>\n<p>Sileoni consider\u00f3 adem\u00e1s que la Ley presentada por Massa y Perczyk, representa \u201cuna ratificaci\u00f3n de los rumbos que hemos tomado\u201d para la provincia de Buenos Aires.<\/p>\n<p>\u201cAyer hemos inaugurado cuatro escuelas con el gobernador (Axel Kicillof) y hemos llegado a 180\u201d, por lo que \u201cestamos conscientes y coincidimos con el proyecto de profundizar la inversi\u00f3n educativa\u201d, agreg\u00f3 el funcionario.<\/p>\n<p>Al subrayar que \u201ctoda acci\u00f3n de inversi\u00f3n creciente de la educaci\u00f3n va en la l\u00ednea de construir una sociedad m\u00e1s horizontal y m\u00e1s democr\u00e1tica\u201d, resalt\u00f3 la necesidad de considerar \u201cque la educaci\u00f3n, la ciencia y la tecnolog\u00eda y algunos otros temas, son escenarios posibles para un acuerdo desprendido de toda urgencia\u00bb, concluy\u00f3.<\/p>\n<p><strong>FUENTE: TELAM<\/strong><br \/>\n<strong>OPERADOR: ANA PAULA CARRASCO<\/strong><\/p>\n<p>La entrada <a href=\"https:\/\/diariod3.com\/inicio\/perczyk-la-derecha-plantea-retroceder-140-anos-en-materia-educativa\/\" rel=\"noreferrer noopener\" target=\"_blank\">Perczyk: \u00abLa derecha plantea retroceder 140 a\u00f1os en materia educativa\u00bb<\/a> se public\u00f3 primero en <a href=\"https:\/\/diariod3.com\/inicio\" rel=\"noreferrer noopener\" target=\"_blank\">DIARIO D3 NOTICIAS<\/a>.<\/p>\n","protected":false},"excerpt":{"rendered":"<p>El ministro de Educaci\u00f3n, Jaime Perczyk, afirm\u00f3 que el candidato presidencial por La Libertad Avanza (LLA), Javier Milei, y otros postulantes de la oposici\u00f3n \u00abest\u00e1n planteando retroceder 140 a\u00f1os\u00bb en pol\u00edticas educativas y record\u00f3 que durante la \u00faltima dictadura c\u00edvico militar se implement\u00f3 \u00abel arancelamiento universitario\u00bb en la Argentina. \u00abCon la eliminaci\u00f3n del Ministerio de [&hellip;]<\/p>\n","protected":false},"author":2,"featured_media":3161,"comment_status":"closed","ping_status":"","sticky":false,"template":"","format":"standard","meta":{"footnotes":""},"categories":[12],"tags":[],"_links":{"self":[{"href":"https:\/\/maxradio923.com.ar\/index.php\/wp-json\/wp\/v2\/posts\/3124"}],"collection":[{"href":"https:\/\/maxradio923.com.ar\/index.php\/wp-json\/wp\/v2\/posts"}],"about":[{"href":"https:\/\/maxradio923.com.ar\/index.php\/wp-json\/wp\/v2\/types\/post"}],"author":[{"embeddable":true,"href":"https:\/\/maxradio923.com.ar\/index.php\/wp-json\/wp\/v2\/users\/2"}],"replies":[{"embeddable":true,"href":"https:\/\/maxradio923.com.ar\/index.php\/wp-json\/wp\/v2\/comments?post=3124"}],"version-history":[{"count":0,"href":"https:\/\/maxradio923.com.ar\/index.php\/wp-json\/wp\/v2\/posts\/3124\/revisions"}],"wp:featuredmedia":[{"embeddable":true,"href":"https:\/\/maxradio923.com.ar\/index.php\/wp-json\/wp\/v2\/media\/3161"}],"wp:attachment":[{"href":"https:\/\/maxradio923.com.ar\/index.php\/wp-json\/wp\/v2\/media?parent=3124"}],"wp:term":[{"taxonomy":"category","embeddable":true,"href":"https:\/\/maxradio923.com.ar\/index.php\/wp-json\/wp\/v2\/categories?post=3124"},{"taxonomy":"post_tag","embeddable":true,"href":"https:\/\/maxradio923.com.ar\/index.php\/wp-json\/wp\/v2\/tags?post=3124"}],"curies":[{"name":"wp","href":"https:\/\/api.w.org\/{rel}","templated":true}]}}