{"id":3122,"date":"2023-09-13T13:44:16","date_gmt":"2023-09-13T16:44:16","guid":{"rendered":"https:\/\/maxradio923.com\/index.php\/2023\/09\/13\/milei-se-reunio-con-el-dirigente-gastronomico-luis-barrionuevo\/"},"modified":"2023-09-13T17:54:16","modified_gmt":"2023-09-13T20:54:16","slug":"milei-se-reunio-con-el-dirigente-gastronomico-luis-barrionuevo","status":"publish","type":"post","link":"https:\/\/maxradio923.com.ar\/index.php\/2023\/09\/13\/milei-se-reunio-con-el-dirigente-gastronomico-luis-barrionuevo\/","title":{"rendered":"Milei se reuni\u00f3 con el dirigente gastron\u00f3mico Luis Barrionuevo"},"content":{"rendered":"<p><img decoding=\"async\" src=\"https:\/\/diariod3.com\/inicio\/wp-content\/uploads\/2023\/09\/6501c459820e9_1200.jpg\"\/><\/p>\n<p>El candidato a presidente por La Libertad Avanza (LLA), Javier Milei, se reuni\u00f3 con el titular de la Uni\u00f3n de Trabajadores del Turismo, Hoteleros y Gastron\u00f3micos de la Rep\u00fablica Argentina (Uthgra), Luis Barrionuevo, inform\u00f3 este mi\u00e9rcoles el espacio libertario.<\/p>\n<p>\u00abLa reuni\u00f3n tuvo como objetivo conversar acerca de c\u00f3mo dinamizar el sector laboral para que la Argentina vuelva a la senda del crecimiento de la mano del trabajo genuino. <strong>Nuestro pa\u00eds no genera trabajo genuino en blanco del sector privado desde 2011, y uno de los principales objetivos de La Libertad Avanza es modificar esa realidad<\/strong>\u00ab, detall\u00f3 LLA en un comunicado, en el que no se brindan precisiones sobre el lugar y el momento en el cu\u00e1l se produjo este encuentro.<\/p>\n<p>Los contactos entre <strong>Milei y Barrionuevo se intensificaron despu\u00e9s de las PASO<\/strong>, e incluso el l\u00edder del gremio de los gastron\u00f3micos consider\u00f3 que el diputado nacional libertario pod\u00eda imponerse en las elecciones previstas para el pr\u00f3ximo 22 de octubre, sin necesidad de recurrir a una segunda vuelta.<\/p>\n<p>\u201cHoy no tengo dudas y lo digo porque lo veo en mis nietos, ya no en mis hijos, sino en mis nietos que ya votan que, como decimos los catamarque\u00f1os, creo que gana en primera vuelta y sin chicote\u201d, hab\u00eda dicho Barrionuevo a fines de agosto en una entrevista con el diario catamarque\u00f1o El Ancasti.<\/p>\n<p>Tambi\u00e9n hubo <strong>versiones de contactos de Milei con otros dirigentes sindicales<\/strong>, y frente a ello, el secretario adjunto del Sindicato de Camioneros e integrante de la CGT, Pablo Moyano, advirti\u00f3 que \u00abnunca se reunir\u00eda\u00bb con candidatos que \u00abimpulsen una reforma laboral para quitarles derechos a los trabajadores\u00bb.<\/p>\n<p><strong>FUENTE: TELAM<\/strong><br \/>\n<strong>OPERADOR: ANA PAULA CARRASCO<\/strong><\/p>\n<p>La entrada <a href=\"https:\/\/diariod3.com\/inicio\/milei-se-reunio-con-el-dirigente-gastronomico-luis-barrionuevo\/\" rel=\"noreferrer noopener\" target=\"_blank\">Milei se reuni\u00f3 con el dirigente gastron\u00f3mico Luis Barrionuevo<\/a> se public\u00f3 primero en <a href=\"https:\/\/diariod3.com\/inicio\" rel=\"noreferrer noopener\" target=\"_blank\">DIARIO D3 NOTICIAS<\/a>.<\/p>\n","protected":false},"excerpt":{"rendered":"<p>El candidato a presidente por La Libertad Avanza (LLA), Javier Milei, se reuni\u00f3 con el titular de la Uni\u00f3n de Trabajadores del Turismo, Hoteleros y Gastron\u00f3micos de la Rep\u00fablica Argentina (Uthgra), Luis Barrionuevo, inform\u00f3 este mi\u00e9rcoles el espacio libertario. \u00abLa reuni\u00f3n tuvo como objetivo conversar acerca de c\u00f3mo dinamizar el sector laboral para que la [&hellip;]<\/p>\n","protected":false},"author":2,"featured_media":3160,"comment_status":"closed","ping_status":"","sticky":false,"template":"","format":"standard","meta":{"footnotes":""},"categories":[12],"tags":[],"_links":{"self":[{"href":"https:\/\/maxradio923.com.ar\/index.php\/wp-json\/wp\/v2\/posts\/3122"}],"collection":[{"href":"https:\/\/maxradio923.com.ar\/index.php\/wp-json\/wp\/v2\/posts"}],"about":[{"href":"https:\/\/maxradio923.com.ar\/index.php\/wp-json\/wp\/v2\/types\/post"}],"author":[{"embeddable":true,"href":"https:\/\/maxradio923.com.ar\/index.php\/wp-json\/wp\/v2\/users\/2"}],"replies":[{"embeddable":true,"href":"https:\/\/maxradio923.com.ar\/index.php\/wp-json\/wp\/v2\/comments?post=3122"}],"version-history":[{"count":0,"href":"https:\/\/maxradio923.com.ar\/index.php\/wp-json\/wp\/v2\/posts\/3122\/revisions"}],"wp:featuredmedia":[{"embeddable":true,"href":"https:\/\/maxradio923.com.ar\/index.php\/wp-json\/wp\/v2\/media\/3160"}],"wp:attachment":[{"href":"https:\/\/maxradio923.com.ar\/index.php\/wp-json\/wp\/v2\/media?parent=3122"}],"wp:term":[{"taxonomy":"category","embeddable":true,"href":"https:\/\/maxradio923.com.ar\/index.php\/wp-json\/wp\/v2\/categories?post=3122"},{"taxonomy":"post_tag","embeddable":true,"href":"https:\/\/maxradio923.com.ar\/index.php\/wp-json\/wp\/v2\/tags?post=3122"}],"curies":[{"name":"wp","href":"https:\/\/api.w.org\/{rel}","templated":true}]}}