{"id":31014,"date":"2025-01-06T11:05:02","date_gmt":"2025-01-06T14:05:02","guid":{"rendered":"https:\/\/maxradio923.com.ar\/index.php\/2025\/01\/06\/extienden-la-vigencia-del-fondo-nacional-del-turismo-y-se-mantiene-un-impuesto-en-los-pasajes-al-exterior\/"},"modified":"2025-01-06T11:05:02","modified_gmt":"2025-01-06T14:05:02","slug":"extienden-la-vigencia-del-fondo-nacional-del-turismo-y-se-mantiene-un-impuesto-en-los-pasajes-al-exterior","status":"publish","type":"post","link":"https:\/\/maxradio923.com.ar\/index.php\/2025\/01\/06\/extienden-la-vigencia-del-fondo-nacional-del-turismo-y-se-mantiene-un-impuesto-en-los-pasajes-al-exterior\/","title":{"rendered":"Extienden la vigencia del Fondo Nacional del Turismo y se mantiene un impuesto en los pasajes al exterior"},"content":{"rendered":"<p><\/p>\n<div>\n<div class=\" visual__image\"><picture><source srcset=\"https:\/\/www.infobae.com\/resizer\/v2\/LA4QLUJTMJEKXMVEOR5PC7Z4OI.jpg?auth=c918682f2bbee3dff498864a5dee354af7f837426e3f49baa99a41ed9b35620a&amp;smart=true&amp;width=992&amp;height=558&amp;quality=85\" media=\"(min-width: 1000px)\"\/><source srcset=\"https:\/\/www.infobae.com\/resizer\/v2\/LA4QLUJTMJEKXMVEOR5PC7Z4OI.jpg?auth=c918682f2bbee3dff498864a5dee354af7f837426e3f49baa99a41ed9b35620a&amp;smart=true&amp;width=768&amp;height=432&amp;quality=85\" media=\"(min-width: 768px)\"\/><source srcset=\"https:\/\/www.infobae.com\/resizer\/v2\/LA4QLUJTMJEKXMVEOR5PC7Z4OI.jpg?auth=c918682f2bbee3dff498864a5dee354af7f837426e3f49baa99a41ed9b35620a&amp;smart=true&amp;width=577&amp;height=325&amp;quality=85\" media=\"(min-width: 580px)\"\/><source srcset=\"https:\/\/www.infobae.com\/resizer\/v2\/LA4QLUJTMJEKXMVEOR5PC7Z4OI.jpg?auth=c918682f2bbee3dff498864a5dee354af7f837426e3f49baa99a41ed9b35620a&amp;smart=true&amp;width=420&amp;height=236&amp;quality=85\" media=\"(min-width: 350px)\"\/><source srcset=\"https:\/\/www.infobae.com\/resizer\/v2\/LA4QLUJTMJEKXMVEOR5PC7Z4OI.jpg?auth=c918682f2bbee3dff498864a5dee354af7f837426e3f49baa99a41ed9b35620a&amp;smart=true&amp;width=350&amp;height=197&amp;quality=85\" media=\"(min-width: 80px)\"\/><img alt=\"El Fondo Nacional de Turismo\" class=\"global-image\" decoding=\"async\" fetchpriority=\"high\" height=\"816\" loading=\"eager\" src=\"https:\/\/www.infobae.com\/resizer\/v2\/LA4QLUJTMJEKXMVEOR5PC7Z4OI.jpg?auth=c918682f2bbee3dff498864a5dee354af7f837426e3f49baa99a41ed9b35620a&amp;smart=true&amp;width=350&amp;height=197&amp;quality=85\" width=\"1456\"\/><\/picture><figcaption class=\"article-figcaption-img\">El Fondo Nacional de Turismo ten\u00eda fecha de vigencia hasta el 5 de enero del 2025 (Imagen Ilustrativa Infobae)<\/figcaption><\/div>\n<p class=\"paragraph\">A trav\u00e9s del <b>Decreto 4\/2027<\/b>, publicado este lunes en el Bolet\u00edn Oficial, el Gobierno decidi\u00f3 extender por dos a\u00f1os m\u00e1s el <b>Fondo Nacional del Turismo<\/b><b> <\/b>y prorrog\u00f3 su vigencia hasta el <b>31 de diciembre del 2027<\/b>. De esta manera, se mantiene un impuesto del 7 por ciento del precio de los pasajes a\u00e9reos y mar\u00edtimos al exterior, y los fluviales al exterior.<\/p>\n<p class=\"paragraph\">En ese sentido, se extiende un programa que fue constituido hace 20 a\u00f1os para el desarrollo de la industria tur\u00edstica en el pa\u00eds y que ahora quedar\u00e1 a cargo del Secretario de Turismo, Ambiente y Deporte, <b>Daniel Scioli<\/b>. La medida cont\u00f3 con las firmas de gran parte del Gabinete, inclu\u00eddo Luis \u201cToto\u201d Caputo. <\/p>\n<p class=\"paragraph\">Este fondo fue creado con la <b>Ley Nacional de Turismo<\/b>, promulgada en enero del 2005, que dicta: \u201cEl fomento, el desarrollo, la promoci\u00f3n y la regulaci\u00f3n de la actividad tur\u00edstica y del recurso turismo mediante la determinaci\u00f3n de los mecanismos necesarios para la creaci\u00f3n, conservaci\u00f3n, protecci\u00f3n y aprovechamiento de los recursos y atractivos tur\u00edsticos nacionales, resguardando el desarrollo sostenible y sustentable y la optimizaci\u00f3n de la calidad, estableciendo los mecanismos de participaci\u00f3n y concertaci\u00f3n de los sectores p\u00fablico y privado en la actividad\u201d. <\/p>\n<p class=\"paragraph\">A partir de la reciente publicaci\u00f3n, el fondo se renueva una vez m\u00e1s, siendo esta \u00faltima, la segunda extensi\u00f3n que se hace sobre la mencionada ley, tal como qued\u00f3 expuesto en los argumentos esgrimidos: \u201cQue la vigencia del Fondo de que se trata, de conformidad con lo previsto en el inciso m) del referido art\u00edculo 24 de la Ley N\u00b0 <b>25.997<\/b> y sus modificatorias, <b>fue establecida por el t\u00e9rmino de DIEZ (10) a\u00f1os, habiendo sido prorrogado, por mandato del art\u00edculo 58 de la Ley N\u00b0 27.008, por otros DIEZ (10) a\u00f1os, a partir del 5 de enero de 2015<\/b>\u201c.<\/p>\n<p class=\"paragraph\">La instituci\u00f3n, que se encuentra dentro de la \u00f3rbita de la <b>Jefatura de Gabinete de Ministros<\/b>, se constituye con las sumas que se le asignen en el Presupuesto de la Administraci\u00f3n Nacional; donaciones y legados al Estado nacional con fines tur\u00edsticos; intereses, recargos, multas y toda otra sanci\u00f3n pecuniaria derivada del incumplimiento de la mencionada ley, fondos provenientes de servicios prestados a terceros y de las concesiones que se otorgaren, adem\u00e1s del mencionado 7 por ciento del impuesto conocido como<b> DNT<\/b>, seg\u00fan lo que se detalla en la legislaci\u00f3n.<\/p>\n<p class=\"paragraph\">El principal objetivo es fomentar y regular la actividad tur\u00edstica nacional, priorizando el desarrollo sostenible y la calidad de los servicios tur\u00edsticos, cuya administraci\u00f3n corre por cuenta de la Vicejefatura de Gabinete del Interior, junto a la gesti\u00f3n de la <b>Secretar\u00eda de Turismo, Ambiente y Deportes<\/b>.<\/p>\n<p class=\"paragraph\">El texto adem\u00e1s cuenta con las firmas del canciller Gerardo Werthein; el titular de la cartera de Defensa, Luis Petri; el titular del Ministerio de Econom\u00eda, Luis Caputo; la titular de Seguridad, Patricia Bullrich; Sandra Pettovello, representante de la cartera de Capital Humano; y el ministro de Desregulaci\u00f3n, Federico Sturzenegger.<\/p>\n<div class=\" visual__image\"><picture><source srcset=\"https:\/\/www.infobae.com\/resizer\/v2\/R63B42WUGNCYTBDM6PFWQTD3J4.jpg?auth=19fe2d07416b296c439ed94eb0d792583be96c1b4884aee3ec7fda4ce98c00f9&amp;smart=true&amp;width=992&amp;height=661&amp;quality=85\" media=\"(min-width: 1000px)\"\/><source srcset=\"https:\/\/www.infobae.com\/resizer\/v2\/R63B42WUGNCYTBDM6PFWQTD3J4.jpg?auth=19fe2d07416b296c439ed94eb0d792583be96c1b4884aee3ec7fda4ce98c00f9&amp;smart=true&amp;width=768&amp;height=512&amp;quality=85\" media=\"(min-width: 768px)\"\/><source srcset=\"https:\/\/www.infobae.com\/resizer\/v2\/R63B42WUGNCYTBDM6PFWQTD3J4.jpg?auth=19fe2d07416b296c439ed94eb0d792583be96c1b4884aee3ec7fda4ce98c00f9&amp;smart=true&amp;width=577&amp;height=385&amp;quality=85\" media=\"(min-width: 580px)\"\/><source srcset=\"https:\/\/www.infobae.com\/resizer\/v2\/R63B42WUGNCYTBDM6PFWQTD3J4.jpg?auth=19fe2d07416b296c439ed94eb0d792583be96c1b4884aee3ec7fda4ce98c00f9&amp;smart=true&amp;width=420&amp;height=280&amp;quality=85\" media=\"(min-width: 350px)\"\/><source srcset=\"https:\/\/www.infobae.com\/resizer\/v2\/R63B42WUGNCYTBDM6PFWQTD3J4.jpg?auth=19fe2d07416b296c439ed94eb0d792583be96c1b4884aee3ec7fda4ce98c00f9&amp;smart=true&amp;width=350&amp;height=233&amp;quality=85\" media=\"(min-width: 80px)\"\/><img alt=\"Se mantiene el impuesto del\" class=\"global-image\" decoding=\"async\" fetchpriority=\"low\" height=\"1280\" loading=\"lazy\" src=\"https:\/\/www.infobae.com\/resizer\/v2\/R63B42WUGNCYTBDM6PFWQTD3J4.jpg?auth=19fe2d07416b296c439ed94eb0d792583be96c1b4884aee3ec7fda4ce98c00f9&amp;smart=true&amp;width=350&amp;height=233&amp;quality=85\" width=\"1920\"\/><\/picture><figcaption class=\"article-figcaption-img\">Se mantiene el impuesto del 7 por ciento a los pasajes de avi\u00f3n<\/figcaption><\/div>\n<p class=\"paragraph\">D\u00edas atr\u00e1s, la pr\u00f3rroga del impuesto sobre los pasajes a\u00e9reos al exterior estuvo en el centro de discusi\u00f3n en un momento de flexibilizaci\u00f3n de otros tributos. El <b>Ministerio de Econom\u00eda<\/b> hab\u00eda se\u00f1alado que dicha asignaci\u00f3n espec\u00edfica ya se hab\u00eda extendido hasta el 31 de diciembre de 2027. <\/p>\n<p class=\"paragraph\">Por su parte, las aerol\u00edneas hab\u00edan adoptado una postura de rechazo sobre el tributo se\u00f1alando que no se deber\u00eda seguir cobrando. Al igual que el CEO en Estudio Lisicki, Litvin &amp; Asociados, <b>Cesar Litvin<\/b>, quien se\u00f1al\u00f3, previo a que se tomara la medida a trav\u00e9s de un Decreto: \u201cNing\u00fan impuesto puede ser establecido o prorrogado por decreto. Las empresas no lo pueden cobrar porque no est\u00e1 vigente. Tiene que promulgarse una ley para volver a instaurarlo\u201d.<\/p>\n<p class=\"paragraph\">La decisi\u00f3n tomada por el Poder Ejecutivo en las \u00faltimas horas, se da en el marco de las medidas tributarias en materia de turismo, con la eliminaci\u00f3n del impuesto PAIS, el pasado 23 de diciembre, un arancel que encarec\u00eda los gastos que se realizaban con tarjeta en el exterior.<\/p>\n<\/div>\n<p><script defer=\"\">!function(f,b,e,v,n,t,s) {if(f.fbq)return;n=f.fbq=function(){n.callMethod? n.callMethod.apply(n,arguments):n.queue.push(arguments)}; if(!f._fbq)f._fbq=n;n.push=n;n.loaded=!0;n.version='2.0'; n.queue=[];t=b.createElement(e);t.async=!0; t.src=v;s=b.getElementsByTagName(e)[0]; s.parentNode.insertBefore(t,s)}(window, document,'script', ' fbq('init', '336383993555320'); fbq('track', 'PageView'); fbq('track', 'ViewContent');<\/script><script src=\"https:\/\/connect.facebook.net\/en_US\/sdk.js\" crossorigin=\"anonymous\" defer=\"\"><\/script><\/p>\n","protected":false},"excerpt":{"rendered":"<p>El Fondo Nacional de Turismo ten\u00eda fecha de vigencia hasta el 5 de enero del 2025 (Imagen Ilustrativa Infobae) A trav\u00e9s del Decreto 4\/2027, publicado este lunes en el Bolet\u00edn Oficial, el Gobierno decidi\u00f3 extender por dos a\u00f1os m\u00e1s el Fondo Nacional del Turismo y prorrog\u00f3 su vigencia hasta el 31 de diciembre del 2027. [&hellip;]<\/p>\n","protected":false},"author":2,"featured_media":31015,"comment_status":"","ping_status":"","sticky":false,"template":"","format":"standard","meta":{"footnotes":""},"categories":[2],"tags":[],"_links":{"self":[{"href":"https:\/\/maxradio923.com.ar\/index.php\/wp-json\/wp\/v2\/posts\/31014"}],"collection":[{"href":"https:\/\/maxradio923.com.ar\/index.php\/wp-json\/wp\/v2\/posts"}],"about":[{"href":"https:\/\/maxradio923.com.ar\/index.php\/wp-json\/wp\/v2\/types\/post"}],"author":[{"embeddable":true,"href":"https:\/\/maxradio923.com.ar\/index.php\/wp-json\/wp\/v2\/users\/2"}],"replies":[{"embeddable":true,"href":"https:\/\/maxradio923.com.ar\/index.php\/wp-json\/wp\/v2\/comments?post=31014"}],"version-history":[{"count":0,"href":"https:\/\/maxradio923.com.ar\/index.php\/wp-json\/wp\/v2\/posts\/31014\/revisions"}],"wp:featuredmedia":[{"embeddable":true,"href":"https:\/\/maxradio923.com.ar\/index.php\/wp-json\/wp\/v2\/media\/31015"}],"wp:attachment":[{"href":"https:\/\/maxradio923.com.ar\/index.php\/wp-json\/wp\/v2\/media?parent=31014"}],"wp:term":[{"taxonomy":"category","embeddable":true,"href":"https:\/\/maxradio923.com.ar\/index.php\/wp-json\/wp\/v2\/categories?post=31014"},{"taxonomy":"post_tag","embeddable":true,"href":"https:\/\/maxradio923.com.ar\/index.php\/wp-json\/wp\/v2\/tags?post=31014"}],"curies":[{"name":"wp","href":"https:\/\/api.w.org\/{rel}","templated":true}]}}