{"id":31007,"date":"2025-01-06T10:00:02","date_gmt":"2025-01-06T13:00:02","guid":{"rendered":"https:\/\/maxradio923.com.ar\/index.php\/2025\/01\/06\/tres-israelies-murieron-en-un-ataque-terrorista-palestino-en-el-norte-de-cisjordania\/"},"modified":"2025-01-06T10:00:02","modified_gmt":"2025-01-06T13:00:02","slug":"tres-israelies-murieron-en-un-ataque-terrorista-palestino-en-el-norte-de-cisjordania","status":"publish","type":"post","link":"https:\/\/maxradio923.com.ar\/index.php\/2025\/01\/06\/tres-israelies-murieron-en-un-ataque-terrorista-palestino-en-el-norte-de-cisjordania\/","title":{"rendered":"Tres israel\u00edes murieron en un ataque terrorista palestino en el norte de Cisjordania"},"content":{"rendered":"<p><\/p>\n<div>\n<div class=\" visual__image\"><picture><source srcset=\"https:\/\/www.infobae.com\/resizer\/v2\/GAW2J5PARRCITOIROEMIMPLF6M.jpg?auth=9cf74e06f7cdd45888813ba213d6f9d48f20664debc425fda43fc4df8c3c300b&amp;smart=true&amp;width=992&amp;height=558&amp;quality=85\" media=\"(min-width: 1000px)\"\/><source srcset=\"https:\/\/www.infobae.com\/resizer\/v2\/GAW2J5PARRCITOIROEMIMPLF6M.jpg?auth=9cf74e06f7cdd45888813ba213d6f9d48f20664debc425fda43fc4df8c3c300b&amp;smart=true&amp;width=768&amp;height=432&amp;quality=85\" media=\"(min-width: 768px)\"\/><source srcset=\"https:\/\/www.infobae.com\/resizer\/v2\/GAW2J5PARRCITOIROEMIMPLF6M.jpg?auth=9cf74e06f7cdd45888813ba213d6f9d48f20664debc425fda43fc4df8c3c300b&amp;smart=true&amp;width=577&amp;height=325&amp;quality=85\" media=\"(min-width: 580px)\"\/><source srcset=\"https:\/\/www.infobae.com\/resizer\/v2\/GAW2J5PARRCITOIROEMIMPLF6M.jpg?auth=9cf74e06f7cdd45888813ba213d6f9d48f20664debc425fda43fc4df8c3c300b&amp;smart=true&amp;width=420&amp;height=236&amp;quality=85\" media=\"(min-width: 350px)\"\/><source srcset=\"https:\/\/www.infobae.com\/resizer\/v2\/GAW2J5PARRCITOIROEMIMPLF6M.jpg?auth=9cf74e06f7cdd45888813ba213d6f9d48f20664debc425fda43fc4df8c3c300b&amp;smart=true&amp;width=350&amp;height=197&amp;quality=85\" media=\"(min-width: 80px)\"\/><img alt=\"Tres israel\u00edes murieron en un\" class=\"global-image\" decoding=\"async\" fetchpriority=\"high\" height=\"1080\" loading=\"eager\" src=\"https:\/\/www.infobae.com\/resizer\/v2\/GAW2J5PARRCITOIROEMIMPLF6M.jpg?auth=9cf74e06f7cdd45888813ba213d6f9d48f20664debc425fda43fc4df8c3c300b&amp;smart=true&amp;width=350&amp;height=197&amp;quality=85\" width=\"1920\"\/><\/picture><figcaption class=\"article-figcaption-img\">Tres israel\u00edes murieron en un ataque terrorista palestino en el norte de Cisjordania (ARCHIVO)<\/figcaption><\/div>\n<p class=\"paragraph\">Varios hombres <b>armados <\/b>abrieron fuego el lunes contra un autob\u00fas y otros veh\u00edculos cerca de un pueblo de la <b>Cisjordania<\/b> ocupada, <b>matando a tres personas<\/b> e <b>hiriendo a siete<\/b>, seg\u00fan informaron el ej\u00e9rcito y los servicios de emergencia israel\u00edes.<\/p>\n<p class=\"paragraph\">La violencia en Cisjordania se ha disparado desde que estall\u00f3 la <b>guerra en Gaza<\/b>, el 7 de octubre del a\u00f1o pasado, tras el ataque de <b>Hamas <\/b>contra <b>Israel<\/b>.<\/p>\n<p class=\"paragraph\">\u201cLos param\u00e9dicos han confirmado la muerte de tres v\u00edctimas, entre ellas dos mujeres y un hombre\u201d, dijo el proveedor de servicios de emergencia <b>Magen David Adom<\/b>.<\/p>\n<div class=\" visual__image\"><picture><source srcset=\"https:\/\/www.infobae.com\/resizer\/v2\/6HJJJG77CNT2KFFEQPTAAONDAQ.jpg?auth=98db0be61ced6ca0177afe64abf47d4d12a27c747608fa40cd054682403274ed&amp;smart=true&amp;width=992&amp;height=661&amp;quality=85\" media=\"(min-width: 1000px)\"\/><source srcset=\"https:\/\/www.infobae.com\/resizer\/v2\/6HJJJG77CNT2KFFEQPTAAONDAQ.jpg?auth=98db0be61ced6ca0177afe64abf47d4d12a27c747608fa40cd054682403274ed&amp;smart=true&amp;width=768&amp;height=512&amp;quality=85\" media=\"(min-width: 768px)\"\/><source srcset=\"https:\/\/www.infobae.com\/resizer\/v2\/6HJJJG77CNT2KFFEQPTAAONDAQ.jpg?auth=98db0be61ced6ca0177afe64abf47d4d12a27c747608fa40cd054682403274ed&amp;smart=true&amp;width=577&amp;height=385&amp;quality=85\" media=\"(min-width: 580px)\"\/><source srcset=\"https:\/\/www.infobae.com\/resizer\/v2\/6HJJJG77CNT2KFFEQPTAAONDAQ.jpg?auth=98db0be61ced6ca0177afe64abf47d4d12a27c747608fa40cd054682403274ed&amp;smart=true&amp;width=420&amp;height=280&amp;quality=85\" media=\"(min-width: 350px)\"\/><source srcset=\"https:\/\/www.infobae.com\/resizer\/v2\/6HJJJG77CNT2KFFEQPTAAONDAQ.jpg?auth=98db0be61ced6ca0177afe64abf47d4d12a27c747608fa40cd054682403274ed&amp;smart=true&amp;width=350&amp;height=233&amp;quality=85\" media=\"(min-width: 80px)\"\/><img alt=\"La violencia en Cisjordania se\" class=\"global-image\" decoding=\"async\" fetchpriority=\"low\" height=\"533\" loading=\"lazy\" src=\"https:\/\/www.infobae.com\/resizer\/v2\/6HJJJG77CNT2KFFEQPTAAONDAQ.jpg?auth=98db0be61ced6ca0177afe64abf47d4d12a27c747608fa40cd054682403274ed&amp;smart=true&amp;width=350&amp;height=233&amp;quality=85\" width=\"800\"\/><\/picture><figcaption class=\"article-figcaption-img\">La violencia en Cisjordania se ha recrudecido desde el inicio de la guerra en Gaza (REUTERS\/ARCHIVO)<\/figcaption><\/div>\n<p class=\"paragraph\">Los militares informaron de que las <b>tropas <\/b>estaban \u201cpersiguiendo a los <b>terroristas<\/b>\u201d que perpetraron el ataque <b>cerca de la aldea de Al-Funduq.<\/b><\/p>\n<p class=\"paragraph\">\u201cLlegaremos hasta los despreciables asesinos y<b> les haremos rendir cuentas<\/b>, as\u00ed como a cualquiera que les haya ayudado\u201d, dijo el primer ministro israel\u00ed, <b>Benjamin Netanyahu<\/b>, en un comunicado de su oficina. <b>\u201cNadie saldr\u00e1 indemne\u201d.<\/b><\/p>\n<p class=\"paragraph\">Magen David Adom dijo que sus param\u00e9dicos estaban proporcionando tratamiento a <b>siete personas<\/b> que estaban en el autob\u00fas, incluido el conductor, que se encontraba en <b>estado grave.<\/b><\/p>\n<p class=\"paragraph\">Las dos mujeres muertas en el tiroteo ten\u00edan unos 60 a\u00f1os, mientras que el hombre rondaba los 40, inform\u00f3 MDA.<\/p>\n<p class=\"paragraph\"><b>\u201cSe trat\u00f3 de un grave ataque que se extendi\u00f3 por m\u00faltiples escenarios en los que veh\u00edculos y un autob\u00fas fueron alcanzados por disparos\u201d<\/b>, dijo el param\u00e9dico Avichai Ben Zruya en un comunicado.<\/p>\n<p class=\"paragraph\">\u201cDurante nuestras primeras b\u00fasquedas de v\u00edctimas, encontramos a dos mujeres de unos 60 a\u00f1os en un veh\u00edculo, inconscientes, sin pulso ni respiraci\u00f3n, con heridas de bala\u201d, dijo.<\/p>\n<p class=\"paragraph\">\u201cTras las evaluaciones m\u00e9dicas, por desgracia, sus heridas eran graves y tuvimos que declararlas fallecidas\u201d.<\/p>\n<div class=\" visual__image\"><picture><source srcset=\"https:\/\/www.infobae.com\/resizer\/v2\/E35SO4NY3ZCEZFSCPDIQ7DEWIA.jpg?auth=5f9245fc3e94cf90bd3ef9a0f999c341259aa880c32f429b7902bb21759d36ce&amp;smart=true&amp;width=992&amp;height=661&amp;quality=85\" media=\"(min-width: 1000px)\"\/><source srcset=\"https:\/\/www.infobae.com\/resizer\/v2\/E35SO4NY3ZCEZFSCPDIQ7DEWIA.jpg?auth=5f9245fc3e94cf90bd3ef9a0f999c341259aa880c32f429b7902bb21759d36ce&amp;smart=true&amp;width=768&amp;height=512&amp;quality=85\" media=\"(min-width: 768px)\"\/><source srcset=\"https:\/\/www.infobae.com\/resizer\/v2\/E35SO4NY3ZCEZFSCPDIQ7DEWIA.jpg?auth=5f9245fc3e94cf90bd3ef9a0f999c341259aa880c32f429b7902bb21759d36ce&amp;smart=true&amp;width=577&amp;height=385&amp;quality=85\" media=\"(min-width: 580px)\"\/><source srcset=\"https:\/\/www.infobae.com\/resizer\/v2\/E35SO4NY3ZCEZFSCPDIQ7DEWIA.jpg?auth=5f9245fc3e94cf90bd3ef9a0f999c341259aa880c32f429b7902bb21759d36ce&amp;smart=true&amp;width=420&amp;height=280&amp;quality=85\" media=\"(min-width: 350px)\"\/><source srcset=\"https:\/\/www.infobae.com\/resizer\/v2\/E35SO4NY3ZCEZFSCPDIQ7DEWIA.jpg?auth=5f9245fc3e94cf90bd3ef9a0f999c341259aa880c32f429b7902bb21759d36ce&amp;smart=true&amp;width=350&amp;height=233&amp;quality=85\" media=\"(min-width: 80px)\"\/><img alt=\"El primer ministro Benjamin Netanyahu\" class=\"global-image\" decoding=\"async\" fetchpriority=\"low\" height=\"1278\" loading=\"lazy\" src=\"https:\/\/www.infobae.com\/resizer\/v2\/E35SO4NY3ZCEZFSCPDIQ7DEWIA.jpg?auth=5f9245fc3e94cf90bd3ef9a0f999c341259aa880c32f429b7902bb21759d36ce&amp;smart=true&amp;width=350&amp;height=233&amp;quality=85\" width=\"1920\"\/><\/picture><figcaption class=\"article-figcaption-img\">El primer ministro Benjamin Netanyahu conden\u00f3 el hecho (EUROPA PRESS\/ARCHIVO)<\/figcaption><\/div>\n<p class=\"paragraph\">El <b>ej\u00e9rcito <\/b>dijo que las tropas hab\u00edan establecido controles de carretera y estaban rodeando varias ciudades cercanas para detener a los atacantes.<\/p>\n<p class=\"paragraph\">El ministro de Seguridad Nacional de Israel, el ultraderechista <b>Itamar Ben Gvir<\/b>, dijo que hab\u00eda ordenado a los militares qu<b>e \u201cactuaran con fuerza\u201d<\/b> para encontrar a los atacantes.<\/p>\n<p class=\"paragraph\">\u201c<b>No toleraremos una realidad similar a la de Gaza en Judea y Samaria<\/b> (Cisjordania), y cualquiera que siga el camino de Hamas en Gaza y permita o ampare el asesinato y el da\u00f1o de jud\u00edos pagar\u00e1 un alto precio\u201d, dijo Ben Gvir en X.<\/p>\n<p class=\"paragraph\">El ministro de Finanzas, <b>Bezalel Smotrich<\/b>, otro miembro de <b>extrema derecha <\/b>de la coalici\u00f3n gobernante del pa\u00eds, tambi\u00e9n advirti\u00f3 de duras consecuencias tras el atentado.<\/p>\n<p class=\"paragraph\"><b>\u201cFunduq, Nablus y Yen\u00edn deber\u00edan parecerse a Yabalia\u201d<\/b>, dijo en un comunicado, en referencia a una ciudad ahora devastada en el norte de Gaza, \u201cpara que (la ciudad central israel\u00ed) Kfar Saba no se convierta, Dios no lo quiera, en la pr\u00f3xima Gaza\u201d.<\/p>\n<p class=\"paragraph\"><b>La violencia en Cisjordania se ha recrudecido desde el inicio de la guerra en Gaza<\/b>.<\/p>\n<p class=\"paragraph\">Las tropas israel\u00edes o los colonos han matado al menos a <b>818 palestinos en Cisjordania<\/b> desde que comenz\u00f3 la guerra, seg\u00fan el Ministerio de Sanidad, con sede en Ramala.<\/p>\n<p class=\"paragraph\">Los ataques palestinos contra israel\u00edes tambi\u00e9n <b>han matado al menos a 25 personas en Cisjordania<\/b> en el mismo periodo, seg\u00fan cifras oficiales israel\u00edes.<\/p>\n<p class=\"paragraph\"><i>(Con informaci\u00f3n de AFP)<\/i><\/p>\n<\/div>\n<p><script defer=\"\">!function(f,b,e,v,n,t,s) {if(f.fbq)return;n=f.fbq=function(){n.callMethod? n.callMethod.apply(n,arguments):n.queue.push(arguments)}; if(!f._fbq)f._fbq=n;n.push=n;n.loaded=!0;n.version='2.0'; n.queue=[];t=b.createElement(e);t.async=!0; t.src=v;s=b.getElementsByTagName(e)[0]; s.parentNode.insertBefore(t,s)}(window, document,'script', ' fbq('init', '336383993555320'); fbq('track', 'PageView'); fbq('track', 'ViewContent');<\/script><script src=\"https:\/\/connect.facebook.net\/en_US\/sdk.js\" crossorigin=\"anonymous\" defer=\"\"><\/script><\/p>\n","protected":false},"excerpt":{"rendered":"<p>Tres israel\u00edes murieron en un ataque terrorista palestino en el norte de Cisjordania (ARCHIVO) Varios hombres armados abrieron fuego el lunes contra un autob\u00fas y otros veh\u00edculos cerca de un pueblo de la Cisjordania ocupada, matando a tres personas e hiriendo a siete, seg\u00fan informaron el ej\u00e9rcito y los servicios de emergencia israel\u00edes. La violencia [&hellip;]<\/p>\n","protected":false},"author":2,"featured_media":31008,"comment_status":"","ping_status":"","sticky":false,"template":"","format":"standard","meta":{"footnotes":""},"categories":[3],"tags":[],"_links":{"self":[{"href":"https:\/\/maxradio923.com.ar\/index.php\/wp-json\/wp\/v2\/posts\/31007"}],"collection":[{"href":"https:\/\/maxradio923.com.ar\/index.php\/wp-json\/wp\/v2\/posts"}],"about":[{"href":"https:\/\/maxradio923.com.ar\/index.php\/wp-json\/wp\/v2\/types\/post"}],"author":[{"embeddable":true,"href":"https:\/\/maxradio923.com.ar\/index.php\/wp-json\/wp\/v2\/users\/2"}],"replies":[{"embeddable":true,"href":"https:\/\/maxradio923.com.ar\/index.php\/wp-json\/wp\/v2\/comments?post=31007"}],"version-history":[{"count":0,"href":"https:\/\/maxradio923.com.ar\/index.php\/wp-json\/wp\/v2\/posts\/31007\/revisions"}],"wp:featuredmedia":[{"embeddable":true,"href":"https:\/\/maxradio923.com.ar\/index.php\/wp-json\/wp\/v2\/media\/31008"}],"wp:attachment":[{"href":"https:\/\/maxradio923.com.ar\/index.php\/wp-json\/wp\/v2\/media?parent=31007"}],"wp:term":[{"taxonomy":"category","embeddable":true,"href":"https:\/\/maxradio923.com.ar\/index.php\/wp-json\/wp\/v2\/categories?post=31007"},{"taxonomy":"post_tag","embeddable":true,"href":"https:\/\/maxradio923.com.ar\/index.php\/wp-json\/wp\/v2\/tags?post=31007"}],"curies":[{"name":"wp","href":"https:\/\/api.w.org\/{rel}","templated":true}]}}