{"id":31000,"date":"2025-01-06T08:50:03","date_gmt":"2025-01-06T11:50:03","guid":{"rendered":"https:\/\/maxradio923.com.ar\/index.php\/2025\/01\/06\/israel-confirmo-que-hamas-no-informo-sobre-la-condicion-de-los-rehenes-que-estarian-dispuestos-a-liberar\/"},"modified":"2025-01-06T08:50:03","modified_gmt":"2025-01-06T11:50:03","slug":"israel-confirmo-que-hamas-no-informo-sobre-la-condicion-de-los-rehenes-que-estarian-dispuestos-a-liberar","status":"publish","type":"post","link":"https:\/\/maxradio923.com.ar\/index.php\/2025\/01\/06\/israel-confirmo-que-hamas-no-informo-sobre-la-condicion-de-los-rehenes-que-estarian-dispuestos-a-liberar\/","title":{"rendered":"Israel confirm\u00f3 que Hamas no inform\u00f3 sobre la condici\u00f3n de los rehenes que estar\u00edan dispuestos a liberar"},"content":{"rendered":"<p><\/p>\n<div>\n<div class=\" visual__image\"><picture><source srcset=\"https:\/\/www.infobae.com\/resizer\/v2\/653ODIQTSVEDDAK47WDAP6BCVA.jpg?auth=3a6950fc0b2e6c9098b3bc03fd0fbc6d647182b1ff411d924547b3034414eaaf&amp;smart=true&amp;width=992&amp;height=661&amp;quality=85\" media=\"(min-width: 1000px)\"\/><source srcset=\"https:\/\/www.infobae.com\/resizer\/v2\/653ODIQTSVEDDAK47WDAP6BCVA.jpg?auth=3a6950fc0b2e6c9098b3bc03fd0fbc6d647182b1ff411d924547b3034414eaaf&amp;smart=true&amp;width=768&amp;height=512&amp;quality=85\" media=\"(min-width: 768px)\"\/><source srcset=\"https:\/\/www.infobae.com\/resizer\/v2\/653ODIQTSVEDDAK47WDAP6BCVA.jpg?auth=3a6950fc0b2e6c9098b3bc03fd0fbc6d647182b1ff411d924547b3034414eaaf&amp;smart=true&amp;width=577&amp;height=385&amp;quality=85\" media=\"(min-width: 580px)\"\/><source srcset=\"https:\/\/www.infobae.com\/resizer\/v2\/653ODIQTSVEDDAK47WDAP6BCVA.jpg?auth=3a6950fc0b2e6c9098b3bc03fd0fbc6d647182b1ff411d924547b3034414eaaf&amp;smart=true&amp;width=420&amp;height=280&amp;quality=85\" media=\"(min-width: 350px)\"\/><source srcset=\"https:\/\/www.infobae.com\/resizer\/v2\/653ODIQTSVEDDAK47WDAP6BCVA.jpg?auth=3a6950fc0b2e6c9098b3bc03fd0fbc6d647182b1ff411d924547b3034414eaaf&amp;smart=true&amp;width=350&amp;height=233&amp;quality=85\" media=\"(min-width: 80px)\"\/><img alt=\"El primer ministro de Israel,\" class=\"global-image\" decoding=\"async\" fetchpriority=\"high\" height=\"1279\" loading=\"eager\" src=\"https:\/\/www.infobae.com\/resizer\/v2\/653ODIQTSVEDDAK47WDAP6BCVA.jpg?auth=3a6950fc0b2e6c9098b3bc03fd0fbc6d647182b1ff411d924547b3034414eaaf&amp;smart=true&amp;width=350&amp;height=233&amp;quality=85\" width=\"1920\"\/><\/picture><figcaption class=\"article-figcaption-img\">El primer ministro de Israel, Benjamin Netanyahu, durante una rueda de prensa en Jerusal\u00e9n. Avi Ohayon\/GPO\/dpa<br \/>\n<\/figcaption><\/div>\n<p class=\"paragraph\"><b>Israel <\/b>dijo el lunes que <b>Hamas <\/b>no ha dado informaci\u00f3n alguna sobre el estado de los <b>34 rehenes que el grupo isl\u00e1mico declar\u00f3 que estaba listo para liberar <\/b>en la primera fase de un posible acuerdo de intercambio.<\/p>\n<p class=\"paragraph\"><b>\u201cHasta ahora, Israel no ha recibido ninguna confirmaci\u00f3n o comentario de Hamas sobre el estado de los rehenes que aparecen en la lista\u201d<\/b>, dijo la oficina del primer ministro <b>Benjamin Netanyahu<\/b> en un comunicado despu\u00e9s de que un funcionario de Hamas entregara una <b>lista de 34 rehenes que el grupo estaba listo para liberar en la primera fase.<\/b><\/p>\n<p class=\"paragraph\">Un responsable de Hamas dijo a la <i>AFP <\/i>el domingo que el grupo islamista hab\u00eda \u201cacordado liberar a 34 prisioneros israel\u00edes, de una lista proporcionada por Israel, en la primera fase de un acuerdo de intercambio de prisioneros\u201d.<\/p>\n<p class=\"paragraph\"><b>\u201cLa lista de rehenes que se public\u00f3 en los medios de comunicaci\u00f3n no fue proporcionada por Israel a Hamas, sino inicialmente por Israel a los mediadores (de las negociaciones) en julio de 2024\u2033<\/b>, respondi\u00f3 la Oficina del Primer Ministro.<\/p>\n<div class=\" visual__image\"><picture><source srcset=\"https:\/\/www.infobae.com\/resizer\/v2\/VSOCP6JEP4LU3EEOXLWD25J2ZQ.jpg?auth=ba3dbd7a1ac065be6b7b78272401f7b4c69d54f75fe9d56d256c596af6202204&amp;smart=true&amp;width=992&amp;height=661&amp;quality=85\" media=\"(min-width: 1000px)\"\/><source srcset=\"https:\/\/www.infobae.com\/resizer\/v2\/VSOCP6JEP4LU3EEOXLWD25J2ZQ.jpg?auth=ba3dbd7a1ac065be6b7b78272401f7b4c69d54f75fe9d56d256c596af6202204&amp;smart=true&amp;width=768&amp;height=512&amp;quality=85\" media=\"(min-width: 768px)\"\/><source srcset=\"https:\/\/www.infobae.com\/resizer\/v2\/VSOCP6JEP4LU3EEOXLWD25J2ZQ.jpg?auth=ba3dbd7a1ac065be6b7b78272401f7b4c69d54f75fe9d56d256c596af6202204&amp;smart=true&amp;width=577&amp;height=385&amp;quality=85\" media=\"(min-width: 580px)\"\/><source srcset=\"https:\/\/www.infobae.com\/resizer\/v2\/VSOCP6JEP4LU3EEOXLWD25J2ZQ.jpg?auth=ba3dbd7a1ac065be6b7b78272401f7b4c69d54f75fe9d56d256c596af6202204&amp;smart=true&amp;width=420&amp;height=280&amp;quality=85\" media=\"(min-width: 350px)\"\/><source srcset=\"https:\/\/www.infobae.com\/resizer\/v2\/VSOCP6JEP4LU3EEOXLWD25J2ZQ.jpg?auth=ba3dbd7a1ac065be6b7b78272401f7b4c69d54f75fe9d56d256c596af6202204&amp;smart=true&amp;width=350&amp;height=233&amp;quality=85\" media=\"(min-width: 80px)\"\/><img alt=\"Carteles de rehenes israel\u00edes. REUTERS\/Adam\" class=\"global-image\" decoding=\"async\" fetchpriority=\"low\" height=\"533\" loading=\"lazy\" src=\"https:\/\/www.infobae.com\/resizer\/v2\/VSOCP6JEP4LU3EEOXLWD25J2ZQ.jpg?auth=ba3dbd7a1ac065be6b7b78272401f7b4c69d54f75fe9d56d256c596af6202204&amp;smart=true&amp;width=350&amp;height=233&amp;quality=85\" width=\"800\"\/><\/picture><figcaption class=\"article-figcaption-img\">Carteles de rehenes israel\u00edes. REUTERS\/Adam Gray<\/figcaption><\/div>\n<p class=\"paragraph\">El responsable de Hamas dijo que la lista de 34 rehenes, distribuida desde entonces por algunos medios de prensa, inclu\u00eda a <b>\u201ctodas las mujeres, enfermos, ni\u00f1os y ancianos\u201d <\/b>entre los rehenes israel\u00edes.<\/p>\n<p class=\"paragraph\">\u201cHamas y los grupos de resistencia necesitan alrededor <b>de una semana de calma para comunicarse con los secuestradores <\/b>e identificar a los (rehenes) muertos o vivos\u201d, agreg\u00f3.<\/p>\n<p class=\"paragraph\">\u201cEl temor es que Hamas utilice el posible acuerdo para<b> entregar fundamentalmente cuerpos de rehenes muertos<\/b>. Israel quiere evitar eso y<b> priorizar cautivos vivos en la primera fase<\/b>\u201d, indicaron a <i>EFE <\/i>fuentes israel\u00edes.<\/p>\n<p class=\"paragraph\">Por su parte, las familias de los rehenes afirmaron en un comunicado conjunto estar <b>\u201cprofundamente conmocionadas y angustiadas por la lista publicada esta ma\u00f1ana\u201d<\/b>.<\/p>\n<div class=\" visual__image\"><picture><source srcset=\"https:\/\/www.infobae.com\/resizer\/v2\/H6CQDT3TSZFEZL7SJDLM4EESEI.jpg?auth=832cb445d8a47056c7fd7d55b04bd6a00333240468e47911056f85ed280af472&amp;smart=true&amp;width=992&amp;height=661&amp;quality=85\" media=\"(min-width: 1000px)\"\/><source srcset=\"https:\/\/www.infobae.com\/resizer\/v2\/H6CQDT3TSZFEZL7SJDLM4EESEI.jpg?auth=832cb445d8a47056c7fd7d55b04bd6a00333240468e47911056f85ed280af472&amp;smart=true&amp;width=768&amp;height=512&amp;quality=85\" media=\"(min-width: 768px)\"\/><source srcset=\"https:\/\/www.infobae.com\/resizer\/v2\/H6CQDT3TSZFEZL7SJDLM4EESEI.jpg?auth=832cb445d8a47056c7fd7d55b04bd6a00333240468e47911056f85ed280af472&amp;smart=true&amp;width=577&amp;height=385&amp;quality=85\" media=\"(min-width: 580px)\"\/><source srcset=\"https:\/\/www.infobae.com\/resizer\/v2\/H6CQDT3TSZFEZL7SJDLM4EESEI.jpg?auth=832cb445d8a47056c7fd7d55b04bd6a00333240468e47911056f85ed280af472&amp;smart=true&amp;width=420&amp;height=280&amp;quality=85\" media=\"(min-width: 350px)\"\/><source srcset=\"https:\/\/www.infobae.com\/resizer\/v2\/H6CQDT3TSZFEZL7SJDLM4EESEI.jpg?auth=832cb445d8a47056c7fd7d55b04bd6a00333240468e47911056f85ed280af472&amp;smart=true&amp;width=350&amp;height=233&amp;quality=85\" media=\"(min-width: 80px)\"\/><img alt=\"Un carro de combate israel\u00ed\" class=\"global-image\" decoding=\"async\" fetchpriority=\"low\" height=\"1279\" loading=\"lazy\" src=\"https:\/\/www.infobae.com\/resizer\/v2\/H6CQDT3TSZFEZL7SJDLM4EESEI.jpg?auth=832cb445d8a47056c7fd7d55b04bd6a00333240468e47911056f85ed280af472&amp;smart=true&amp;width=350&amp;height=233&amp;quality=85\" width=\"1920\"\/><\/picture><figcaption class=\"article-figcaption-img\">Un carro de combate israel\u00ed en la Franja de Gaza (archivo). FUERZAS ARMADAS DE ISRAEL<br \/>\n<\/figcaption><\/div>\n<p class=\"paragraph\">\u201cHa llegado el momento de alcanzar un acuerdo integral que permita el regreso de todos los rehenes: m\u00e1s de la mitad siguen con vida y necesitan rehabilitaci\u00f3n, mientras que los asesinados deben ser devueltos para su entierro. No tenemos m\u00e1s tiempo que perder. \u00a1Debe sellarse ya un acuerdo de alto el fuego para los rehenes!\u201d, instaron.<\/p>\n<p class=\"paragraph\">Las negociaciones indirectas entre Hamas e Israel se reanudaron durante el fin de semana en Catar para un acuerdo sobre un alto el fuego y la liberaci\u00f3n de los rehenes cautivos en Gaza desde el ataque del movimiento palestino en suelo israel\u00ed el 7 de octubre de 2023.<\/p>\n<p class=\"paragraph\">A pesar de los intensos esfuerzos diplom\u00e1ticos bajo la \u00e9gida de Qatar, Egipto y Estados Unidos, <b>no se ha alcanzado ninguna tregua desde aquella alcanzada durante una semana de finales de noviembre de 2023<\/b>, que permiti\u00f3 la liberaci\u00f3n de 105 rehenes a cambio de 240 prisioneros palestinos en poder de Israel.<\/p>\n<p class=\"paragraph\">El ataque del 7 de octubre provoc\u00f3 la muerte de m\u00e1s de 1.200 personas del lado israel\u00ed, la mayor\u00eda de ellas civiles seg\u00fan un recuento basado en datos oficiales, de las cuales 251 personas fueron secuestradas. Un total de 96 personas siguen secuestradas en Gaza, 34 de las cuales han sido declaradas muertas por el ej\u00e9rcito.<\/p>\n<p class=\"paragraph\"><i>(con informaci\u00f3n de AFP y EFE)<\/i><\/p>\n<\/div>\n<p><script defer=\"\">!function(f,b,e,v,n,t,s) {if(f.fbq)return;n=f.fbq=function(){n.callMethod? n.callMethod.apply(n,arguments):n.queue.push(arguments)}; if(!f._fbq)f._fbq=n;n.push=n;n.loaded=!0;n.version='2.0'; n.queue=[];t=b.createElement(e);t.async=!0; t.src=v;s=b.getElementsByTagName(e)[0]; s.parentNode.insertBefore(t,s)}(window, document,'script', ' fbq('init', '336383993555320'); fbq('track', 'PageView'); fbq('track', 'ViewContent');<\/script><script src=\"https:\/\/connect.facebook.net\/en_US\/sdk.js\" crossorigin=\"anonymous\" defer=\"\"><\/script><\/p>\n","protected":false},"excerpt":{"rendered":"<p>El primer ministro de Israel, Benjamin Netanyahu, durante una rueda de prensa en Jerusal\u00e9n. Avi Ohayon\/GPO\/dpa Israel dijo el lunes que Hamas no ha dado informaci\u00f3n alguna sobre el estado de los 34 rehenes que el grupo isl\u00e1mico declar\u00f3 que estaba listo para liberar en la primera fase de un posible acuerdo de intercambio. \u201cHasta [&hellip;]<\/p>\n","protected":false},"author":2,"featured_media":31001,"comment_status":"","ping_status":"","sticky":false,"template":"","format":"standard","meta":{"footnotes":""},"categories":[3],"tags":[],"_links":{"self":[{"href":"https:\/\/maxradio923.com.ar\/index.php\/wp-json\/wp\/v2\/posts\/31000"}],"collection":[{"href":"https:\/\/maxradio923.com.ar\/index.php\/wp-json\/wp\/v2\/posts"}],"about":[{"href":"https:\/\/maxradio923.com.ar\/index.php\/wp-json\/wp\/v2\/types\/post"}],"author":[{"embeddable":true,"href":"https:\/\/maxradio923.com.ar\/index.php\/wp-json\/wp\/v2\/users\/2"}],"replies":[{"embeddable":true,"href":"https:\/\/maxradio923.com.ar\/index.php\/wp-json\/wp\/v2\/comments?post=31000"}],"version-history":[{"count":0,"href":"https:\/\/maxradio923.com.ar\/index.php\/wp-json\/wp\/v2\/posts\/31000\/revisions"}],"wp:featuredmedia":[{"embeddable":true,"href":"https:\/\/maxradio923.com.ar\/index.php\/wp-json\/wp\/v2\/media\/31001"}],"wp:attachment":[{"href":"https:\/\/maxradio923.com.ar\/index.php\/wp-json\/wp\/v2\/media?parent=31000"}],"wp:term":[{"taxonomy":"category","embeddable":true,"href":"https:\/\/maxradio923.com.ar\/index.php\/wp-json\/wp\/v2\/categories?post=31000"},{"taxonomy":"post_tag","embeddable":true,"href":"https:\/\/maxradio923.com.ar\/index.php\/wp-json\/wp\/v2\/tags?post=31000"}],"curies":[{"name":"wp","href":"https:\/\/api.w.org\/{rel}","templated":true}]}}