{"id":30995,"date":"2025-01-06T07:40:02","date_gmt":"2025-01-06T10:40:02","guid":{"rendered":"https:\/\/maxradio923.com.ar\/index.php\/2025\/01\/06\/combatio-con-coraje-en-dos-conflictos-mundiales-perdio-un-ojo-y-una-mano-pero-aseguro-que-disfrutaba-la-guerra\/"},"modified":"2025-01-06T07:40:02","modified_gmt":"2025-01-06T10:40:02","slug":"combatio-con-coraje-en-dos-conflictos-mundiales-perdio-un-ojo-y-una-mano-pero-aseguro-que-disfrutaba-la-guerra","status":"publish","type":"post","link":"https:\/\/maxradio923.com.ar\/index.php\/2025\/01\/06\/combatio-con-coraje-en-dos-conflictos-mundiales-perdio-un-ojo-y-una-mano-pero-aseguro-que-disfrutaba-la-guerra\/","title":{"rendered":"Combati\u00f3 con coraje en dos conflictos mundiales, perdi\u00f3 un ojo y una mano, pero asegur\u00f3 que disfrutaba la guerra"},"content":{"rendered":"<p><\/p>\n<div>\n<div class=\" visual__image\"><picture><source srcset=\"https:\/\/www.infobae.com\/resizer\/v2\/FMCUN32OWNGD7IZ6B5T6OZISVQ.jpg?auth=640ee2daea35663b8e388205f787837e2a91c1aea42c87b863cc8e374f938321&amp;smart=true&amp;width=992&amp;height=558&amp;quality=85\" media=\"(min-width: 1000px)\"\/><source srcset=\"https:\/\/www.infobae.com\/resizer\/v2\/FMCUN32OWNGD7IZ6B5T6OZISVQ.jpg?auth=640ee2daea35663b8e388205f787837e2a91c1aea42c87b863cc8e374f938321&amp;smart=true&amp;width=768&amp;height=432&amp;quality=85\" media=\"(min-width: 768px)\"\/><source srcset=\"https:\/\/www.infobae.com\/resizer\/v2\/FMCUN32OWNGD7IZ6B5T6OZISVQ.jpg?auth=640ee2daea35663b8e388205f787837e2a91c1aea42c87b863cc8e374f938321&amp;smart=true&amp;width=577&amp;height=325&amp;quality=85\" media=\"(min-width: 580px)\"\/><source srcset=\"https:\/\/www.infobae.com\/resizer\/v2\/FMCUN32OWNGD7IZ6B5T6OZISVQ.jpg?auth=640ee2daea35663b8e388205f787837e2a91c1aea42c87b863cc8e374f938321&amp;smart=true&amp;width=420&amp;height=236&amp;quality=85\" media=\"(min-width: 350px)\"\/><source srcset=\"https:\/\/www.infobae.com\/resizer\/v2\/FMCUN32OWNGD7IZ6B5T6OZISVQ.jpg?auth=640ee2daea35663b8e388205f787837e2a91c1aea42c87b863cc8e374f938321&amp;smart=true&amp;width=350&amp;height=197&amp;quality=85\" media=\"(min-width: 80px)\"\/><img alt=\"Adrian Carton de Wiart perdi\u00f3\" class=\"global-image\" decoding=\"async\" fetchpriority=\"high\" height=\"1080\" loading=\"eager\" src=\"https:\/\/www.infobae.com\/resizer\/v2\/FMCUN32OWNGD7IZ6B5T6OZISVQ.jpg?auth=640ee2daea35663b8e388205f787837e2a91c1aea42c87b863cc8e374f938321&amp;smart=true&amp;width=350&amp;height=197&amp;quality=85\" width=\"1920\"\/><\/picture><figcaption class=\"article-figcaption-img\">Adrian Carton de Wiart perdi\u00f3 un ojo, una mano y sufri\u00f3 ocho heridas graves en combate, pero nunca dej\u00f3 de liderar con valent\u00eda en los campos de batalla de dos guerras mundiales (Wikipedia)<\/figcaption><\/div>\n<p class=\"paragraph\"><b>Adrian Carton de Wiart<\/b> naci\u00f3 el 5 de mayo de<b> 1880 <\/b>en Bruselas, en el seno de una familia aristocr\u00e1tica belga. Desde joven, su vida parec\u00eda destinada a la comodidad y la sofisticaci\u00f3n que correspond\u00edan a su posici\u00f3n social. Pero el destino y su propia naturaleza rebelde lo llevaron por caminos inusitados.<\/p>\n<p class=\"paragraph\">Su infancia transcurri\u00f3 entre privilegios, bajo la tutela de padres que le ofrecieron una educaci\u00f3n de \u00e9lite. Su madre muri\u00f3 cuando \u00e9l era peque\u00f1o, y su padre, hombre de negocios y diplom\u00e1tico, lo envi\u00f3 a Inglaterra a estudiar. As\u00ed fue como Adrian creci\u00f3 en un entorno que combinaba el rigor acad\u00e9mico y las tradiciones brit\u00e1nicas.<\/p>\n<p class=\"paragraph\">Adolescente a\u00fan, ingres\u00f3 en el <i>Balliol College de Oxford<\/i> para estudiar <b>Derecho<\/b>, pero la vida universitaria no lo cautiv\u00f3. En 1899, con tan solo 19 a\u00f1os y fascinado por los relatos de guerra, decidi\u00f3 abandonar los estudios. Con el ardor juvenil como \u00fanico motor, se dirigi\u00f3 a<b> Sud\u00e1frica <\/b>para unirse a las tropas brit\u00e1nicas que combat\u00edan en la <b>Segunda Guerra Anglo-B\u00f3er.<\/b><\/p>\n<div class=\" visual__image\"><picture><source srcset=\"https:\/\/www.infobae.com\/resizer\/v2\/O27V32QT35BCJPMMKA46SR2EQQ.jpg?auth=5918ac5448102e24a8bc1f4c9d990aa86b14c7990a03d6e50fc642adbe88fca5&amp;smart=true&amp;width=992&amp;height=1488&amp;quality=85\" media=\"(min-width: 1000px)\"\/><source srcset=\"https:\/\/www.infobae.com\/resizer\/v2\/O27V32QT35BCJPMMKA46SR2EQQ.jpg?auth=5918ac5448102e24a8bc1f4c9d990aa86b14c7990a03d6e50fc642adbe88fca5&amp;smart=true&amp;width=768&amp;height=1152&amp;quality=85\" media=\"(min-width: 768px)\"\/><source srcset=\"https:\/\/www.infobae.com\/resizer\/v2\/O27V32QT35BCJPMMKA46SR2EQQ.jpg?auth=5918ac5448102e24a8bc1f4c9d990aa86b14c7990a03d6e50fc642adbe88fca5&amp;smart=true&amp;width=577&amp;height=866&amp;quality=85\" media=\"(min-width: 580px)\"\/><source srcset=\"https:\/\/www.infobae.com\/resizer\/v2\/O27V32QT35BCJPMMKA46SR2EQQ.jpg?auth=5918ac5448102e24a8bc1f4c9d990aa86b14c7990a03d6e50fc642adbe88fca5&amp;smart=true&amp;width=420&amp;height=630&amp;quality=85\" media=\"(min-width: 350px)\"\/><source srcset=\"https:\/\/www.infobae.com\/resizer\/v2\/O27V32QT35BCJPMMKA46SR2EQQ.jpg?auth=5918ac5448102e24a8bc1f4c9d990aa86b14c7990a03d6e50fc642adbe88fca5&amp;smart=true&amp;width=350&amp;height=525&amp;quality=85\" media=\"(min-width: 80px)\"\/><img alt=\"Capturado en la Segunda Guerra\" class=\"global-image\" decoding=\"async\" fetchpriority=\"low\" height=\"2832\" loading=\"lazy\" src=\"https:\/\/www.infobae.com\/resizer\/v2\/O27V32QT35BCJPMMKA46SR2EQQ.jpg?auth=5918ac5448102e24a8bc1f4c9d990aa86b14c7990a03d6e50fc642adbe88fca5&amp;smart=true&amp;width=350&amp;height=525&amp;quality=85\" width=\"1920\"\/><\/picture><figcaption class=\"article-figcaption-img\">Capturado en la Segunda Guerra Mundial, cinco veces intent\u00f3 escapar de un campo de prisioneros italiano (Wikipedia)<\/figcaption><\/div>\n<p class=\"paragraph\">Como era demasiado joven para enlistarse legalmente, minti\u00f3 sobre su edad y su identidad, adoptando un nombre falso y sumando a\u00f1os a su corta vida. All\u00ed, en un terreno polvoriento y hostil, recibi\u00f3 sus primeras <b>heridas<\/b> de bala, una en el <b>est\u00f3mago <\/b>y otra en la <b>ingle.<\/b> Fue enviado de vuelta a Inglaterra para recuperarse, pero esta experiencia inicial de combate apenas ser\u00eda el preludio de una vida marcada por las cicatrices de guerra.<\/p>\n<p class=\"paragraph\">En <b>1901<\/b>, despu\u00e9s de haber sido naturalizado ciudadano brit\u00e1nico, comenz\u00f3 su carrera militar oficial al unirse al 4\u00ba Regimiento de Dragones Reales. Durante los a\u00f1os que siguieron, Carton de Wiart se forj\u00f3 una reputaci\u00f3n de hombre intr\u00e9pido y, en ocasiones, imprudente. La Primera Guerra Mundial lo encontr\u00f3 sirviendo en <b>Somalilandia,<\/b> donde combati\u00f3 contra los seguidores de Mohammed bin Abdullah, conocido como el \u201cMullah Loco\u201d.<\/p>\n<p class=\"paragraph\">Fue durante uno de esos enfrentamientos que recibi\u00f3 un disparo<b> <\/b>en el rostro, perdiendo el ojo izquierdo por lo que desde entonces llev\u00f3 el <b>parche negro<\/b> que se convertir\u00eda en su distintivo. Lejos de amilanarse, consider\u00f3 este<b> incidente <\/b>como<b> <\/b>una suerte de <b>bendici\u00f3n:<\/b> la herida le permiti\u00f3 regresar a Europa, donde cre\u00eda que estaba el \u201cverdadero\u201d combate.<\/p>\n<div class=\" visual__image\"><picture><source srcset=\"https:\/\/www.infobae.com\/resizer\/v2\/4HGUBTCIAJD6LEG5DZL7DRXYOU.jpg?auth=acd3ae7bee04609bd3b4ed207dd19ef04f539beb2386c37002acf3f9cca038ab&amp;smart=true&amp;width=992&amp;height=558&amp;quality=85\" media=\"(min-width: 1000px)\"\/><source srcset=\"https:\/\/www.infobae.com\/resizer\/v2\/4HGUBTCIAJD6LEG5DZL7DRXYOU.jpg?auth=acd3ae7bee04609bd3b4ed207dd19ef04f539beb2386c37002acf3f9cca038ab&amp;smart=true&amp;width=768&amp;height=432&amp;quality=85\" media=\"(min-width: 768px)\"\/><source srcset=\"https:\/\/www.infobae.com\/resizer\/v2\/4HGUBTCIAJD6LEG5DZL7DRXYOU.jpg?auth=acd3ae7bee04609bd3b4ed207dd19ef04f539beb2386c37002acf3f9cca038ab&amp;smart=true&amp;width=577&amp;height=325&amp;quality=85\" media=\"(min-width: 580px)\"\/><source srcset=\"https:\/\/www.infobae.com\/resizer\/v2\/4HGUBTCIAJD6LEG5DZL7DRXYOU.jpg?auth=acd3ae7bee04609bd3b4ed207dd19ef04f539beb2386c37002acf3f9cca038ab&amp;smart=true&amp;width=420&amp;height=236&amp;quality=85\" media=\"(min-width: 350px)\"\/><source srcset=\"https:\/\/www.infobae.com\/resizer\/v2\/4HGUBTCIAJD6LEG5DZL7DRXYOU.jpg?auth=acd3ae7bee04609bd3b4ed207dd19ef04f539beb2386c37002acf3f9cca038ab&amp;smart=true&amp;width=350&amp;height=197&amp;quality=85\" media=\"(min-width: 80px)\"\/><img alt=\"Durante la Batalla del Somme,\" class=\"global-image\" decoding=\"async\" fetchpriority=\"low\" height=\"1080\" loading=\"lazy\" src=\"https:\/\/www.infobae.com\/resizer\/v2\/4HGUBTCIAJD6LEG5DZL7DRXYOU.jpg?auth=acd3ae7bee04609bd3b4ed207dd19ef04f539beb2386c37002acf3f9cca038ab&amp;smart=true&amp;width=350&amp;height=197&amp;quality=85\" width=\"1920\"\/><\/picture><figcaption class=\"article-figcaption-img\">Durante la Batalla del Somme, con un ojo y una mano menos, lider\u00f3 a sus tropas bajo un fuego devastador, gan\u00e1ndose la Cruz Victoria por su hero\u00edsmo (Wikipedia)<\/figcaption><\/div>\n<p class=\"paragraph\">En los campos de batalla de la Primera Guerra Mundial, Carton de Wiart consolid\u00f3 su estatus como <b>leyenda viviente<\/b>. En 1915, durante la Segunda Batalla de Ypres, su mano izquierda fue destrozada por la metralla. Seg\u00fan su propia narraci\u00f3n en <i>Happy Odyssey<\/i>, su autobiograf\u00eda, decidi\u00f3 arrancarse dos dedos da\u00f1ados con los dientes despu\u00e9s de que un cirujano se negara a amputarlos.<\/p>\n<p class=\"paragraph\">Finalmente, la mano entera tuvo que ser removida, dej\u00e1ndolo con un brazo mutilado. Pero esto no lo detuvo. Volvi\u00f3 al frente, armado con una energ\u00eda que inspiraba tanto a sus hombres como a quienes lo rodeaban. Durante la <b>Batalla del Somme<\/b>, se destac\u00f3 nuevamente al liderar a sus tropas bajo un fuego enemigo devastador, gan\u00e1ndose la Cruz Victoria, la condecoraci\u00f3n militar m\u00e1s alta del Reino Unido.<\/p>\n<p class=\"paragraph\">La guerra fue para \u00e9l, como lo expres\u00f3 con una claridad inquietante en su autobiograf\u00eda, una experiencia emocionante. \u201c<b>Francamente, disfrut\u00e9 la guerra\u201d,<\/b> escribi\u00f3. Este sentimiento, dif\u00edcil de comprender para muchos, refleja su esp\u00edritu combativo y su actitud casi despreocupada frente al peligro y las p\u00e9rdidas f\u00edsicas. A lo largo de su carrera, recibi\u00f3 un total de <b>ocho heridas graves,<\/b> incluyendo impactos en la cadera, el cr\u00e1neo, la pierna y el o\u00eddo. En m\u00e1s de una ocasi\u00f3n, su cuerpo fue tan castigado que los m\u00e9dicos asumieron que no sobrevivir\u00eda.<\/p>\n<div class=\" visual__image\"><picture><source srcset=\"https:\/\/www.infobae.com\/resizer\/v2\/Z6SNDUGP5ZAH7JSBFYQIBD2VDI.jpg?auth=4f4ee00424a4ae2e1b2f99a6018bd8242429b6603665701a43acefef2bab5dd5&amp;smart=true&amp;width=992&amp;height=558&amp;quality=85\" media=\"(min-width: 1000px)\"\/><source srcset=\"https:\/\/www.infobae.com\/resizer\/v2\/Z6SNDUGP5ZAH7JSBFYQIBD2VDI.jpg?auth=4f4ee00424a4ae2e1b2f99a6018bd8242429b6603665701a43acefef2bab5dd5&amp;smart=true&amp;width=768&amp;height=432&amp;quality=85\" media=\"(min-width: 768px)\"\/><source srcset=\"https:\/\/www.infobae.com\/resizer\/v2\/Z6SNDUGP5ZAH7JSBFYQIBD2VDI.jpg?auth=4f4ee00424a4ae2e1b2f99a6018bd8242429b6603665701a43acefef2bab5dd5&amp;smart=true&amp;width=577&amp;height=325&amp;quality=85\" media=\"(min-width: 580px)\"\/><source srcset=\"https:\/\/www.infobae.com\/resizer\/v2\/Z6SNDUGP5ZAH7JSBFYQIBD2VDI.jpg?auth=4f4ee00424a4ae2e1b2f99a6018bd8242429b6603665701a43acefef2bab5dd5&amp;smart=true&amp;width=420&amp;height=236&amp;quality=85\" media=\"(min-width: 350px)\"\/><source srcset=\"https:\/\/www.infobae.com\/resizer\/v2\/Z6SNDUGP5ZAH7JSBFYQIBD2VDI.jpg?auth=4f4ee00424a4ae2e1b2f99a6018bd8242429b6603665701a43acefef2bab5dd5&amp;smart=true&amp;width=350&amp;height=197&amp;quality=85\" media=\"(min-width: 80px)\"\/><img alt=\"A pesar de su valent\u00eda\" class=\"global-image\" decoding=\"async\" fetchpriority=\"low\" height=\"1080\" loading=\"lazy\" src=\"https:\/\/www.infobae.com\/resizer\/v2\/Z6SNDUGP5ZAH7JSBFYQIBD2VDI.jpg?auth=4f4ee00424a4ae2e1b2f99a6018bd8242429b6603665701a43acefef2bab5dd5&amp;smart=true&amp;width=350&amp;height=197&amp;quality=85\" width=\"1920\"\/><\/picture><figcaption class=\"article-figcaption-img\">A pesar de su valent\u00eda y sacrificios, la historia de Adrian Carton de Wiart sigue siendo poco conocida (Wikipedia)<\/figcaption><\/div>\n<p class=\"paragraph\">Concluida la Primera Guerra Mundial, Carton de Wiart continu\u00f3 su servicio militar, desempe\u00f1\u00e1ndose en misiones diplom\u00e1ticas en <b>Polonia <\/b>durante los a\u00f1os de entreguerras. Pero su destino segu\u00eda ligado al fragor del combate. Cuando estall\u00f3 la Segunda Guerra Mundial, a pesar de tener m\u00e1s de <b>60 a\u00f1os<\/b>, volvi\u00f3 a la acci\u00f3n. Fue asignado a una operaci\u00f3n en Noruega para frenar el avance alem\u00e1n, misi\u00f3n que fracas\u00f3 debido a la falta de suministros.<\/p>\n<p class=\"paragraph\">Poco despu\u00e9s, en <b>1941<\/b>, mientras se dirig\u00eda a Yugoslavia como l\u00edder de una misi\u00f3n brit\u00e1nica, su avi\u00f3n se estrell\u00f3 en el Mediterr\u00e1neo. Sobrevivi\u00f3 al accidente y nad\u00f3 hasta la costa de la Libia italiana, donde fue capturado por las fuerzas fascistas.<\/p>\n<div class=\" visual__image\"><picture><source srcset=\"https:\/\/www.infobae.com\/resizer\/v2\/YDWTIMTGFJDM3K35HTZUCFEB7A.jpg?auth=ca25ab56e97ceb533417c7e012651a51597c36d1d79925f076c950ae31cdfe5e&amp;smart=true&amp;width=992&amp;height=1323&amp;quality=85\" media=\"(min-width: 1000px)\"\/><source srcset=\"https:\/\/www.infobae.com\/resizer\/v2\/YDWTIMTGFJDM3K35HTZUCFEB7A.jpg?auth=ca25ab56e97ceb533417c7e012651a51597c36d1d79925f076c950ae31cdfe5e&amp;smart=true&amp;width=768&amp;height=1024&amp;quality=85\" media=\"(min-width: 768px)\"\/><source srcset=\"https:\/\/www.infobae.com\/resizer\/v2\/YDWTIMTGFJDM3K35HTZUCFEB7A.jpg?auth=ca25ab56e97ceb533417c7e012651a51597c36d1d79925f076c950ae31cdfe5e&amp;smart=true&amp;width=577&amp;height=769&amp;quality=85\" media=\"(min-width: 580px)\"\/><source srcset=\"https:\/\/www.infobae.com\/resizer\/v2\/YDWTIMTGFJDM3K35HTZUCFEB7A.jpg?auth=ca25ab56e97ceb533417c7e012651a51597c36d1d79925f076c950ae31cdfe5e&amp;smart=true&amp;width=420&amp;height=560&amp;quality=85\" media=\"(min-width: 350px)\"\/><source srcset=\"https:\/\/www.infobae.com\/resizer\/v2\/YDWTIMTGFJDM3K35HTZUCFEB7A.jpg?auth=ca25ab56e97ceb533417c7e012651a51597c36d1d79925f076c950ae31cdfe5e&amp;smart=true&amp;width=350&amp;height=467&amp;quality=85\" media=\"(min-width: 80px)\"\/><img alt=\"(Wikipedia)\" class=\"global-image\" decoding=\"async\" fetchpriority=\"low\" height=\"2522\" loading=\"lazy\" src=\"https:\/\/www.infobae.com\/resizer\/v2\/YDWTIMTGFJDM3K35HTZUCFEB7A.jpg?auth=ca25ab56e97ceb533417c7e012651a51597c36d1d79925f076c950ae31cdfe5e&amp;smart=true&amp;width=350&amp;height=467&amp;quality=85\" width=\"1920\"\/><\/picture><figcaption class=\"article-figcaption-img\">(Wikipedia)<\/figcaption><\/div>\n<p class=\"paragraph\">Como prisionero de guerra, Carton de Wiart demostr\u00f3 que su esp\u00edritu indomable no conoc\u00eda l\u00edmites. Intent\u00f3 escapar de los italianos en cinco ocasiones, logrando eludir la captura durante ocho d\u00edas en una de ellas, a pesar de ser f\u00e1cilmente reconocible por su parche en el ojo y la falta de una mano. Finalmente, fue liberado en 1943 y enviado por Winston Churchill a China, donde sirvi\u00f3 como representante brit\u00e1nico ante Chiang Kai-shek durante los \u00faltimos a\u00f1os del conflicto.<\/p>\n<p class=\"paragraph\">En sus \u00faltimos a\u00f1os, Carton de Wiart se retir\u00f3 a Irlanda, donde dedic\u00f3 su tiempo a la pesca, una actividad que contrastaba profundamente con la intensidad de su vida anterior. Falleci\u00f3 pac\u00edficamente en 1963, a los <b>83 a\u00f1os<\/b>, habiendo sobrevivido a m\u00e1s heridas y peligros de los que la mayor\u00eda de las personas podr\u00edan imaginar.<\/p>\n<\/div>\n<p><script defer=\"\">!function(f,b,e,v,n,t,s) {if(f.fbq)return;n=f.fbq=function(){n.callMethod? n.callMethod.apply(n,arguments):n.queue.push(arguments)}; if(!f._fbq)f._fbq=n;n.push=n;n.loaded=!0;n.version='2.0'; n.queue=[];t=b.createElement(e);t.async=!0; t.src=v;s=b.getElementsByTagName(e)[0]; s.parentNode.insertBefore(t,s)}(window, document,'script', ' fbq('init', '336383993555320'); fbq('track', 'PageView'); fbq('track', 'ViewContent');<\/script><script src=\"https:\/\/connect.facebook.net\/en_US\/sdk.js\" crossorigin=\"anonymous\" defer=\"\"><\/script><\/p>\n","protected":false},"excerpt":{"rendered":"<p>Adrian Carton de Wiart perdi\u00f3 un ojo, una mano y sufri\u00f3 ocho heridas graves en combate, pero nunca dej\u00f3 de liderar con valent\u00eda en los campos de batalla de dos guerras mundiales (Wikipedia) Adrian Carton de Wiart naci\u00f3 el 5 de mayo de 1880 en Bruselas, en el seno de una familia aristocr\u00e1tica belga. Desde [&hellip;]<\/p>\n","protected":false},"author":2,"featured_media":30996,"comment_status":"","ping_status":"","sticky":false,"template":"","format":"standard","meta":{"footnotes":""},"categories":[3],"tags":[],"_links":{"self":[{"href":"https:\/\/maxradio923.com.ar\/index.php\/wp-json\/wp\/v2\/posts\/30995"}],"collection":[{"href":"https:\/\/maxradio923.com.ar\/index.php\/wp-json\/wp\/v2\/posts"}],"about":[{"href":"https:\/\/maxradio923.com.ar\/index.php\/wp-json\/wp\/v2\/types\/post"}],"author":[{"embeddable":true,"href":"https:\/\/maxradio923.com.ar\/index.php\/wp-json\/wp\/v2\/users\/2"}],"replies":[{"embeddable":true,"href":"https:\/\/maxradio923.com.ar\/index.php\/wp-json\/wp\/v2\/comments?post=30995"}],"version-history":[{"count":0,"href":"https:\/\/maxradio923.com.ar\/index.php\/wp-json\/wp\/v2\/posts\/30995\/revisions"}],"wp:featuredmedia":[{"embeddable":true,"href":"https:\/\/maxradio923.com.ar\/index.php\/wp-json\/wp\/v2\/media\/30996"}],"wp:attachment":[{"href":"https:\/\/maxradio923.com.ar\/index.php\/wp-json\/wp\/v2\/media?parent=30995"}],"wp:term":[{"taxonomy":"category","embeddable":true,"href":"https:\/\/maxradio923.com.ar\/index.php\/wp-json\/wp\/v2\/categories?post=30995"},{"taxonomy":"post_tag","embeddable":true,"href":"https:\/\/maxradio923.com.ar\/index.php\/wp-json\/wp\/v2\/tags?post=30995"}],"curies":[{"name":"wp","href":"https:\/\/api.w.org\/{rel}","templated":true}]}}