{"id":30991,"date":"2025-01-06T07:05:02","date_gmt":"2025-01-06T10:05:02","guid":{"rendered":"https:\/\/maxradio923.com.ar\/index.php\/2025\/01\/06\/la-rutina-diaria-de-daniel-ek-ceo-de-spotify-el-justo-equilibrio-entre-la-familia-y-el-trabajo\/"},"modified":"2025-01-06T07:05:02","modified_gmt":"2025-01-06T10:05:02","slug":"la-rutina-diaria-de-daniel-ek-ceo-de-spotify-el-justo-equilibrio-entre-la-familia-y-el-trabajo","status":"publish","type":"post","link":"https:\/\/maxradio923.com.ar\/index.php\/2025\/01\/06\/la-rutina-diaria-de-daniel-ek-ceo-de-spotify-el-justo-equilibrio-entre-la-familia-y-el-trabajo\/","title":{"rendered":"La rutina diaria de Daniel Ek, CEO de Spotify: el justo equilibrio entre la familia y el trabajo"},"content":{"rendered":"<p><\/p>\n<div>\n<div class=\" visual__image\"><picture><source srcset=\"https:\/\/www.infobae.com\/resizer\/v2\/5IQ6X7HJ2Z7MJ63H73A5E3FMEM.jpg?auth=b3c744564de26efc09b743954866dd730e1230fe3bf56609d61aaf7b390323a7&amp;smart=true&amp;width=992&amp;height=661&amp;quality=85\" media=\"(min-width: 1000px)\"\/><source srcset=\"https:\/\/www.infobae.com\/resizer\/v2\/5IQ6X7HJ2Z7MJ63H73A5E3FMEM.jpg?auth=b3c744564de26efc09b743954866dd730e1230fe3bf56609d61aaf7b390323a7&amp;smart=true&amp;width=768&amp;height=512&amp;quality=85\" media=\"(min-width: 768px)\"\/><source srcset=\"https:\/\/www.infobae.com\/resizer\/v2\/5IQ6X7HJ2Z7MJ63H73A5E3FMEM.jpg?auth=b3c744564de26efc09b743954866dd730e1230fe3bf56609d61aaf7b390323a7&amp;smart=true&amp;width=577&amp;height=385&amp;quality=85\" media=\"(min-width: 580px)\"\/><source srcset=\"https:\/\/www.infobae.com\/resizer\/v2\/5IQ6X7HJ2Z7MJ63H73A5E3FMEM.jpg?auth=b3c744564de26efc09b743954866dd730e1230fe3bf56609d61aaf7b390323a7&amp;smart=true&amp;width=420&amp;height=280&amp;quality=85\" media=\"(min-width: 350px)\"\/><source srcset=\"https:\/\/www.infobae.com\/resizer\/v2\/5IQ6X7HJ2Z7MJ63H73A5E3FMEM.jpg?auth=b3c744564de26efc09b743954866dd730e1230fe3bf56609d61aaf7b390323a7&amp;smart=true&amp;width=350&amp;height=233&amp;quality=85\" media=\"(min-width: 80px)\"\/><img alt=\"Daniel Ek, CEO de Spotify,\" class=\"global-image\" decoding=\"async\" fetchpriority=\"high\" height=\"2120\" loading=\"eager\" src=\"https:\/\/www.infobae.com\/resizer\/v2\/5IQ6X7HJ2Z7MJ63H73A5E3FMEM.jpg?auth=b3c744564de26efc09b743954866dd730e1230fe3bf56609d61aaf7b390323a7&amp;smart=true&amp;width=350&amp;height=233&amp;quality=85\" width=\"3088\"\/><\/picture><figcaption class=\"article-figcaption-img\">Daniel Ek, CEO de Spotify, prioriza la creatividad y el equilibrio personal sobre jornadas de trabajo extensas (REUTERS)<\/figcaption><\/div>\n<p class=\"paragraph\"><b>Daniel Ek<\/b>, CEO y cofundador de Spotify, implement\u00f3 un enfoque de vida y trabajo que se aparta de los est\u00e1ndares tradicionales en el mundo corporativo. Mientras que muchos l\u00edderes empresariales adoptan jornadas extensas y comienzan sus d\u00edas a tempranas horas, Ek <b>prioriza la creatividad, el equilibrio personal y la eficiencia en su rutina diaria. <\/b>Seg\u00fan <i>Business Insider<\/i>, su enfoque est\u00e1 profundamente influenciado por la cultura sueca y se basa en el balance entre la vida laboral y personal.<\/p>\n<p class=\"paragraph\">Ek <b>comienza su d\u00eda a las 6:30 a.m.<\/b>, un horario que \u00e9l mismo considera \u201cincre\u00edblemente tard\u00edo\u201d en comparaci\u00f3n con otros l\u00edderes empresariales como Tim Cook, CEO de Apple, quien se despierta a las 3:45 a.m., o Steve Squeri, de American Express, quien lo hace a las 5:45 a.m. Sin embargo, Ek <b>dedica esta primera hora a estar con su esposa e hijos<\/b>, fortaleciendo sus v\u00ednculos familiares antes de iniciar su rutina laboral.<\/p>\n<p class=\"paragraph\">A las 7:30 a.m., realiza su <b>entrenamiento f\u00edsico diario<\/b>, una actividad que complementa con una <b>caminata <\/b>a las 8:30 a.m., incluso en los inviernos severos de Suecia. Durante estas caminatas, Ek encuentra un espacio para la reflexi\u00f3n y la creatividad. En un tuit de junio de 2023, afirm\u00f3: <b>\u201cHe construido tantas relaciones significativas y tenido conversaciones impactantes caminando, que probablemente sea uno de mis mayores secretos de vida\u201d.<\/b> Adem\u00e1s, fomenta reuniones caminando, un h\u00e1bito que no solo le permite mantenerse activo, sino tambi\u00e9n pensar con claridad en temas estrat\u00e9gicos.<\/p>\n<div class=\" visual__image\"><picture><source srcset=\"https:\/\/www.infobae.com\/resizer\/v2\/TMEFNDGGTFEIIBJCDT5XPVV2HM.jpg?auth=5886a30c376ce3a001922db4949931e381aa025f7f77e9d0c79a4a8d8ae3585d&amp;smart=true&amp;width=992&amp;height=661&amp;quality=85\" media=\"(min-width: 1000px)\"\/><source srcset=\"https:\/\/www.infobae.com\/resizer\/v2\/TMEFNDGGTFEIIBJCDT5XPVV2HM.jpg?auth=5886a30c376ce3a001922db4949931e381aa025f7f77e9d0c79a4a8d8ae3585d&amp;smart=true&amp;width=768&amp;height=512&amp;quality=85\" media=\"(min-width: 768px)\"\/><source srcset=\"https:\/\/www.infobae.com\/resizer\/v2\/TMEFNDGGTFEIIBJCDT5XPVV2HM.jpg?auth=5886a30c376ce3a001922db4949931e381aa025f7f77e9d0c79a4a8d8ae3585d&amp;smart=true&amp;width=577&amp;height=385&amp;quality=85\" media=\"(min-width: 580px)\"\/><source srcset=\"https:\/\/www.infobae.com\/resizer\/v2\/TMEFNDGGTFEIIBJCDT5XPVV2HM.jpg?auth=5886a30c376ce3a001922db4949931e381aa025f7f77e9d0c79a4a8d8ae3585d&amp;smart=true&amp;width=420&amp;height=280&amp;quality=85\" media=\"(min-width: 350px)\"\/><source srcset=\"https:\/\/www.infobae.com\/resizer\/v2\/TMEFNDGGTFEIIBJCDT5XPVV2HM.jpg?auth=5886a30c376ce3a001922db4949931e381aa025f7f77e9d0c79a4a8d8ae3585d&amp;smart=true&amp;width=350&amp;height=233&amp;quality=85\" media=\"(min-width: 80px)\"\/><img alt=\"Las caminatas matutinas son clave\" class=\"global-image\" decoding=\"async\" fetchpriority=\"low\" height=\"3157\" loading=\"lazy\" src=\"https:\/\/www.infobae.com\/resizer\/v2\/TMEFNDGGTFEIIBJCDT5XPVV2HM.jpg?auth=5886a30c376ce3a001922db4949931e381aa025f7f77e9d0c79a4a8d8ae3585d&amp;smart=true&amp;width=350&amp;height=233&amp;quality=85\" width=\"4660\"\/><\/picture><figcaption class=\"article-figcaption-img\">Las caminatas matutinas son clave para la reflexi\u00f3n estrat\u00e9gica y creatividad de Ek, incluso en inviernos suecos (REUTERS)<\/figcaption><\/div>\n<p class=\"paragraph\">A las 9:30 a.m., <b>dedica entre 30 minutos y una hora a la lectura<\/b>, alternando entre noticias actuales y una selecci\u00f3n de libros que mantiene en constante rotaci\u00f3n. Este tiempo, seg\u00fan explic\u00f3, le ayuda a comenzar su d\u00eda con una mente informada y enfocada.<\/p>\n<p class=\"paragraph\"><b>Su trabajo no comienza hasta las 10:30 a.m.<\/b> o, en algunos casos, a las <b>11:00<\/b>, como comparti\u00f3 en una entrevista con el podcast <i>The Tim Ferriss Show<\/i>. A diferencia de otros l\u00edderes con agendas sobrecargadas, Ek mantiene su calendario relativamente libre, limitando el n\u00famero de reuniones a tres o cuatro al d\u00eda. Este enfoque le permite <b>dedicarse plenamente a los temas que requieren su atenci\u00f3n. <\/b>Como explic\u00f3 a <i>Observer Effect<\/i>, reserva bloques de tiempo para atender asuntos espont\u00e1neos y fomentar la creatividad.<\/p>\n<p class=\"paragraph\">Tambi\u00e9n<b> organiza su d\u00eda para aprovechar al m\u00e1ximo su capacidad de toma de decisiones. <\/b>Prefiere abordar los temas m\u00e1s cr\u00edticos al final de la jornada, porque gran parte del personal de Spotify est\u00e1 ubicado en los Estados Unidos y sugiere que este horario mejora la coordinaci\u00f3n. Adem\u00e1s, se enfoca en actividades como<b> coaching, sesiones uno a uno con sus colaboradores y planificaci\u00f3n estrat\u00e9gica<\/b> durante las primeras horas de trabajo.<\/p>\n<div class=\" visual__image\"><picture><source srcset=\"https:\/\/www.infobae.com\/resizer\/v2\/LRX3ICTFY5H6XLSJLC23QCTY7U.jpg?auth=3c97910a4a901073dc5eca0cfc59575760e3d2d3d936f42a62aff357ad6f9399&amp;smart=true&amp;width=992&amp;height=744&amp;quality=85\" media=\"(min-width: 1000px)\"\/><source srcset=\"https:\/\/www.infobae.com\/resizer\/v2\/LRX3ICTFY5H6XLSJLC23QCTY7U.jpg?auth=3c97910a4a901073dc5eca0cfc59575760e3d2d3d936f42a62aff357ad6f9399&amp;smart=true&amp;width=768&amp;height=576&amp;quality=85\" media=\"(min-width: 768px)\"\/><source srcset=\"https:\/\/www.infobae.com\/resizer\/v2\/LRX3ICTFY5H6XLSJLC23QCTY7U.jpg?auth=3c97910a4a901073dc5eca0cfc59575760e3d2d3d936f42a62aff357ad6f9399&amp;smart=true&amp;width=577&amp;height=433&amp;quality=85\" media=\"(min-width: 580px)\"\/><source srcset=\"https:\/\/www.infobae.com\/resizer\/v2\/LRX3ICTFY5H6XLSJLC23QCTY7U.jpg?auth=3c97910a4a901073dc5eca0cfc59575760e3d2d3d936f42a62aff357ad6f9399&amp;smart=true&amp;width=420&amp;height=315&amp;quality=85\" media=\"(min-width: 350px)\"\/><source srcset=\"https:\/\/www.infobae.com\/resizer\/v2\/LRX3ICTFY5H6XLSJLC23QCTY7U.jpg?auth=3c97910a4a901073dc5eca0cfc59575760e3d2d3d936f42a62aff357ad6f9399&amp;smart=true&amp;width=350&amp;height=263&amp;quality=85\" media=\"(min-width: 80px)\"\/><img alt=\"Ek limita su agenda a\" class=\"global-image\" decoding=\"async\" fetchpriority=\"low\" height=\"1428\" loading=\"lazy\" src=\"https:\/\/www.infobae.com\/resizer\/v2\/LRX3ICTFY5H6XLSJLC23QCTY7U.jpg?auth=3c97910a4a901073dc5eca0cfc59575760e3d2d3d936f42a62aff357ad6f9399&amp;smart=true&amp;width=350&amp;height=263&amp;quality=85\" width=\"2000\"\/><\/picture><figcaption class=\"article-figcaption-img\">Ek limita su agenda a tres o cuatro reuniones diarias para enfocarse en decisiones estrat\u00e9gicas (Akio Kon\/Bloomberg)<\/figcaption><\/div>\n<p class=\"paragraph\">El enfoque de Ek est\u00e1 profundamente influenciado por la cultura laboral sueca, que <b>prioriza el equilibrio entre la vida laboral y personal.<\/b> En una entrevista con <i>Observer Effect<\/i>, afirm\u00f3: \u201cLos suecos, en general, se enfocan en el equilibrio. <b>El trabajo no lo es todo<\/b>\u201d. Este principio tambi\u00e9n guio la cultura organizacional de Spotify, donde se promueve una perspectiva que <b>prioriza la salud mental y el bienestar de los empleados.<\/b><\/p>\n<p class=\"paragraph\">Ek se\u00f1al\u00f3 que<b> ser un padre presente para sus hijas ha sido una prioridad que, parad\u00f3jicamente, ha mejorado su efectividad como l\u00edder.<\/b> Seg\u00fan \u00e9l, esta filosof\u00eda no solo lo convierte en un mejor padre, sino tambi\u00e9n en un CEO m\u00e1s eficiente.<\/p>\n<div class=\" visual__image\"><picture><source srcset=\"https:\/\/www.infobae.com\/resizer\/v2\/ZPORJGCB2WDY6Y3Z5YOB66TDPI.jpg?auth=5b9e774fe201d933adeceed1a8bcce1c52fa07879f14ffa8c429248cad97dbed&amp;smart=true&amp;width=992&amp;height=661&amp;quality=85\" media=\"(min-width: 1000px)\"\/><source srcset=\"https:\/\/www.infobae.com\/resizer\/v2\/ZPORJGCB2WDY6Y3Z5YOB66TDPI.jpg?auth=5b9e774fe201d933adeceed1a8bcce1c52fa07879f14ffa8c429248cad97dbed&amp;smart=true&amp;width=768&amp;height=512&amp;quality=85\" media=\"(min-width: 768px)\"\/><source srcset=\"https:\/\/www.infobae.com\/resizer\/v2\/ZPORJGCB2WDY6Y3Z5YOB66TDPI.jpg?auth=5b9e774fe201d933adeceed1a8bcce1c52fa07879f14ffa8c429248cad97dbed&amp;smart=true&amp;width=577&amp;height=385&amp;quality=85\" media=\"(min-width: 580px)\"\/><source srcset=\"https:\/\/www.infobae.com\/resizer\/v2\/ZPORJGCB2WDY6Y3Z5YOB66TDPI.jpg?auth=5b9e774fe201d933adeceed1a8bcce1c52fa07879f14ffa8c429248cad97dbed&amp;smart=true&amp;width=420&amp;height=280&amp;quality=85\" media=\"(min-width: 350px)\"\/><source srcset=\"https:\/\/www.infobae.com\/resizer\/v2\/ZPORJGCB2WDY6Y3Z5YOB66TDPI.jpg?auth=5b9e774fe201d933adeceed1a8bcce1c52fa07879f14ffa8c429248cad97dbed&amp;smart=true&amp;width=350&amp;height=233&amp;quality=85\" media=\"(min-width: 80px)\"\/><img alt=\"La cultura laboral sueca gu\u00eda\" class=\"global-image\" decoding=\"async\" fetchpriority=\"low\" height=\"3672\" loading=\"lazy\" src=\"https:\/\/www.infobae.com\/resizer\/v2\/ZPORJGCB2WDY6Y3Z5YOB66TDPI.jpg?auth=5b9e774fe201d933adeceed1a8bcce1c52fa07879f14ffa8c429248cad97dbed&amp;smart=true&amp;width=350&amp;height=233&amp;quality=85\" width=\"5500\"\/><\/picture><figcaption class=\"article-figcaption-img\">La cultura laboral sueca gu\u00eda el enfoque de Ek hacia el balance entre vida personal y profesional en Spotify (REUTERS\/Laure Andrillon)<\/figcaption><\/div>\n<p class=\"paragraph\">El estilo de vida de Ek <b>contrasta con el de muchos otros CEOs. <\/b>Mientras que Tim Cook y Steve Squeri se enorgullecen de comenzar sus d\u00edas a horas extremas, Ek adopta un enfoque m\u00e1s relajado y flexible. A pesar de esto, <b>ha demostrado ser igualmente efectivo en liderar una de las empresas tecnol\u00f3gicas m\u00e1s influyentes del mundo<\/b>. Esta divergencia subraya que no existe un \u00fanico modelo de productividad y que el \u00e9xito puede alcanzarse a trav\u00e9s de diferentes enfoques.<\/p>\n<p class=\"paragraph\">Adem\u00e1s, su rutina muestra que un equilibrio entre la creatividad y el tiempo personal<b> puede ser una f\u00f3rmula efectiva para dirigir una empresa global como Spotify. <\/b>En lugar de adoptar un horario r\u00edgido, el empresario adapta su d\u00eda a las necesidades de su compa\u00f1\u00eda y a su bienestar personal.<\/p>\n<\/div>\n<p><script defer=\"\">!function(f,b,e,v,n,t,s) {if(f.fbq)return;n=f.fbq=function(){n.callMethod? n.callMethod.apply(n,arguments):n.queue.push(arguments)}; if(!f._fbq)f._fbq=n;n.push=n;n.loaded=!0;n.version='2.0'; n.queue=[];t=b.createElement(e);t.async=!0; t.src=v;s=b.getElementsByTagName(e)[0]; s.parentNode.insertBefore(t,s)}(window, document,'script', ' fbq('init', '336383993555320'); fbq('track', 'PageView'); fbq('track', 'ViewContent');<\/script><script src=\"https:\/\/connect.facebook.net\/en_US\/sdk.js\" crossorigin=\"anonymous\" defer=\"\"><\/script><\/p>\n","protected":false},"excerpt":{"rendered":"<p>Daniel Ek, CEO de Spotify, prioriza la creatividad y el equilibrio personal sobre jornadas de trabajo extensas (REUTERS) Daniel Ek, CEO y cofundador de Spotify, implement\u00f3 un enfoque de vida y trabajo que se aparta de los est\u00e1ndares tradicionales en el mundo corporativo. Mientras que muchos l\u00edderes empresariales adoptan jornadas extensas y comienzan sus d\u00edas [&hellip;]<\/p>\n","protected":false},"author":2,"featured_media":30992,"comment_status":"","ping_status":"","sticky":false,"template":"","format":"standard","meta":{"footnotes":""},"categories":[3],"tags":[],"_links":{"self":[{"href":"https:\/\/maxradio923.com.ar\/index.php\/wp-json\/wp\/v2\/posts\/30991"}],"collection":[{"href":"https:\/\/maxradio923.com.ar\/index.php\/wp-json\/wp\/v2\/posts"}],"about":[{"href":"https:\/\/maxradio923.com.ar\/index.php\/wp-json\/wp\/v2\/types\/post"}],"author":[{"embeddable":true,"href":"https:\/\/maxradio923.com.ar\/index.php\/wp-json\/wp\/v2\/users\/2"}],"replies":[{"embeddable":true,"href":"https:\/\/maxradio923.com.ar\/index.php\/wp-json\/wp\/v2\/comments?post=30991"}],"version-history":[{"count":0,"href":"https:\/\/maxradio923.com.ar\/index.php\/wp-json\/wp\/v2\/posts\/30991\/revisions"}],"wp:featuredmedia":[{"embeddable":true,"href":"https:\/\/maxradio923.com.ar\/index.php\/wp-json\/wp\/v2\/media\/30992"}],"wp:attachment":[{"href":"https:\/\/maxradio923.com.ar\/index.php\/wp-json\/wp\/v2\/media?parent=30991"}],"wp:term":[{"taxonomy":"category","embeddable":true,"href":"https:\/\/maxradio923.com.ar\/index.php\/wp-json\/wp\/v2\/categories?post=30991"},{"taxonomy":"post_tag","embeddable":true,"href":"https:\/\/maxradio923.com.ar\/index.php\/wp-json\/wp\/v2\/tags?post=30991"}],"curies":[{"name":"wp","href":"https:\/\/api.w.org\/{rel}","templated":true}]}}