{"id":30987,"date":"2025-01-06T06:30:02","date_gmt":"2025-01-06T09:30:02","guid":{"rendered":"https:\/\/maxradio923.com.ar\/index.php\/2025\/01\/06\/en-que-ano-estamos-segun-los-distintos-calendarios-del-mundo\/"},"modified":"2025-01-06T06:30:02","modified_gmt":"2025-01-06T09:30:02","slug":"en-que-ano-estamos-segun-los-distintos-calendarios-del-mundo","status":"publish","type":"post","link":"https:\/\/maxradio923.com.ar\/index.php\/2025\/01\/06\/en-que-ano-estamos-segun-los-distintos-calendarios-del-mundo\/","title":{"rendered":"En qu\u00e9 a\u00f1o estamos, seg\u00fan los distintos calendarios del mundo"},"content":{"rendered":"<p><\/p>\n<div>\n<div class=\" visual__image\"><picture><source srcset=\"https:\/\/www.infobae.com\/resizer\/v2\/5WOD3YM27ZBEDOKSPMGFGNAAQE.jpeg?auth=ea65036d706e8fe796d3940b96da83bdbc57af57c6fcefdb91133c690ce3898d&amp;smart=true&amp;width=992&amp;height=661&amp;quality=85\" media=\"(min-width: 1000px)\"\/><source srcset=\"https:\/\/www.infobae.com\/resizer\/v2\/5WOD3YM27ZBEDOKSPMGFGNAAQE.jpeg?auth=ea65036d706e8fe796d3940b96da83bdbc57af57c6fcefdb91133c690ce3898d&amp;smart=true&amp;width=768&amp;height=512&amp;quality=85\" media=\"(min-width: 768px)\"\/><source srcset=\"https:\/\/www.infobae.com\/resizer\/v2\/5WOD3YM27ZBEDOKSPMGFGNAAQE.jpeg?auth=ea65036d706e8fe796d3940b96da83bdbc57af57c6fcefdb91133c690ce3898d&amp;smart=true&amp;width=577&amp;height=385&amp;quality=85\" media=\"(min-width: 580px)\"\/><source srcset=\"https:\/\/www.infobae.com\/resizer\/v2\/5WOD3YM27ZBEDOKSPMGFGNAAQE.jpeg?auth=ea65036d706e8fe796d3940b96da83bdbc57af57c6fcefdb91133c690ce3898d&amp;smart=true&amp;width=420&amp;height=280&amp;quality=85\" media=\"(min-width: 350px)\"\/><source srcset=\"https:\/\/www.infobae.com\/resizer\/v2\/5WOD3YM27ZBEDOKSPMGFGNAAQE.jpeg?auth=ea65036d706e8fe796d3940b96da83bdbc57af57c6fcefdb91133c690ce3898d&amp;smart=true&amp;width=350&amp;height=233&amp;quality=85\" media=\"(min-width: 80px)\"\/><img alt=\"Explora c\u00f3mo diferentes culturas calculan\" class=\"global-image\" decoding=\"async\" fetchpriority=\"high\" height=\"5304\" loading=\"eager\" src=\"https:\/\/www.infobae.com\/resizer\/v2\/5WOD3YM27ZBEDOKSPMGFGNAAQE.jpeg?auth=ea65036d706e8fe796d3940b96da83bdbc57af57c6fcefdb91133c690ce3898d&amp;smart=true&amp;width=350&amp;height=233&amp;quality=85\" width=\"7952\"\/><\/picture><figcaption class=\"article-figcaption-img\">Explora c\u00f3mo diferentes culturas calculan el tiempo. Descubre por qu\u00e9 el calendario gregoriano no es el \u00fanico sistema para medir el paso de los a\u00f1os (Adobe Stock)<\/figcaption><\/div>\n<p class=\"paragraph\">Mientras el calendario gregoriano marca el <b>a\u00f1o <\/b><b>2025<\/b>, no todos los rincones del mundo lo consideran como \u00fanico punto de referencia para medir el paso del tiempo. En varias culturas, tradiciones y religiones, el n\u00famero del a\u00f1o es mucho m\u00e1s que una cifra; refleja creencias profundas, ciclos astron\u00f3micos y, en algunos casos, la historia misma de la humanidad. Cada uno de estos sistemas nos invita a mirar el tiempo desde una perspectiva diferente, conectando el pasado, el presente y el futuro de formas \u00fanicas.<\/p>\n<p class=\"paragraph\">El <b>calendario <\/b><b>gregoriano<\/b>, adoptado ampliamente en todo el mundo, es un est\u00e1ndar global que rige desde nuestras agendas laborales hasta los eventos internacionales. Sin embargo, su dominio no significa que sea universal. Desde el <b>calendario chino<\/b>, que marca el a\u00f1o <b>4722<\/b>, hasta el calendario isl\u00e1mico, que indica el a\u00f1o <b>1446<\/b>, estos sistemas alternativos se basan en fundamentos hist\u00f3ricos y astron\u00f3micos que se remontan a miles de a\u00f1os.<\/p>\n<p class=\"paragraph\">Entender c\u00f3mo diferentes culturas y civilizaciones han medido el tiempo no solo revela las particularidades de sus tradiciones, sino tambi\u00e9n sus conexiones con el entorno natural y los momentos hist\u00f3ricos que definieron el inicio de sus cuentas. Pero, \u00bfqu\u00e9 a\u00f1os est\u00e1n marcando actualmente estos calendarios? Y, m\u00e1s interesante a\u00fan, \u00bfcu\u00e1ndo y por qu\u00e9 comenzaron sus cuentas?<\/p>\n<div class=\" visual__image\"><picture><source srcset=\"https:\/\/www.infobae.com\/resizer\/v2\/DEQ3SXNA2ZHABE7TGOIMCIAKGQ.png?auth=9f04a8036632eba848c1e7635615835701521af7f72fb3b2638092479dec1dae&amp;smart=true&amp;width=992&amp;height=558&amp;quality=85\" media=\"(min-width: 1000px)\"\/><source srcset=\"https:\/\/www.infobae.com\/resizer\/v2\/DEQ3SXNA2ZHABE7TGOIMCIAKGQ.png?auth=9f04a8036632eba848c1e7635615835701521af7f72fb3b2638092479dec1dae&amp;smart=true&amp;width=768&amp;height=432&amp;quality=85\" media=\"(min-width: 768px)\"\/><source srcset=\"https:\/\/www.infobae.com\/resizer\/v2\/DEQ3SXNA2ZHABE7TGOIMCIAKGQ.png?auth=9f04a8036632eba848c1e7635615835701521af7f72fb3b2638092479dec1dae&amp;smart=true&amp;width=577&amp;height=325&amp;quality=85\" media=\"(min-width: 580px)\"\/><source srcset=\"https:\/\/www.infobae.com\/resizer\/v2\/DEQ3SXNA2ZHABE7TGOIMCIAKGQ.png?auth=9f04a8036632eba848c1e7635615835701521af7f72fb3b2638092479dec1dae&amp;smart=true&amp;width=420&amp;height=236&amp;quality=85\" media=\"(min-width: 350px)\"\/><source srcset=\"https:\/\/www.infobae.com\/resizer\/v2\/DEQ3SXNA2ZHABE7TGOIMCIAKGQ.png?auth=9f04a8036632eba848c1e7635615835701521af7f72fb3b2638092479dec1dae&amp;smart=true&amp;width=350&amp;height=197&amp;quality=85\" media=\"(min-width: 80px)\"\/><img alt=\"El calendario gregoriano, introducido en\" class=\"global-image\" decoding=\"async\" fetchpriority=\"low\" height=\"1080\" loading=\"lazy\" src=\"https:\/\/www.infobae.com\/resizer\/v2\/DEQ3SXNA2ZHABE7TGOIMCIAKGQ.png?auth=9f04a8036632eba848c1e7635615835701521af7f72fb3b2638092479dec1dae&amp;smart=true&amp;width=350&amp;height=197&amp;quality=85\" width=\"1920\"\/><\/picture><figcaption class=\"article-figcaption-img\">El calendario gregoriano, introducido en 1582, corrige los desfases del juliano, vigente desde 45 a.C.<\/figcaption><\/div>\n<p class=\"paragraph\">Introducido en <b>1582<\/b> por el Papa Gregorio XIII, el calendario gregoriano fue dise\u00f1ado para corregir los desfases acumulados por el <b>calendario juliano<\/b>, en uso desde <b>45 a.C.<\/b>. Este ajuste fue esencial para mantener las fechas de eventos clave, como el equinoccio de primavera, alineadas con la realidad astron\u00f3mica y, de igual forma, garantizar que la <b>Pascua<\/b> se celebrara en el momento correcto.<\/p>\n<p class=\"paragraph\">Aunque fue adoptado r\u00e1pidamente por pa\u00edses cat\u00f3licos, los territorios protestantes y ortodoxos mostraron resistencia. En Inglaterra, por ejemplo, no se implement\u00f3 hasta <b>1752<\/b>, lo que llev\u00f3 a la eliminaci\u00f3n de <b>11 d\u00edas del calendario<\/b> para alinearlo con el resto de Europa occidental. Hoy, el gregoriano marca el a\u00f1o <b>2025<\/b>, pero su c\u00e1lculo sigue siendo, en esencia, un reflejo de los intereses religiosos y astron\u00f3micos de la \u00e9poca.<\/p>\n<div class=\" visual__image\"><picture><source srcset=\"https:\/\/www.infobae.com\/resizer\/v2\/4S4PT3GZXRD6BBBLSZYUKZZFSY.png?auth=fe11f50ff4dcbbd9641b6c103c7000d09a6f95ae07b6220ac9e754319265efc9&amp;smart=true&amp;width=992&amp;height=558&amp;quality=85\" media=\"(min-width: 1000px)\"\/><source srcset=\"https:\/\/www.infobae.com\/resizer\/v2\/4S4PT3GZXRD6BBBLSZYUKZZFSY.png?auth=fe11f50ff4dcbbd9641b6c103c7000d09a6f95ae07b6220ac9e754319265efc9&amp;smart=true&amp;width=768&amp;height=432&amp;quality=85\" media=\"(min-width: 768px)\"\/><source srcset=\"https:\/\/www.infobae.com\/resizer\/v2\/4S4PT3GZXRD6BBBLSZYUKZZFSY.png?auth=fe11f50ff4dcbbd9641b6c103c7000d09a6f95ae07b6220ac9e754319265efc9&amp;smart=true&amp;width=577&amp;height=325&amp;quality=85\" media=\"(min-width: 580px)\"\/><source srcset=\"https:\/\/www.infobae.com\/resizer\/v2\/4S4PT3GZXRD6BBBLSZYUKZZFSY.png?auth=fe11f50ff4dcbbd9641b6c103c7000d09a6f95ae07b6220ac9e754319265efc9&amp;smart=true&amp;width=420&amp;height=236&amp;quality=85\" media=\"(min-width: 350px)\"\/><source srcset=\"https:\/\/www.infobae.com\/resizer\/v2\/4S4PT3GZXRD6BBBLSZYUKZZFSY.png?auth=fe11f50ff4dcbbd9641b6c103c7000d09a6f95ae07b6220ac9e754319265efc9&amp;smart=true&amp;width=350&amp;height=197&amp;quality=85\" media=\"(min-width: 80px)\"\/><img alt=\"El A\u00f1o Nuevo lunar suele\" class=\"global-image\" decoding=\"async\" fetchpriority=\"low\" height=\"1080\" loading=\"lazy\" src=\"https:\/\/www.infobae.com\/resizer\/v2\/4S4PT3GZXRD6BBBLSZYUKZZFSY.png?auth=fe11f50ff4dcbbd9641b6c103c7000d09a6f95ae07b6220ac9e754319265efc9&amp;smart=true&amp;width=350&amp;height=197&amp;quality=85\" width=\"1920\"\/><\/picture><figcaption class=\"article-figcaption-img\">El A\u00f1o Nuevo lunar suele celebrarse en pa\u00edses asi\u00e1ticos como China (Difusi\u00f3n)<\/figcaption><\/div>\n<p class=\"paragraph\">El <b>calendario chino<\/b>, uno de los m\u00e1s antiguos a\u00fan en uso, se\u00f1ala el a\u00f1o <b>4722<\/b>. Este sistema, basado en un modelo lunisolar, combina los ciclos de la Luna y el Sol para determinar meses y a\u00f1os. Aunque China adopt\u00f3 el calendario gregoriano para fines oficiales en <b>1912<\/b>, el tradicional sigue siendo central en festividades como el <b>A\u00f1o Nuevo Lunar<\/b>, que ocurre entre enero y febrero.<\/p>\n<p class=\"paragraph\">El conteo comienza en el <b>a\u00f1o 2698 a.C.<\/b>, atribuido tradicionalmente al inicio del reinado del legendario <b>Emperador Amarillo<\/b>. A lo largo de milenios, este sistema ha fusionado tradiciones culturales, ciclos agr\u00edcolas y fen\u00f3menos astron\u00f3micos, conservando una conexi\u00f3n entre las generaciones actuales y el legado hist\u00f3rico chino.<\/p>\n<div class=\" visual__image\"><picture><source srcset=\"https:\/\/www.infobae.com\/resizer\/v2\/Y3UESZ2W5MA4Z4JEENWPQEYA2A.jpg?auth=28d85d6f80ac97dd15898a56d5c6346e70796865970c151754c120667f07422b&amp;smart=true&amp;width=992&amp;height=661&amp;quality=85\" media=\"(min-width: 1000px)\"\/><source srcset=\"https:\/\/www.infobae.com\/resizer\/v2\/Y3UESZ2W5MA4Z4JEENWPQEYA2A.jpg?auth=28d85d6f80ac97dd15898a56d5c6346e70796865970c151754c120667f07422b&amp;smart=true&amp;width=768&amp;height=512&amp;quality=85\" media=\"(min-width: 768px)\"\/><source srcset=\"https:\/\/www.infobae.com\/resizer\/v2\/Y3UESZ2W5MA4Z4JEENWPQEYA2A.jpg?auth=28d85d6f80ac97dd15898a56d5c6346e70796865970c151754c120667f07422b&amp;smart=true&amp;width=577&amp;height=385&amp;quality=85\" media=\"(min-width: 580px)\"\/><source srcset=\"https:\/\/www.infobae.com\/resizer\/v2\/Y3UESZ2W5MA4Z4JEENWPQEYA2A.jpg?auth=28d85d6f80ac97dd15898a56d5c6346e70796865970c151754c120667f07422b&amp;smart=true&amp;width=420&amp;height=280&amp;quality=85\" media=\"(min-width: 350px)\"\/><source srcset=\"https:\/\/www.infobae.com\/resizer\/v2\/Y3UESZ2W5MA4Z4JEENWPQEYA2A.jpg?auth=28d85d6f80ac97dd15898a56d5c6346e70796865970c151754c120667f07422b&amp;smart=true&amp;width=350&amp;height=233&amp;quality=85\" media=\"(min-width: 80px)\"\/><img alt=\"El calendario hebreo, que marca\" class=\"global-image\" decoding=\"async\" fetchpriority=\"low\" height=\"533\" loading=\"lazy\" src=\"https:\/\/www.infobae.com\/resizer\/v2\/Y3UESZ2W5MA4Z4JEENWPQEYA2A.jpg?auth=28d85d6f80ac97dd15898a56d5c6346e70796865970c151754c120667f07422b&amp;smart=true&amp;width=350&amp;height=233&amp;quality=85\" width=\"800\"\/><\/picture><figcaption class=\"article-figcaption-img\">El calendario hebreo, que marca el a\u00f1o 5785, calcula su inicio en 3761 a.C. bas\u00e1ndose en un enfoque teol\u00f3gico (REUTERS\/Brendan McDermid)<\/figcaption><\/div>\n<p class=\"paragraph\">Marcando el a\u00f1o <b>5785<\/b>, el <b>calendario hebreo<\/b> basa su conteo en un c\u00e1lculo teol\u00f3gico que sit\u00faa la <b>creaci\u00f3n del mundo<\/b> en el a\u00f1o <b>3761 a.C.<\/b>. Este sistema lunisolar es utilizado principalmente para festividades religiosas y eventos importantes dentro de la comunidad jud\u00eda.<\/p>\n<p class=\"paragraph\">Como sistema, el calendario hebreo destaca por su complejidad, incorporando ajustes peri\u00f3dicos para mantener los meses alineados con las estaciones. Aunque no se utiliza en la vida diaria moderna, sigue siendo fundamental para preservar tradiciones que conectan a la comunidad jud\u00eda con su historia y espiritualidad.<\/p>\n<div class=\" visual__image\"><picture><source srcset=\"https:\/\/www.infobae.com\/resizer\/v2\/KOJZEENNIJHOBMXDZOBEPSW4QI.jpg?auth=018b52b9b5324ff768f8503d76bb65db9ec8232c8728687f4248114e08fa6729&amp;smart=true&amp;width=992&amp;height=661&amp;quality=85\" media=\"(min-width: 1000px)\"\/><source srcset=\"https:\/\/www.infobae.com\/resizer\/v2\/KOJZEENNIJHOBMXDZOBEPSW4QI.jpg?auth=018b52b9b5324ff768f8503d76bb65db9ec8232c8728687f4248114e08fa6729&amp;smart=true&amp;width=768&amp;height=512&amp;quality=85\" media=\"(min-width: 768px)\"\/><source srcset=\"https:\/\/www.infobae.com\/resizer\/v2\/KOJZEENNIJHOBMXDZOBEPSW4QI.jpg?auth=018b52b9b5324ff768f8503d76bb65db9ec8232c8728687f4248114e08fa6729&amp;smart=true&amp;width=577&amp;height=385&amp;quality=85\" media=\"(min-width: 580px)\"\/><source srcset=\"https:\/\/www.infobae.com\/resizer\/v2\/KOJZEENNIJHOBMXDZOBEPSW4QI.jpg?auth=018b52b9b5324ff768f8503d76bb65db9ec8232c8728687f4248114e08fa6729&amp;smart=true&amp;width=420&amp;height=280&amp;quality=85\" media=\"(min-width: 350px)\"\/><source srcset=\"https:\/\/www.infobae.com\/resizer\/v2\/KOJZEENNIJHOBMXDZOBEPSW4QI.jpg?auth=018b52b9b5324ff768f8503d76bb65db9ec8232c8728687f4248114e08fa6729&amp;smart=true&amp;width=350&amp;height=233&amp;quality=85\" media=\"(min-width: 80px)\"\/><img alt=\"El calendario isl\u00e1mico toma como\" class=\"global-image\" decoding=\"async\" fetchpriority=\"low\" height=\"3333\" loading=\"lazy\" src=\"https:\/\/www.infobae.com\/resizer\/v2\/KOJZEENNIJHOBMXDZOBEPSW4QI.jpg?auth=018b52b9b5324ff768f8503d76bb65db9ec8232c8728687f4248114e08fa6729&amp;smart=true&amp;width=350&amp;height=233&amp;quality=85\" width=\"5000\"\/><\/picture><figcaption class=\"article-figcaption-img\">El calendario isl\u00e1mico toma como referencia la H\u00e9gira del profeta Mahoma en 622 d.C. EFE\/EPA\/JAMAL AWAD<br \/>\n<\/figcaption><\/div>\n<p class=\"paragraph\">El <b>calendario isl\u00e1mico<\/b>, tambi\u00e9n conocido como el calendario <b>hijri<\/b>, marca el a\u00f1o <b>1446<\/b>. Este sistema puramente lunar toma como punto de partida el a\u00f1o <b>622 d.C.<\/b>, cuando el profeta Mahoma emigr\u00f3 de <b>La Meca a Medina<\/b>, un evento conocido como la <b>H\u00e9gira<\/b>.<\/p>\n<p class=\"paragraph\">Debido a su base lunar, el calendario isl\u00e1mico tiene <b>12 meses<\/b> de <b>29 o 30 d\u00edas<\/b>, lo que lo hace m\u00e1s corto que el gregoriano. Esto provoca que las fechas de eventos importantes, como el <b>Ramad\u00e1n<\/b>, se desplacen anualmente a lo largo de las estaciones.<\/p>\n<div class=\" visual__image\"><picture><source srcset=\"https:\/\/www.infobae.com\/resizer\/v2\/YLBLGNOFWBBV7BPN2OJZAIOGGM.jpg?auth=de831a35a84a0ad5053283028467eef12e34753e945ad62fa75eb1893415ce58&amp;smart=true&amp;width=992&amp;height=661&amp;quality=85\" media=\"(min-width: 1000px)\"\/><source srcset=\"https:\/\/www.infobae.com\/resizer\/v2\/YLBLGNOFWBBV7BPN2OJZAIOGGM.jpg?auth=de831a35a84a0ad5053283028467eef12e34753e945ad62fa75eb1893415ce58&amp;smart=true&amp;width=768&amp;height=512&amp;quality=85\" media=\"(min-width: 768px)\"\/><source srcset=\"https:\/\/www.infobae.com\/resizer\/v2\/YLBLGNOFWBBV7BPN2OJZAIOGGM.jpg?auth=de831a35a84a0ad5053283028467eef12e34753e945ad62fa75eb1893415ce58&amp;smart=true&amp;width=577&amp;height=385&amp;quality=85\" media=\"(min-width: 580px)\"\/><source srcset=\"https:\/\/www.infobae.com\/resizer\/v2\/YLBLGNOFWBBV7BPN2OJZAIOGGM.jpg?auth=de831a35a84a0ad5053283028467eef12e34753e945ad62fa75eb1893415ce58&amp;smart=true&amp;width=420&amp;height=280&amp;quality=85\" media=\"(min-width: 350px)\"\/><source srcset=\"https:\/\/www.infobae.com\/resizer\/v2\/YLBLGNOFWBBV7BPN2OJZAIOGGM.jpg?auth=de831a35a84a0ad5053283028467eef12e34753e945ad62fa75eb1893415ce58&amp;smart=true&amp;width=350&amp;height=233&amp;quality=85\" media=\"(min-width: 80px)\"\/><img alt=\"El sistema holoceno a\u00f1ade 10,000\" class=\"global-image\" decoding=\"async\" fetchpriority=\"low\" height=\"4000\" loading=\"lazy\" src=\"https:\/\/www.infobae.com\/resizer\/v2\/YLBLGNOFWBBV7BPN2OJZAIOGGM.jpg?auth=de831a35a84a0ad5053283028467eef12e34753e945ad62fa75eb1893415ce58&amp;smart=true&amp;width=350&amp;height=233&amp;quality=85\" width=\"6000\"\/><\/picture><figcaption class=\"article-figcaption-img\">El sistema holoceno a\u00f1ade 10,000 a\u00f1os al calendario gregoriano destacando toda la experiencia humana desde el 10,000 a.C. (Photo by MAY JAMES \/ AFP)<\/figcaption><\/div>\n<p class=\"paragraph\">El <b>calendario holoceno<\/b>, propuesto por el ge\u00f3logo Cesare Emiliani en el siglo XX, sit\u00faa el a\u00f1o actual en <b>12.025 H.E. (Era del Holoceno)<\/b>. Este sistema a\u00f1ade <b>10.000 a\u00f1os<\/b> al calendario gregoriano para abarcar toda la historia conocida de la humanidad, empezando en el <b>10.000 a.C.<\/b>, momento aproximado en que comenzaron las primeras civilizaciones agr\u00edcolas.<\/p>\n<p class=\"paragraph\">Aunque no es de uso generalizado, su l\u00f3gica busca proporcionar un marco inclusivo que destaque la continuidad de la experiencia humana, m\u00e1s all\u00e1 de divisiones culturales o religiosas.<\/p>\n<ul data-icon=\"\u2b24\" class=\"list\">\n<li data-icon=\"\u2b24\"><span>El calendario <b>budista<\/b>, basado en el nirvana de Buda en el a\u00f1o <b>543 a.C.<\/b>, marca actualmente el a\u00f1o <b>2569<\/b>.<\/span><\/li>\n<li data-icon=\"\u2b24\"><span>El calendario <b>persa<\/b>, vinculado al equinoccio de primavera y vigente desde la era de <b>Zoroastro<\/b>, se\u00f1ala el a\u00f1o <b>1403<\/b>.<\/span><\/li>\n<li data-icon=\"\u2b24\"><span>El calendario <b>et\u00edope<\/b>, adaptado del egipcio, marca el a\u00f1o <b>2017<\/b>, con un desfase de <b>7-8 a\u00f1os<\/b> respecto al gregoriano.<\/span><\/li>\n<\/ul>\n<\/div>\n<p><script defer=\"\">!function(f,b,e,v,n,t,s) {if(f.fbq)return;n=f.fbq=function(){n.callMethod? n.callMethod.apply(n,arguments):n.queue.push(arguments)}; if(!f._fbq)f._fbq=n;n.push=n;n.loaded=!0;n.version='2.0'; n.queue=[];t=b.createElement(e);t.async=!0; t.src=v;s=b.getElementsByTagName(e)[0]; s.parentNode.insertBefore(t,s)}(window, document,'script', ' fbq('init', '336383993555320'); fbq('track', 'PageView'); fbq('track', 'ViewContent');<\/script><script src=\"https:\/\/connect.facebook.net\/en_US\/sdk.js\" crossorigin=\"anonymous\" defer=\"\"><\/script><\/p>\n","protected":false},"excerpt":{"rendered":"<p>Explora c\u00f3mo diferentes culturas calculan el tiempo. Descubre por qu\u00e9 el calendario gregoriano no es el \u00fanico sistema para medir el paso de los a\u00f1os (Adobe Stock) Mientras el calendario gregoriano marca el a\u00f1o 2025, no todos los rincones del mundo lo consideran como \u00fanico punto de referencia para medir el paso del tiempo. En [&hellip;]<\/p>\n","protected":false},"author":2,"featured_media":30988,"comment_status":"","ping_status":"","sticky":false,"template":"","format":"standard","meta":{"footnotes":""},"categories":[3],"tags":[],"_links":{"self":[{"href":"https:\/\/maxradio923.com.ar\/index.php\/wp-json\/wp\/v2\/posts\/30987"}],"collection":[{"href":"https:\/\/maxradio923.com.ar\/index.php\/wp-json\/wp\/v2\/posts"}],"about":[{"href":"https:\/\/maxradio923.com.ar\/index.php\/wp-json\/wp\/v2\/types\/post"}],"author":[{"embeddable":true,"href":"https:\/\/maxradio923.com.ar\/index.php\/wp-json\/wp\/v2\/users\/2"}],"replies":[{"embeddable":true,"href":"https:\/\/maxradio923.com.ar\/index.php\/wp-json\/wp\/v2\/comments?post=30987"}],"version-history":[{"count":0,"href":"https:\/\/maxradio923.com.ar\/index.php\/wp-json\/wp\/v2\/posts\/30987\/revisions"}],"wp:featuredmedia":[{"embeddable":true,"href":"https:\/\/maxradio923.com.ar\/index.php\/wp-json\/wp\/v2\/media\/30988"}],"wp:attachment":[{"href":"https:\/\/maxradio923.com.ar\/index.php\/wp-json\/wp\/v2\/media?parent=30987"}],"wp:term":[{"taxonomy":"category","embeddable":true,"href":"https:\/\/maxradio923.com.ar\/index.php\/wp-json\/wp\/v2\/categories?post=30987"},{"taxonomy":"post_tag","embeddable":true,"href":"https:\/\/maxradio923.com.ar\/index.php\/wp-json\/wp\/v2\/tags?post=30987"}],"curies":[{"name":"wp","href":"https:\/\/api.w.org\/{rel}","templated":true}]}}