{"id":30983,"date":"2025-01-06T05:55:02","date_gmt":"2025-01-06T08:55:02","guid":{"rendered":"https:\/\/maxradio923.com.ar\/index.php\/2025\/01\/06\/como-es-la-isla-abandonada-de-europa-que-se-transformara-en-un-parque-tematico\/"},"modified":"2025-01-06T05:55:02","modified_gmt":"2025-01-06T08:55:02","slug":"como-es-la-isla-abandonada-de-europa-que-se-transformara-en-un-parque-tematico","status":"publish","type":"post","link":"https:\/\/maxradio923.com.ar\/index.php\/2025\/01\/06\/como-es-la-isla-abandonada-de-europa-que-se-transformara-en-un-parque-tematico\/","title":{"rendered":"C\u00f3mo es la isla abandonada de Europa que se transformar\u00e1 en un parque tem\u00e1tico"},"content":{"rendered":"<p><\/p>\n<div>\n<div class=\" visual__image\"><picture><source srcset=\"https:\/\/www.infobae.com\/resizer\/v2\/US6I4CP5GVFMDOQKRXMBUZMV24.jpg?auth=fa762cad017ae0323194a1fdc5e7c497a2e0a4801d5677e5f69cdd689efc510d&amp;smart=true&amp;width=992&amp;height=558&amp;quality=85\" media=\"(min-width: 1000px)\"\/><source srcset=\"https:\/\/www.infobae.com\/resizer\/v2\/US6I4CP5GVFMDOQKRXMBUZMV24.jpg?auth=fa762cad017ae0323194a1fdc5e7c497a2e0a4801d5677e5f69cdd689efc510d&amp;smart=true&amp;width=768&amp;height=432&amp;quality=85\" media=\"(min-width: 768px)\"\/><source srcset=\"https:\/\/www.infobae.com\/resizer\/v2\/US6I4CP5GVFMDOQKRXMBUZMV24.jpg?auth=fa762cad017ae0323194a1fdc5e7c497a2e0a4801d5677e5f69cdd689efc510d&amp;smart=true&amp;width=577&amp;height=325&amp;quality=85\" media=\"(min-width: 580px)\"\/><source srcset=\"https:\/\/www.infobae.com\/resizer\/v2\/US6I4CP5GVFMDOQKRXMBUZMV24.jpg?auth=fa762cad017ae0323194a1fdc5e7c497a2e0a4801d5677e5f69cdd689efc510d&amp;smart=true&amp;width=420&amp;height=236&amp;quality=85\" media=\"(min-width: 350px)\"\/><source srcset=\"https:\/\/www.infobae.com\/resizer\/v2\/US6I4CP5GVFMDOQKRXMBUZMV24.jpg?auth=fa762cad017ae0323194a1fdc5e7c497a2e0a4801d5677e5f69cdd689efc510d&amp;smart=true&amp;width=350&amp;height=197&amp;quality=85\" media=\"(min-width: 80px)\"\/><img alt=\"La isla Boega est\u00e1 en\" class=\"global-image\" decoding=\"async\" fetchpriority=\"high\" height=\"1080\" loading=\"eager\" src=\"https:\/\/www.infobae.com\/resizer\/v2\/US6I4CP5GVFMDOQKRXMBUZMV24.jpg?auth=fa762cad017ae0323194a1fdc5e7c497a2e0a4801d5677e5f69cdd689efc510d&amp;smart=true&amp;width=350&amp;height=197&amp;quality=85\" width=\"1920\"\/><\/picture><figcaption class=\"article-figcaption-img\">La isla Boega est\u00e1 en el r\u00edo Mi\u00f1o, frontera natural entre el norte de Portugal y la provincia espa\u00f1ola de Pontevedra<\/figcaption><\/div>\n<p class=\"paragraph\">En el coraz\u00f3n del r\u00edo Mi\u00f1o, frontera natural entre <b>Portugal<\/b> y <b>Espa\u00f1a<\/b>, una peque\u00f1a isla deshabitada conocida como <b>Boega<\/b> est\u00e1 a punto de dejar atr\u00e1s su pasado como asentamiento agr\u00edcola abandonado para convertirse en un <b>parque tem\u00e1tico<\/b> de talla internacional. Con una ubicaci\u00f3n estrat\u00e9gica y un entorno natural \u00fanico, este proyecto promete transformar este rinc\u00f3n olvidado de <b>Europa <\/b>en un destino tur\u00edstico de referencia.<\/p>\n<p class=\"paragraph\">A solo 80 minutos de <b>Porto<\/b> y 50 minutos de <b>Vigo<\/b>, es un espacio de 47 hect\u00e1reas que, aunque relegado durante a\u00f1os, ha captado la atenci\u00f3n de inversionistas y dise\u00f1adores. La isla ser\u00e1 la sede de <b>Porto Boega<\/b>, un parque tem\u00e1tico que combinar\u00e1 \u00e1reas culturales inspiradas en civilizaciones hist\u00f3ricas, entretenimiento moderno y un enfoque sostenible.<\/p>\n<p class=\"paragraph\">El proyecto, que est\u00e1 en manos de las firmas <b>BlueCrow Capital<\/b>, <b>Obvious Gravity<\/b> y <b>Storyland Studios<\/b>, representa una iniciativa ambiciosa que promete cambiar la percepci\u00f3n de Portugal como destino tur\u00edstico. Si bien los detalles sobre la apertura y el costo a\u00fan son inciertos, el dise\u00f1o conceptual del parque ya ha generado expectaci\u00f3n entre especialistas del sector y posibles visitantes.<\/p>\n<div class=\" visual__image\"><picture><source srcset=\"https:\/\/www.infobae.com\/resizer\/v2\/HIF6DGAF2BFMBFM7FA47P7D52Q.jpg?auth=c3b37ecc876b327854e56345e67d05d9593ab126604a2e1a9a8b4ae30f4e5b09&amp;smart=true&amp;width=992&amp;height=558&amp;quality=85\" media=\"(min-width: 1000px)\"\/><source srcset=\"https:\/\/www.infobae.com\/resizer\/v2\/HIF6DGAF2BFMBFM7FA47P7D52Q.jpg?auth=c3b37ecc876b327854e56345e67d05d9593ab126604a2e1a9a8b4ae30f4e5b09&amp;smart=true&amp;width=768&amp;height=432&amp;quality=85\" media=\"(min-width: 768px)\"\/><source srcset=\"https:\/\/www.infobae.com\/resizer\/v2\/HIF6DGAF2BFMBFM7FA47P7D52Q.jpg?auth=c3b37ecc876b327854e56345e67d05d9593ab126604a2e1a9a8b4ae30f4e5b09&amp;smart=true&amp;width=577&amp;height=325&amp;quality=85\" media=\"(min-width: 580px)\"\/><source srcset=\"https:\/\/www.infobae.com\/resizer\/v2\/HIF6DGAF2BFMBFM7FA47P7D52Q.jpg?auth=c3b37ecc876b327854e56345e67d05d9593ab126604a2e1a9a8b4ae30f4e5b09&amp;smart=true&amp;width=420&amp;height=236&amp;quality=85\" media=\"(min-width: 350px)\"\/><source srcset=\"https:\/\/www.infobae.com\/resizer\/v2\/HIF6DGAF2BFMBFM7FA47P7D52Q.jpg?auth=c3b37ecc876b327854e56345e67d05d9593ab126604a2e1a9a8b4ae30f4e5b09&amp;smart=true&amp;width=350&amp;height=197&amp;quality=85\" media=\"(min-width: 80px)\"\/><img alt=\"Porto Boega tendr\u00e1 \u00e1reas tem\u00e1ticas\" class=\"global-image\" decoding=\"async\" fetchpriority=\"low\" height=\"1080\" loading=\"lazy\" src=\"https:\/\/www.infobae.com\/resizer\/v2\/HIF6DGAF2BFMBFM7FA47P7D52Q.jpg?auth=c3b37ecc876b327854e56345e67d05d9593ab126604a2e1a9a8b4ae30f4e5b09&amp;smart=true&amp;width=350&amp;height=197&amp;quality=85\" width=\"1920\"\/><\/picture><figcaption class=\"article-figcaption-img\">Porto Boega tendr\u00e1 \u00e1reas tem\u00e1ticas inspiradas en civilizaciones como la egipcia, azteca, vikinga y china<\/figcaption><\/div>\n<p class=\"paragraph\">La isla Boega se encuentra en un tramo tranquilo del r\u00edo Mi\u00f1o, cuya corriente sirve como frontera natural entre el norte de Portugal y la provincia espa\u00f1ola de Pontevedra. Durante siglos, este territorio fue utilizado como asentamiento agr\u00edcola, pero en las \u00faltimas d\u00e9cadas cay\u00f3 en el abandono, convirti\u00e9ndose en un espacio olvidado.<\/p>\n<p class=\"paragraph\">Boega destaca por su reducido tama\u00f1o \u20141.400 metros de largo y 400 de ancho\u2014, lo que no ha impedido que los dise\u00f1adores de Porto Boega vean en ella un gran potencial. Seg\u00fan declaraciones de Adam Booth, gerente de proyectos en <b>Storyland Studios<\/b>, publicadas en <i>The Sun<\/i>, el parque ser\u00e1 un \u201cresort de clase mundial con un enfoque \u00fanico en temas hist\u00f3ricos y en las historias de los h\u00e9roes portugueses\u201d.<\/p>\n<p class=\"paragraph\">El acceso a la isla se realizar\u00e1 mediante puentes o embarcaciones, y contar\u00e1 con estacionamientos en las riberas del r\u00edo. Adem\u00e1s, el proyecto incluye \u00e1reas comerciales y de hospedaje que complementar\u00e1n las atracciones del parque, a\u00f1adiendo una oferta integral de turismo y entretenimiento.<\/p>\n<div class=\" visual__image\"><picture><source srcset=\"https:\/\/www.infobae.com\/resizer\/v2\/5Z3CAFE47BDB3B3SQJQSJJBWP4.jpg?auth=a461d06391f9673bb946fe88c1f367f8ad78aa54ee1f5aeb214fd09b8d812161&amp;smart=true&amp;width=992&amp;height=558&amp;quality=85\" media=\"(min-width: 1000px)\"\/><source srcset=\"https:\/\/www.infobae.com\/resizer\/v2\/5Z3CAFE47BDB3B3SQJQSJJBWP4.jpg?auth=a461d06391f9673bb946fe88c1f367f8ad78aa54ee1f5aeb214fd09b8d812161&amp;smart=true&amp;width=768&amp;height=432&amp;quality=85\" media=\"(min-width: 768px)\"\/><source srcset=\"https:\/\/www.infobae.com\/resizer\/v2\/5Z3CAFE47BDB3B3SQJQSJJBWP4.jpg?auth=a461d06391f9673bb946fe88c1f367f8ad78aa54ee1f5aeb214fd09b8d812161&amp;smart=true&amp;width=577&amp;height=325&amp;quality=85\" media=\"(min-width: 580px)\"\/><source srcset=\"https:\/\/www.infobae.com\/resizer\/v2\/5Z3CAFE47BDB3B3SQJQSJJBWP4.jpg?auth=a461d06391f9673bb946fe88c1f367f8ad78aa54ee1f5aeb214fd09b8d812161&amp;smart=true&amp;width=420&amp;height=236&amp;quality=85\" media=\"(min-width: 350px)\"\/><source srcset=\"https:\/\/www.infobae.com\/resizer\/v2\/5Z3CAFE47BDB3B3SQJQSJJBWP4.jpg?auth=a461d06391f9673bb946fe88c1f367f8ad78aa54ee1f5aeb214fd09b8d812161&amp;smart=true&amp;width=350&amp;height=197&amp;quality=85\" media=\"(min-width: 80px)\"\/><img alt=\"Dise\u00f1adores visualizan un resort de\" class=\"global-image\" decoding=\"async\" fetchpriority=\"low\" height=\"1080\" loading=\"lazy\" src=\"https:\/\/www.infobae.com\/resizer\/v2\/5Z3CAFE47BDB3B3SQJQSJJBWP4.jpg?auth=a461d06391f9673bb946fe88c1f367f8ad78aa54ee1f5aeb214fd09b8d812161&amp;smart=true&amp;width=350&amp;height=197&amp;quality=85\" width=\"1920\"\/><\/picture><figcaption class=\"article-figcaption-img\">Dise\u00f1adores visualizan un resort de clase mundial con enfoques culturales e historias portuguesas<\/figcaption><\/div>\n<p class=\"paragraph\">El concepto de Porto Boega se centra en celebrar las civilizaciones hist\u00f3ricas a trav\u00e9s de diferentes \u00e1reas tem\u00e1ticas. Entre las propuestas destacadas se incluyen:<\/p>\n<ul data-icon=\"\u2b24\" class=\"list\">\n<li data-icon=\"\u2b24\"><span>Una secci\u00f3n dedicada al <b>Antiguo Egipto<\/b>, con una pir\u00e1mide como elemento central.<\/span><\/li>\n<li data-icon=\"\u2b24\"><span>Un \u00e1rea inspirada en las <b>culturas precolombinas<\/b>, representada por una pir\u00e1mide azteca.<\/span><\/li>\n<li data-icon=\"\u2b24\"><span>Espacios tem\u00e1ticos de <b>arquitectura china<\/b> y de la era vikinga.<\/span><\/li>\n<li data-icon=\"\u2b24\"><span>Un faro que recuerda al de Alejandr\u00eda.<\/span><\/li>\n<li data-icon=\"\u2b24\"><span>Un zeppel\u00edn gigante de est\u00e9tica <b>steampunk<\/b>, que ser\u00e1 uno de los elementos visuales m\u00e1s llamativos del parque.<\/span><\/li>\n<\/ul>\n<p class=\"paragraph\">Aunque los dise\u00f1adores a\u00fan no han revelado detalles sobre las <b>atracciones mec\u00e1nicas<\/b>, las im\u00e1genes conceptuales sugieren que estas podr\u00edan estar integradas en edificios tem\u00e1ticos para preservar la est\u00e9tica visual, similar a lo que sucede en parques como <b>Disney<\/b>.<\/p>\n<div class=\" visual__image\"><picture><source srcset=\"https:\/\/www.infobae.com\/resizer\/v2\/MGBDC3OM2BGHJA6HNQDKZ4FPY4.jpg?auth=68f04ed644361d4b9d7ee04b0f8edf83720166da97887d6d1d2f54807bc7326b&amp;smart=true&amp;width=992&amp;height=558&amp;quality=85\" media=\"(min-width: 1000px)\"\/><source srcset=\"https:\/\/www.infobae.com\/resizer\/v2\/MGBDC3OM2BGHJA6HNQDKZ4FPY4.jpg?auth=68f04ed644361d4b9d7ee04b0f8edf83720166da97887d6d1d2f54807bc7326b&amp;smart=true&amp;width=768&amp;height=432&amp;quality=85\" media=\"(min-width: 768px)\"\/><source srcset=\"https:\/\/www.infobae.com\/resizer\/v2\/MGBDC3OM2BGHJA6HNQDKZ4FPY4.jpg?auth=68f04ed644361d4b9d7ee04b0f8edf83720166da97887d6d1d2f54807bc7326b&amp;smart=true&amp;width=577&amp;height=325&amp;quality=85\" media=\"(min-width: 580px)\"\/><source srcset=\"https:\/\/www.infobae.com\/resizer\/v2\/MGBDC3OM2BGHJA6HNQDKZ4FPY4.jpg?auth=68f04ed644361d4b9d7ee04b0f8edf83720166da97887d6d1d2f54807bc7326b&amp;smart=true&amp;width=420&amp;height=236&amp;quality=85\" media=\"(min-width: 350px)\"\/><source srcset=\"https:\/\/www.infobae.com\/resizer\/v2\/MGBDC3OM2BGHJA6HNQDKZ4FPY4.jpg?auth=68f04ed644361d4b9d7ee04b0f8edf83720166da97887d6d1d2f54807bc7326b&amp;smart=true&amp;width=350&amp;height=197&amp;quality=85\" media=\"(min-width: 80px)\"\/><img alt=\"Habr\u00e1 accesos a la isla\" class=\"global-image\" decoding=\"async\" fetchpriority=\"low\" height=\"1080\" loading=\"lazy\" src=\"https:\/\/www.infobae.com\/resizer\/v2\/MGBDC3OM2BGHJA6HNQDKZ4FPY4.jpg?auth=68f04ed644361d4b9d7ee04b0f8edf83720166da97887d6d1d2f54807bc7326b&amp;smart=true&amp;width=350&amp;height=197&amp;quality=85\" width=\"1920\"\/><\/picture><figcaption class=\"article-figcaption-img\">Habr\u00e1 accesos a la isla mediante puentes o embarcaciones, con estacionamientos en ambas riberas<\/figcaption><\/div>\n<p class=\"paragraph\">El tama\u00f1o limitado de la isla plantea importantes desaf\u00edos log\u00edsticos y ecol\u00f3gicos. Seg\u00fan <i>MARCA<\/i>, el proyecto busca minimizar su impacto ambiental y se ha dise\u00f1ado como una iniciativa de <b>turismo sostenible<\/b>, aline\u00e1ndose con los est\u00e1ndares internacionales actuales.<\/p>\n<p class=\"paragraph\">En su p\u00e1gina web, BlueCrow Capital confirma que el plan ha recibido la aprobaci\u00f3n preliminar del ayuntamiento de Vila Nova de Cerveira, en Portugal, que considera esta propuesta como una oportunidad para revitalizar la regi\u00f3n. Sin embargo, todav\u00eda quedan preguntas por resolver, como los costos de construcci\u00f3n y la sostenibilidad a largo plazo de un proyecto de esta magnitud.<\/p>\n<p class=\"paragraph\">El parque ocupar\u00e1 aproximadamente la mitad de la isla, una escala comparable al Parque Warner Madrid (31 hect\u00e1reas), aunque m\u00e1s peque\u00f1o que PortAventura en Espa\u00f1a (51 hect\u00e1reas). La otra mitad se destinar\u00e1 a zonas de hospedaje y servicios.<\/p>\n<div class=\" visual__image\"><picture><source srcset=\"https:\/\/www.infobae.com\/resizer\/v2\/BTQNSXCKTJEXLKURD5KBO6Y2BQ.jpg?auth=e4786076d762dbbbdbf83fc67dd126cb93948dbb3bebd9a7584be5eef401b48b&amp;smart=true&amp;width=992&amp;height=558&amp;quality=85\" media=\"(min-width: 1000px)\"\/><source srcset=\"https:\/\/www.infobae.com\/resizer\/v2\/BTQNSXCKTJEXLKURD5KBO6Y2BQ.jpg?auth=e4786076d762dbbbdbf83fc67dd126cb93948dbb3bebd9a7584be5eef401b48b&amp;smart=true&amp;width=768&amp;height=432&amp;quality=85\" media=\"(min-width: 768px)\"\/><source srcset=\"https:\/\/www.infobae.com\/resizer\/v2\/BTQNSXCKTJEXLKURD5KBO6Y2BQ.jpg?auth=e4786076d762dbbbdbf83fc67dd126cb93948dbb3bebd9a7584be5eef401b48b&amp;smart=true&amp;width=577&amp;height=325&amp;quality=85\" media=\"(min-width: 580px)\"\/><source srcset=\"https:\/\/www.infobae.com\/resizer\/v2\/BTQNSXCKTJEXLKURD5KBO6Y2BQ.jpg?auth=e4786076d762dbbbdbf83fc67dd126cb93948dbb3bebd9a7584be5eef401b48b&amp;smart=true&amp;width=420&amp;height=236&amp;quality=85\" media=\"(min-width: 350px)\"\/><source srcset=\"https:\/\/www.infobae.com\/resizer\/v2\/BTQNSXCKTJEXLKURD5KBO6Y2BQ.jpg?auth=e4786076d762dbbbdbf83fc67dd126cb93948dbb3bebd9a7584be5eef401b48b&amp;smart=true&amp;width=350&amp;height=197&amp;quality=85\" media=\"(min-width: 80px)\"\/><img alt=\"El 50% de la isla\" class=\"global-image\" decoding=\"async\" fetchpriority=\"low\" height=\"1080\" loading=\"lazy\" src=\"https:\/\/www.infobae.com\/resizer\/v2\/BTQNSXCKTJEXLKURD5KBO6Y2BQ.jpg?auth=e4786076d762dbbbdbf83fc67dd126cb93948dbb3bebd9a7584be5eef401b48b&amp;smart=true&amp;width=350&amp;height=197&amp;quality=85\" width=\"1920\"\/><\/picture><figcaption class=\"article-figcaption-img\">El 50% de la isla ser\u00e1 dedicado a atracciones, complementado con zonas comerciales y de hospedaje<\/figcaption><\/div>\n<p class=\"paragraph\">El potencial de Porto Boega no se limita al entretenimiento. El parque podr\u00eda convertirse en un motor econ\u00f3mico para la regi\u00f3n, atrayendo visitantes de toda Europa y posicionando a Portugal como un destino de referencia en el sector de los parques tem\u00e1ticos, un mercado donde actualmente tiene poca presencia.<\/p>\n<p class=\"paragraph\">Adem\u00e1s, este proyecto podr\u00eda reforzar el v\u00ednculo cultural entre Portugal y Espa\u00f1a, al ubicarse en un punto fronterizo que hist\u00f3ricamente ha unido a ambas naciones. \u201cNo solo pondr\u00e1 a Portugal en el mapa del entretenimiento, sino que tambi\u00e9n destacar\u00e1 nuestra cultura e identidad de una manera nunca antes vista\u201d, afirmaron los dise\u00f1adores en declaraciones recogidas por <i>TimeOut<\/i>.<\/p>\n<p class=\"paragraph\">Aunque el camino hacia la realizaci\u00f3n de Porto Boega est\u00e1 lleno de desaf\u00edos, la visi\u00f3n detr\u00e1s de este proyecto resuena como una oportunidad \u00fanica para transformar una isla olvidada en un destino de clase mundial. Con su enfoque en la historia, la sostenibilidad y el turismo, Porto Boega podr\u00eda redefinir lo que significa combinar cultura y entretenimiento en un entorno natural.<\/p>\n<\/div>\n<p><script defer=\"\">!function(f,b,e,v,n,t,s) {if(f.fbq)return;n=f.fbq=function(){n.callMethod? n.callMethod.apply(n,arguments):n.queue.push(arguments)}; if(!f._fbq)f._fbq=n;n.push=n;n.loaded=!0;n.version='2.0'; n.queue=[];t=b.createElement(e);t.async=!0; t.src=v;s=b.getElementsByTagName(e)[0]; s.parentNode.insertBefore(t,s)}(window, document,'script', ' fbq('init', '336383993555320'); fbq('track', 'PageView'); fbq('track', 'ViewContent');<\/script><script src=\"https:\/\/connect.facebook.net\/en_US\/sdk.js\" crossorigin=\"anonymous\" defer=\"\"><\/script><\/p>\n","protected":false},"excerpt":{"rendered":"<p>La isla Boega est\u00e1 en el r\u00edo Mi\u00f1o, frontera natural entre el norte de Portugal y la provincia espa\u00f1ola de Pontevedra En el coraz\u00f3n del r\u00edo Mi\u00f1o, frontera natural entre Portugal y Espa\u00f1a, una peque\u00f1a isla deshabitada conocida como Boega est\u00e1 a punto de dejar atr\u00e1s su pasado como asentamiento agr\u00edcola abandonado para convertirse en [&hellip;]<\/p>\n","protected":false},"author":2,"featured_media":30984,"comment_status":"","ping_status":"","sticky":false,"template":"","format":"standard","meta":{"footnotes":""},"categories":[3],"tags":[],"_links":{"self":[{"href":"https:\/\/maxradio923.com.ar\/index.php\/wp-json\/wp\/v2\/posts\/30983"}],"collection":[{"href":"https:\/\/maxradio923.com.ar\/index.php\/wp-json\/wp\/v2\/posts"}],"about":[{"href":"https:\/\/maxradio923.com.ar\/index.php\/wp-json\/wp\/v2\/types\/post"}],"author":[{"embeddable":true,"href":"https:\/\/maxradio923.com.ar\/index.php\/wp-json\/wp\/v2\/users\/2"}],"replies":[{"embeddable":true,"href":"https:\/\/maxradio923.com.ar\/index.php\/wp-json\/wp\/v2\/comments?post=30983"}],"version-history":[{"count":0,"href":"https:\/\/maxradio923.com.ar\/index.php\/wp-json\/wp\/v2\/posts\/30983\/revisions"}],"wp:featuredmedia":[{"embeddable":true,"href":"https:\/\/maxradio923.com.ar\/index.php\/wp-json\/wp\/v2\/media\/30984"}],"wp:attachment":[{"href":"https:\/\/maxradio923.com.ar\/index.php\/wp-json\/wp\/v2\/media?parent=30983"}],"wp:term":[{"taxonomy":"category","embeddable":true,"href":"https:\/\/maxradio923.com.ar\/index.php\/wp-json\/wp\/v2\/categories?post=30983"},{"taxonomy":"post_tag","embeddable":true,"href":"https:\/\/maxradio923.com.ar\/index.php\/wp-json\/wp\/v2\/tags?post=30983"}],"curies":[{"name":"wp","href":"https:\/\/api.w.org\/{rel}","templated":true}]}}