{"id":30981,"date":"2025-01-06T04:10:03","date_gmt":"2025-01-06T07:10:03","guid":{"rendered":"https:\/\/maxradio923.com.ar\/index.php\/2025\/01\/06\/el-ente-anticorrupcion-de-corea-del-sur-pidio-a-la-policia-ejecutar-la-orden-de-arresto-contra-el-destituido-yoon-suk-yeol\/"},"modified":"2025-01-06T04:10:03","modified_gmt":"2025-01-06T07:10:03","slug":"el-ente-anticorrupcion-de-corea-del-sur-pidio-a-la-policia-ejecutar-la-orden-de-arresto-contra-el-destituido-yoon-suk-yeol","status":"publish","type":"post","link":"https:\/\/maxradio923.com.ar\/index.php\/2025\/01\/06\/el-ente-anticorrupcion-de-corea-del-sur-pidio-a-la-policia-ejecutar-la-orden-de-arresto-contra-el-destituido-yoon-suk-yeol\/","title":{"rendered":"El ente anticorrupci\u00f3n de Corea del Sur pidi\u00f3 a la Polic\u00eda ejecutar la orden de arresto contra el destituido Yoon Suk-yeol"},"content":{"rendered":"<p><\/p>\n<div>\n<div class=\" visual__image\"><picture><source srcset=\"https:\/\/www.infobae.com\/resizer\/v2\/ONKQHTIY5VDYDDEXHDVV5GQNZM.jpg?auth=ac2eb568e9d9ed29df3767a8e0394fe15b0bc038e13a66858d8ce9aff5d42f36&amp;smart=true&amp;width=992&amp;height=661&amp;quality=85\" media=\"(min-width: 1000px)\"\/><source srcset=\"https:\/\/www.infobae.com\/resizer\/v2\/ONKQHTIY5VDYDDEXHDVV5GQNZM.jpg?auth=ac2eb568e9d9ed29df3767a8e0394fe15b0bc038e13a66858d8ce9aff5d42f36&amp;smart=true&amp;width=768&amp;height=512&amp;quality=85\" media=\"(min-width: 768px)\"\/><source srcset=\"https:\/\/www.infobae.com\/resizer\/v2\/ONKQHTIY5VDYDDEXHDVV5GQNZM.jpg?auth=ac2eb568e9d9ed29df3767a8e0394fe15b0bc038e13a66858d8ce9aff5d42f36&amp;smart=true&amp;width=577&amp;height=385&amp;quality=85\" media=\"(min-width: 580px)\"\/><source srcset=\"https:\/\/www.infobae.com\/resizer\/v2\/ONKQHTIY5VDYDDEXHDVV5GQNZM.jpg?auth=ac2eb568e9d9ed29df3767a8e0394fe15b0bc038e13a66858d8ce9aff5d42f36&amp;smart=true&amp;width=420&amp;height=280&amp;quality=85\" media=\"(min-width: 350px)\"\/><source srcset=\"https:\/\/www.infobae.com\/resizer\/v2\/ONKQHTIY5VDYDDEXHDVV5GQNZM.jpg?auth=ac2eb568e9d9ed29df3767a8e0394fe15b0bc038e13a66858d8ce9aff5d42f36&amp;smart=true&amp;width=350&amp;height=233&amp;quality=85\" media=\"(min-width: 80px)\"\/><img alt=\"El ente anticorrupci\u00f3n de Corea\" class=\"global-image\" decoding=\"async\" fetchpriority=\"high\" height=\"3333\" loading=\"eager\" src=\"https:\/\/www.infobae.com\/resizer\/v2\/ONKQHTIY5VDYDDEXHDVV5GQNZM.jpg?auth=ac2eb568e9d9ed29df3767a8e0394fe15b0bc038e13a66858d8ce9aff5d42f36&amp;smart=true&amp;width=350&amp;height=233&amp;quality=85\" width=\"5000\"\/><\/picture><figcaption class=\"article-figcaption-img\">El ente anticorrupci\u00f3n de Corea del Sur pidi\u00f3 a la Polic\u00eda ejecutar la orden de arresto contra el destituido Yoon Suk-yeol (EFE\/KIM HONG-JI\/)<br \/>\n<\/figcaption><\/div>\n<p class=\"paragraph\">La<b> Oficina para las Investigaciones de Corrupci\u00f3n de Funcionarios de Alto Rango<\/b> (CIO, por sus siglas en ingl\u00e9s) solicit\u00f3 este lunes a la Polic\u00eda surcoreana que ejecute la orden de arresto temporal contra el presidente destituido, <b>Yoon Suk-yeol<\/b>, por su intento de instaurar la ley marcial. <\/p>\n<p class=\"paragraph\">La orden, obtenida luego de que Yoon ignorara tres citaciones para declarar, caduca a medianoche hora local (15.00 GMT), por lo que las autoridades eval\u00faan la posibilidad de detenerlo en las pr\u00f3ximas horas o de solicitar una pr\u00f3rroga, seg\u00fan la agencia de noticias <i>Yonhap<\/i>.<\/p>\n<p class=\"paragraph\">El viernes pasado, el<b> Servicio de Seguridad Presidencial<\/b> (PSS) bloque\u00f3 un intento de agentes del CIO y decenas de polic\u00edas de acceder a la residencia de Yoon para arrestarlo, lo que gener\u00f3 un tenso enfrentamiento de horas. Este lunes, el CIO envi\u00f3 una carta a la Polic\u00eda solicitando su intervenci\u00f3n para ejecutar la orden, aunque un representante policial confirm\u00f3 que se est\u00e1 llevando a cabo una \u201crevisi\u00f3n legal interna\u201d para determinar la viabilidad de la solicitud.<\/p>\n<p class=\"paragraph\">Paralelamente, manifestantes a favor y en contra de Yoon se congregaron frente a su residencia, acampando en temperaturas bajo cero para expresar sus posturas.<\/p>\n<p class=\"paragraph\">\u201cEl <b>Servicio de Seguridad Presidencial proteger\u00e1 al presidente, y nosotros protegeremos al Servicio de Seguridad hasta la medianoche\u201d<\/b>, declar\u00f3 <b>Kim Soo-yong<\/b>, uno de los organizadores de las protestas pro-Yoon. En contraste, l\u00edderes de las protestas en contra del presidente destituido han exigido su arresto inmediato, criticando la falta de acci\u00f3n de las autoridades.<\/p>\n<div class=\" visual__image\"><picture><source srcset=\"https:\/\/www.infobae.com\/resizer\/v2\/4XLYKFQPM2IM5IRAGVPOWDHNV4.jpg?auth=d24bc458c985494171b50b81df34911b9c9e4cea2848b2f5de175648cd4145a0&amp;smart=true&amp;width=992&amp;height=661&amp;quality=85\" media=\"(min-width: 1000px)\"\/><source srcset=\"https:\/\/www.infobae.com\/resizer\/v2\/4XLYKFQPM2IM5IRAGVPOWDHNV4.jpg?auth=d24bc458c985494171b50b81df34911b9c9e4cea2848b2f5de175648cd4145a0&amp;smart=true&amp;width=768&amp;height=512&amp;quality=85\" media=\"(min-width: 768px)\"\/><source srcset=\"https:\/\/www.infobae.com\/resizer\/v2\/4XLYKFQPM2IM5IRAGVPOWDHNV4.jpg?auth=d24bc458c985494171b50b81df34911b9c9e4cea2848b2f5de175648cd4145a0&amp;smart=true&amp;width=577&amp;height=385&amp;quality=85\" media=\"(min-width: 580px)\"\/><source srcset=\"https:\/\/www.infobae.com\/resizer\/v2\/4XLYKFQPM2IM5IRAGVPOWDHNV4.jpg?auth=d24bc458c985494171b50b81df34911b9c9e4cea2848b2f5de175648cd4145a0&amp;smart=true&amp;width=420&amp;height=280&amp;quality=85\" media=\"(min-width: 350px)\"\/><source srcset=\"https:\/\/www.infobae.com\/resizer\/v2\/4XLYKFQPM2IM5IRAGVPOWDHNV4.jpg?auth=d24bc458c985494171b50b81df34911b9c9e4cea2848b2f5de175648cd4145a0&amp;smart=true&amp;width=350&amp;height=233&amp;quality=85\" media=\"(min-width: 80px)\"\/><img alt=\"Manifestantes a favor y en\" class=\"global-image\" decoding=\"async\" fetchpriority=\"low\" height=\"5126\" loading=\"lazy\" src=\"https:\/\/www.infobae.com\/resizer\/v2\/4XLYKFQPM2IM5IRAGVPOWDHNV4.jpg?auth=d24bc458c985494171b50b81df34911b9c9e4cea2848b2f5de175648cd4145a0&amp;smart=true&amp;width=350&amp;height=233&amp;quality=85\" width=\"7685\"\/><\/picture><figcaption class=\"article-figcaption-img\">Manifestantes a favor y en contra de Yoon se congregaron frente a su residencia, acampando en temperaturas bajo cero para expresar sus posturas (REUTERS\/Tyrone Siu)<\/figcaption><\/div>\n<p class=\"paragraph\">Yoon Suk-yeol fue destituido por el Parlamento el pasado 14 de diciembre, tras ser acusado de <b>insurrecci\u00f3n <\/b>por declarar la ley marcial de forma fallida. Seg\u00fan la Constituci\u00f3n de Corea del Sur, el delito de insurrecci\u00f3n es uno de los pocos por los que un presidente en funciones puede ser procesado penalmente, con penas que incluyen<b> cadena perpetua<\/b> o incluso la pena de muerte, aunque el pa\u00eds mantiene una moratoria sobre esta \u00faltima desde hace casi 40 a\u00f1os.<\/p>\n<p class=\"paragraph\">La defensa de Yoon calific\u00f3 las \u00f3rdenes de detenci\u00f3n como \u201c<b>ilegales e inv\u00e1lidas<\/b>\u201d, argumentando que el CIO no tiene la autoridad para solicitar arrestos por delitos de insurrecci\u00f3n, una atribuci\u00f3n exclusiva de la Fiscal\u00eda. Sin embargo, un <b>tribunal de Se\u00fal<\/b> desestim\u00f3 el domingo la solicitud de anulaci\u00f3n presentada por sus abogados.<\/p>\n<p class=\"paragraph\">En caso de que Yoon sea arrestado, el equipo conjunto que lo investiga, compuesto por el CIO, la Polic\u00eda y el Ministerio de Defensa Nacional, dispondr\u00eda de <b>48 horas <\/b>para interrogarlo y, si lo considera necesario, solicitar una orden para prolongar su detenci\u00f3n.<\/p>\n<p class=\"paragraph\">Yoon Suk-yeol, destituido en diciembre por la Asamblea Nacional, est\u00e1 a la espera de que el <b>Tribunal Constitucional <\/b>decida antes de junio si lo restituye o lo remueve del cargo de manera definitiva. Mientras tanto, se le ha prohibido salir del pa\u00eds.<\/p>\n<div class=\" visual__image\"><picture><source srcset=\"https:\/\/www.infobae.com\/resizer\/v2\/L2OUFGPXBHTWLIT6XZNLGZLY7U.jpg?auth=d37c9171ee8c61ae51b4e36d41592850bc5fdb2244b22e641163699b3dc0335d&amp;smart=true&amp;width=992&amp;height=661&amp;quality=85\" media=\"(min-width: 1000px)\"\/><source srcset=\"https:\/\/www.infobae.com\/resizer\/v2\/L2OUFGPXBHTWLIT6XZNLGZLY7U.jpg?auth=d37c9171ee8c61ae51b4e36d41592850bc5fdb2244b22e641163699b3dc0335d&amp;smart=true&amp;width=768&amp;height=512&amp;quality=85\" media=\"(min-width: 768px)\"\/><source srcset=\"https:\/\/www.infobae.com\/resizer\/v2\/L2OUFGPXBHTWLIT6XZNLGZLY7U.jpg?auth=d37c9171ee8c61ae51b4e36d41592850bc5fdb2244b22e641163699b3dc0335d&amp;smart=true&amp;width=577&amp;height=385&amp;quality=85\" media=\"(min-width: 580px)\"\/><source srcset=\"https:\/\/www.infobae.com\/resizer\/v2\/L2OUFGPXBHTWLIT6XZNLGZLY7U.jpg?auth=d37c9171ee8c61ae51b4e36d41592850bc5fdb2244b22e641163699b3dc0335d&amp;smart=true&amp;width=420&amp;height=280&amp;quality=85\" media=\"(min-width: 350px)\"\/><source srcset=\"https:\/\/www.infobae.com\/resizer\/v2\/L2OUFGPXBHTWLIT6XZNLGZLY7U.jpg?auth=d37c9171ee8c61ae51b4e36d41592850bc5fdb2244b22e641163699b3dc0335d&amp;smart=true&amp;width=350&amp;height=233&amp;quality=85\" media=\"(min-width: 80px)\"\/><img alt=\"En caso de que Yoon\" class=\"global-image\" decoding=\"async\" fetchpriority=\"low\" height=\"4002\" loading=\"lazy\" src=\"https:\/\/www.infobae.com\/resizer\/v2\/L2OUFGPXBHTWLIT6XZNLGZLY7U.jpg?auth=d37c9171ee8c61ae51b4e36d41592850bc5fdb2244b22e641163699b3dc0335d&amp;smart=true&amp;width=350&amp;height=233&amp;quality=85\" width=\"6000\"\/><\/picture><figcaption class=\"article-figcaption-img\">En caso de que Yoon sea arrestado, el equipo conjunto que lo investiga, compuesto por el CIO, la Polic\u00eda y el Ministerio de Defensa Nacional, dispondr\u00eda de 48 horas para interrogarlo y, si lo considera necesario, solicitar una orden para prolongar su detenci\u00f3n (REUTERS\/Tyrone Siu)<\/figcaption><\/div>\n<p class=\"paragraph\">El intento de arresto de Yoon y su posterior bloqueo por parte de su personal de seguridad se producen en medio de una de las mayores crisis pol\u00edticas de Corea del Sur en a\u00f1os. Adem\u00e1s, la destituci\u00f3n de Yoon llev\u00f3 al primer ministro <b>Han Duck-soo<\/b> a asumir la presidencia interina, aunque \u00e9l tambi\u00e9n enfrenta un juicio pol\u00edtico promovido por la oposici\u00f3n. La primera audiencia previa a su juicio tendr\u00e1 lugar el 13 de enero.<\/p>\n<p class=\"paragraph\">La oposici\u00f3n, que domina la Asamblea Nacional, vot\u00f3 el pasado 27 de diciembre a favor de destituir a Han Duck-soo, menos de dos semanas despu\u00e9s de que asumiera el cargo interino.<\/p>\n<p class=\"paragraph\">En un informe de los fiscales, citado por <i>AFP<\/i>, se se\u00f1ala que Yoon ignor\u00f3 las objeciones de varios ministros clave durante una reuni\u00f3n de gabinete previa a su fallida declaraci\u00f3n de ley marcial. Entre los opositores a la medida estaban el entonces primer ministro, el ministro de Finanzas y el ministro de Exteriores, quienes advirtieron sobre las graves consecuencias econ\u00f3micas y diplom\u00e1ticas de esa decisi\u00f3n.<\/p>\n<p class=\"paragraph\"><i>(Con informaci\u00f3n de EFE, Europa Press y AFP)<\/i><\/p>\n<\/div>\n<p><script defer=\"\">!function(f,b,e,v,n,t,s) {if(f.fbq)return;n=f.fbq=function(){n.callMethod? n.callMethod.apply(n,arguments):n.queue.push(arguments)}; if(!f._fbq)f._fbq=n;n.push=n;n.loaded=!0;n.version='2.0'; n.queue=[];t=b.createElement(e);t.async=!0; t.src=v;s=b.getElementsByTagName(e)[0]; s.parentNode.insertBefore(t,s)}(window, document,'script', ' fbq('init', '336383993555320'); fbq('track', 'PageView'); fbq('track', 'ViewContent');<\/script><script src=\"https:\/\/connect.facebook.net\/en_US\/sdk.js\" crossorigin=\"anonymous\" defer=\"\"><\/script><\/p>\n","protected":false},"excerpt":{"rendered":"<p>El ente anticorrupci\u00f3n de Corea del Sur pidi\u00f3 a la Polic\u00eda ejecutar la orden de arresto contra el destituido Yoon Suk-yeol (EFE\/KIM HONG-JI\/) La Oficina para las Investigaciones de Corrupci\u00f3n de Funcionarios de Alto Rango (CIO, por sus siglas en ingl\u00e9s) solicit\u00f3 este lunes a la Polic\u00eda surcoreana que ejecute la orden de arresto temporal [&hellip;]<\/p>\n","protected":false},"author":2,"featured_media":30982,"comment_status":"","ping_status":"","sticky":false,"template":"","format":"standard","meta":{"footnotes":""},"categories":[3],"tags":[],"_links":{"self":[{"href":"https:\/\/maxradio923.com.ar\/index.php\/wp-json\/wp\/v2\/posts\/30981"}],"collection":[{"href":"https:\/\/maxradio923.com.ar\/index.php\/wp-json\/wp\/v2\/posts"}],"about":[{"href":"https:\/\/maxradio923.com.ar\/index.php\/wp-json\/wp\/v2\/types\/post"}],"author":[{"embeddable":true,"href":"https:\/\/maxradio923.com.ar\/index.php\/wp-json\/wp\/v2\/users\/2"}],"replies":[{"embeddable":true,"href":"https:\/\/maxradio923.com.ar\/index.php\/wp-json\/wp\/v2\/comments?post=30981"}],"version-history":[{"count":0,"href":"https:\/\/maxradio923.com.ar\/index.php\/wp-json\/wp\/v2\/posts\/30981\/revisions"}],"wp:featuredmedia":[{"embeddable":true,"href":"https:\/\/maxradio923.com.ar\/index.php\/wp-json\/wp\/v2\/media\/30982"}],"wp:attachment":[{"href":"https:\/\/maxradio923.com.ar\/index.php\/wp-json\/wp\/v2\/media?parent=30981"}],"wp:term":[{"taxonomy":"category","embeddable":true,"href":"https:\/\/maxradio923.com.ar\/index.php\/wp-json\/wp\/v2\/categories?post=30981"},{"taxonomy":"post_tag","embeddable":true,"href":"https:\/\/maxradio923.com.ar\/index.php\/wp-json\/wp\/v2\/tags?post=30981"}],"curies":[{"name":"wp","href":"https:\/\/api.w.org\/{rel}","templated":true}]}}