{"id":30975,"date":"2025-01-05T21:45:03","date_gmt":"2025-01-06T00:45:03","guid":{"rendered":"https:\/\/maxradio923.com.ar\/index.php\/2025\/01\/05\/israel-desmintio-que-hamas-haya-aprobado-una-lista-de-34-rehenes-para-su-liberacion\/"},"modified":"2025-01-05T21:45:03","modified_gmt":"2025-01-06T00:45:03","slug":"israel-desmintio-que-hamas-haya-aprobado-una-lista-de-34-rehenes-para-su-liberacion","status":"publish","type":"post","link":"https:\/\/maxradio923.com.ar\/index.php\/2025\/01\/05\/israel-desmintio-que-hamas-haya-aprobado-una-lista-de-34-rehenes-para-su-liberacion\/","title":{"rendered":"Israel desminti\u00f3 que Hamas haya aprobado una lista de 34 rehenes para su liberaci\u00f3n"},"content":{"rendered":"<p><\/p>\n<div>\n<div class=\" visual__image\"><picture><source srcset=\"https:\/\/www.infobae.com\/resizer\/v2\/TGT5PXYJ32APGAXJSFR6ZRKWSI.jpg?auth=317528a5a1c6218d86194f6113b63d1a0522f429bc02b56ab1afd5adfa2e0f0f&amp;smart=true&amp;width=992&amp;height=661&amp;quality=85\" media=\"(min-width: 1000px)\"\/><source srcset=\"https:\/\/www.infobae.com\/resizer\/v2\/TGT5PXYJ32APGAXJSFR6ZRKWSI.jpg?auth=317528a5a1c6218d86194f6113b63d1a0522f429bc02b56ab1afd5adfa2e0f0f&amp;smart=true&amp;width=768&amp;height=512&amp;quality=85\" media=\"(min-width: 768px)\"\/><source srcset=\"https:\/\/www.infobae.com\/resizer\/v2\/TGT5PXYJ32APGAXJSFR6ZRKWSI.jpg?auth=317528a5a1c6218d86194f6113b63d1a0522f429bc02b56ab1afd5adfa2e0f0f&amp;smart=true&amp;width=577&amp;height=385&amp;quality=85\" media=\"(min-width: 580px)\"\/><source srcset=\"https:\/\/www.infobae.com\/resizer\/v2\/TGT5PXYJ32APGAXJSFR6ZRKWSI.jpg?auth=317528a5a1c6218d86194f6113b63d1a0522f429bc02b56ab1afd5adfa2e0f0f&amp;smart=true&amp;width=420&amp;height=280&amp;quality=85\" media=\"(min-width: 350px)\"\/><source srcset=\"https:\/\/www.infobae.com\/resizer\/v2\/TGT5PXYJ32APGAXJSFR6ZRKWSI.jpg?auth=317528a5a1c6218d86194f6113b63d1a0522f429bc02b56ab1afd5adfa2e0f0f&amp;smart=true&amp;width=350&amp;height=233&amp;quality=85\" media=\"(min-width: 80px)\"\/><img alt=\"El primer ministro israel\u00ed, Benjamin\" class=\"global-image\" decoding=\"async\" fetchpriority=\"high\" height=\"3060\" loading=\"eager\" src=\"https:\/\/www.infobae.com\/resizer\/v2\/TGT5PXYJ32APGAXJSFR6ZRKWSI.jpg?auth=317528a5a1c6218d86194f6113b63d1a0522f429bc02b56ab1afd5adfa2e0f0f&amp;smart=true&amp;width=350&amp;height=233&amp;quality=85\" width=\"4590\"\/><\/picture><figcaption class=\"article-figcaption-img\">El primer ministro israel\u00ed, Benjamin Netanyahu, habla en conferencia de prensa en Jerusal\u00e9n, el 9 de diciembre de 2024 (AP Foto\/Maya Alleruzzo, Pool, File)<\/figcaption><\/div>\n<p class=\"paragraph\">La oficina del primer ministro israel\u00ed, <b>Benjamin Netanyahu,<\/b> ha negado este domingo las informaciones que atribuyen al Movimiento de Resistencia Isl\u00e1mica la difusi\u00f3n de la noticia de que han aprobado la liberaci\u00f3n de<b> 34 rehenes<\/b> del centenar retenido en la Franja de Gaza conforme al listado solicitado por Israel como primer paso de un acuerdo de alto el fuego.<\/p>\n<p class=\"paragraph\">\u201cHasta ahora Hamas no ha dado una lista de rehenes\u201d, ha explicado la oficina de Netanyahu en un comunicado recogido por el diario \u2018The Times of Israel\u2019.<\/p>\n<p class=\"paragraph\">La televisi\u00f3n israel\u00ed <i>Canal 12 <\/i>ha informado de que Hamas ha remitido este listado, pero <b>no ha confirmado cu\u00e1les de los individuos mencionados est\u00e1n vivos y cu\u00e1les no.<\/b><\/p>\n<p class=\"paragraph\">Previamente se hab\u00eda informado de que Netanyahu se reunir\u00eda en la tarde de este domingo con su Gabinete de Seguridad en medio de noticias sobre avances en las negociaciones para la liberaci\u00f3n de rehenes.<\/p>\n<p class=\"paragraph\">Mientras, el jefe del Mossad -servicios secretos israel\u00edes- y principal negociador israel\u00ed, <b>David Barnea<\/b>, tiene previsto viajar este lunes a Qatar para participar en las negociaciones, seg\u00fan ha publicado el diario israel\u00ed \u2018Yedioth Aharonoth\u2019.<\/p>\n<p class=\"paragraph\">Este domingo el diario qatar\u00ed Al <i>Arabi al Yadid<\/i> ha publicado citando fuentes palestinas que <b>este domingo es un \u201cd\u00eda decisivo\u201d<\/b> para las negociaciones de Doha despu\u00e9s de que las delegaciones lograra superar los escollos restantes. Fuentes citadas por la televisi\u00f3n p\u00fablica israel\u00ed <i>Kan<\/i> apuntan a avances durante el fin de semana, pero desmienten que haya un principio de acuerdo.<\/p>\n<div class=\" visual__image\"><picture><source srcset=\"https:\/\/www.infobae.com\/resizer\/v2\/VSOCP6JEP4LU3EEOXLWD25J2ZQ.jpg?auth=ba3dbd7a1ac065be6b7b78272401f7b4c69d54f75fe9d56d256c596af6202204&amp;smart=true&amp;width=992&amp;height=661&amp;quality=85\" media=\"(min-width: 1000px)\"\/><source srcset=\"https:\/\/www.infobae.com\/resizer\/v2\/VSOCP6JEP4LU3EEOXLWD25J2ZQ.jpg?auth=ba3dbd7a1ac065be6b7b78272401f7b4c69d54f75fe9d56d256c596af6202204&amp;smart=true&amp;width=768&amp;height=512&amp;quality=85\" media=\"(min-width: 768px)\"\/><source srcset=\"https:\/\/www.infobae.com\/resizer\/v2\/VSOCP6JEP4LU3EEOXLWD25J2ZQ.jpg?auth=ba3dbd7a1ac065be6b7b78272401f7b4c69d54f75fe9d56d256c596af6202204&amp;smart=true&amp;width=577&amp;height=385&amp;quality=85\" media=\"(min-width: 580px)\"\/><source srcset=\"https:\/\/www.infobae.com\/resizer\/v2\/VSOCP6JEP4LU3EEOXLWD25J2ZQ.jpg?auth=ba3dbd7a1ac065be6b7b78272401f7b4c69d54f75fe9d56d256c596af6202204&amp;smart=true&amp;width=420&amp;height=280&amp;quality=85\" media=\"(min-width: 350px)\"\/><source srcset=\"https:\/\/www.infobae.com\/resizer\/v2\/VSOCP6JEP4LU3EEOXLWD25J2ZQ.jpg?auth=ba3dbd7a1ac065be6b7b78272401f7b4c69d54f75fe9d56d256c596af6202204&amp;smart=true&amp;width=350&amp;height=233&amp;quality=85\" media=\"(min-width: 80px)\"\/><img alt=\"Carteles de rehenes israel\u00edes fuera\" class=\"global-image\" decoding=\"async\" fetchpriority=\"low\" height=\"533\" loading=\"lazy\" src=\"https:\/\/www.infobae.com\/resizer\/v2\/VSOCP6JEP4LU3EEOXLWD25J2ZQ.jpg?auth=ba3dbd7a1ac065be6b7b78272401f7b4c69d54f75fe9d56d256c596af6202204&amp;smart=true&amp;width=350&amp;height=233&amp;quality=85\" width=\"800\"\/><\/picture><figcaption class=\"article-figcaption-img\">Carteles de rehenes israel\u00edes fuera del centro comunitario Mid-Island Y JCC mientras la gente asisti\u00f3 a un servicio conmemorativo cercano para Omer Neutra, un miembro estadounidense de las Fuerzas de Defensa de Israel, que el ej\u00e9rcito israel\u00ed dice que fue asesinado durante el ataque a Israel por Hamas el 7 de octubre de 2023, en Plainview, Nueva York (REUTERS\/Adam Gray)<\/figcaption><\/div>\n<p class=\"paragraph\">Un funcionario de Hamas, que pidi\u00f3 el anonimato porque no estaba autorizado a hablar sobre las negociaciones indirectas en curso con los medios, dijo a la <i>AFP <\/i>que los <b>34 rehenes<\/b> que se incluir\u00e1n en el intercambio inicial incluyen a todas las mujeres, ni\u00f1os, ancianos y cautivos enfermos que a\u00fan est\u00e1n retenidos en Gaza.<\/p>\n<p class=\"paragraph\">El funcionario dijo que Hamas necesita tiempo para determinar si estaban vivos.<\/p>\n<p class=\"paragraph\">\u201c<b>Hamas ha acordado liberar a los 34 prisioneros, ya sea vivos o muertos<\/b>. Sin embargo, el grupo necesita una semana de calma para comunicarse con los captores e identificar a los que est\u00e1n vivos y a los que est\u00e1n muertos\u201d, dijo el funcionario.<\/p>\n<p class=\"paragraph\">De los 251 rehenes capturados durante el ataque del 7 de octubre de 2023 que desencaden\u00f3 la guerra, 96 permanecen en Gaza, incluidos 34 que el ej\u00e9rcito israel\u00ed dice que est\u00e1n muertos.<\/p>\n<p class=\"paragraph\">El s\u00e1bado, miles de manifestantes salieron a las calles de las principales ciudades de Israel para pedir al Gobierno del primer ministro un acuerdo con las milicias palestinas para la liberaci\u00f3n del centenar de rehenes.<\/p>\n<p class=\"paragraph\">De nuevo la concentraci\u00f3n m\u00e1s numerosa fue en<b> Tel Aviv<\/b>, donde la Polic\u00eda detuvo a seis manifestantes en la emblem\u00e1tica calle Begin despu\u00e9s de que se negaran a despejar la calzada, inform\u00f3 el diario <i>The Times of Israel<\/i>.<\/p>\n<p class=\"paragraph\">La Polic\u00eda emple\u00f3 caballos para cargar contra los manifestantes, que coreaban consignas contra la intervenci\u00f3n policial.<\/p>\n<p class=\"paragraph\">Uno de los intervinientes en el estrado apel\u00f3 al presidente electo de Estados Unidos, <b>Donald Trump.<\/b> \u201cTermina ya con esta guerra de mierda\u201d, afirm\u00f3 <b>Omri Lifshitz<\/b>, hijo del reh\u00e9n liberado Yocheved Lofshitz.<\/p>\n<p class=\"paragraph\">El sobrino de uno de los rehenes muertos, <b>Shahar Mor<\/b>, tambi\u00e9n se dirigi\u00f3 a Trump. \u201c<b>Que pare la campa\u00f1a de venganza de Gaza<\/b>. Necesitamos que vuelvan nuestros rehenes. Nos morimos sin ellos\u201d, dojo. \u201cLa anterior administraci\u00f3n ha fracasado miserablemente. Usted puede hacerlo mejor\u201d, a\u00f1adi\u00f3.<\/p>\n<p class=\"paragraph\">Mientras, en Jerusal\u00e9n, varias manifestantes se han quedado en ropa interior en la calle Rey Jorge y han mostrado inscripciones en hebreo y \u00e1rabe denunciando las consecuencias del fr\u00edo en la Franja de Gaza con frases como \u201cEn Gaza se est\u00e1n muriendo de fr\u00edo\u201d.<\/p>\n<p class=\"paragraph\">El grueso de la manifestaci\u00f3n march\u00f3 hasta la plaza de Par\u00eds, junto a la residencia oficial de Netanyahu. No ha habido detenciones.<\/p>\n<p class=\"paragraph\"><i>(Con infomaci\u00f3n de EP y AFP)<\/i><\/p>\n<\/div>\n<p><script defer=\"\">!function(f,b,e,v,n,t,s) {if(f.fbq)return;n=f.fbq=function(){n.callMethod? n.callMethod.apply(n,arguments):n.queue.push(arguments)}; if(!f._fbq)f._fbq=n;n.push=n;n.loaded=!0;n.version='2.0'; n.queue=[];t=b.createElement(e);t.async=!0; t.src=v;s=b.getElementsByTagName(e)[0]; s.parentNode.insertBefore(t,s)}(window, document,'script', ' fbq('init', '336383993555320'); fbq('track', 'PageView'); fbq('track', 'ViewContent');<\/script><script src=\"https:\/\/connect.facebook.net\/en_US\/sdk.js\" crossorigin=\"anonymous\" defer=\"\"><\/script><\/p>\n","protected":false},"excerpt":{"rendered":"<p>El primer ministro israel\u00ed, Benjamin Netanyahu, habla en conferencia de prensa en Jerusal\u00e9n, el 9 de diciembre de 2024 (AP Foto\/Maya Alleruzzo, Pool, File) La oficina del primer ministro israel\u00ed, Benjamin Netanyahu, ha negado este domingo las informaciones que atribuyen al Movimiento de Resistencia Isl\u00e1mica la difusi\u00f3n de la noticia de que han aprobado la [&hellip;]<\/p>\n","protected":false},"author":2,"featured_media":30976,"comment_status":"","ping_status":"","sticky":false,"template":"","format":"standard","meta":{"footnotes":""},"categories":[3],"tags":[],"_links":{"self":[{"href":"https:\/\/maxradio923.com.ar\/index.php\/wp-json\/wp\/v2\/posts\/30975"}],"collection":[{"href":"https:\/\/maxradio923.com.ar\/index.php\/wp-json\/wp\/v2\/posts"}],"about":[{"href":"https:\/\/maxradio923.com.ar\/index.php\/wp-json\/wp\/v2\/types\/post"}],"author":[{"embeddable":true,"href":"https:\/\/maxradio923.com.ar\/index.php\/wp-json\/wp\/v2\/users\/2"}],"replies":[{"embeddable":true,"href":"https:\/\/maxradio923.com.ar\/index.php\/wp-json\/wp\/v2\/comments?post=30975"}],"version-history":[{"count":0,"href":"https:\/\/maxradio923.com.ar\/index.php\/wp-json\/wp\/v2\/posts\/30975\/revisions"}],"wp:featuredmedia":[{"embeddable":true,"href":"https:\/\/maxradio923.com.ar\/index.php\/wp-json\/wp\/v2\/media\/30976"}],"wp:attachment":[{"href":"https:\/\/maxradio923.com.ar\/index.php\/wp-json\/wp\/v2\/media?parent=30975"}],"wp:term":[{"taxonomy":"category","embeddable":true,"href":"https:\/\/maxradio923.com.ar\/index.php\/wp-json\/wp\/v2\/categories?post=30975"},{"taxonomy":"post_tag","embeddable":true,"href":"https:\/\/maxradio923.com.ar\/index.php\/wp-json\/wp\/v2\/tags?post=30975"}],"curies":[{"name":"wp","href":"https:\/\/api.w.org\/{rel}","templated":true}]}}