{"id":30971,"date":"2025-01-05T20:00:03","date_gmt":"2025-01-05T23:00:03","guid":{"rendered":"https:\/\/maxradio923.com.ar\/index.php\/2025\/01\/05\/elon-musk-revoco-su-apoyo-a-nigel-farage-lider-de-la-extrema-derecha-britanica-no-tiene-lo-que-hace-falta\/"},"modified":"2025-01-05T20:00:03","modified_gmt":"2025-01-05T23:00:03","slug":"elon-musk-revoco-su-apoyo-a-nigel-farage-lider-de-la-extrema-derecha-britanica-no-tiene-lo-que-hace-falta","status":"publish","type":"post","link":"https:\/\/maxradio923.com.ar\/index.php\/2025\/01\/05\/elon-musk-revoco-su-apoyo-a-nigel-farage-lider-de-la-extrema-derecha-britanica-no-tiene-lo-que-hace-falta\/","title":{"rendered":"Elon Musk revoc\u00f3 su apoyo a Nigel Farage, l\u00edder de la extrema derecha brit\u00e1nica: \u201cNo tiene lo que hace falta\u201d"},"content":{"rendered":"<p><\/p>\n<div>\n<div class=\" visual__image\"><picture><source srcset=\"https:\/\/www.infobae.com\/resizer\/v2\/WY3ZRMSJWQDNBMDC6KB2SWGWEI.jpg?auth=9bcd0c31a25f17c82139941e4ced3aabc94cbe4583f7b885b9056af62f37471a&amp;smart=true&amp;width=992&amp;height=661&amp;quality=85\" media=\"(min-width: 1000px)\"\/><source srcset=\"https:\/\/www.infobae.com\/resizer\/v2\/WY3ZRMSJWQDNBMDC6KB2SWGWEI.jpg?auth=9bcd0c31a25f17c82139941e4ced3aabc94cbe4583f7b885b9056af62f37471a&amp;smart=true&amp;width=768&amp;height=512&amp;quality=85\" media=\"(min-width: 768px)\"\/><source srcset=\"https:\/\/www.infobae.com\/resizer\/v2\/WY3ZRMSJWQDNBMDC6KB2SWGWEI.jpg?auth=9bcd0c31a25f17c82139941e4ced3aabc94cbe4583f7b885b9056af62f37471a&amp;smart=true&amp;width=577&amp;height=385&amp;quality=85\" media=\"(min-width: 580px)\"\/><source srcset=\"https:\/\/www.infobae.com\/resizer\/v2\/WY3ZRMSJWQDNBMDC6KB2SWGWEI.jpg?auth=9bcd0c31a25f17c82139941e4ced3aabc94cbe4583f7b885b9056af62f37471a&amp;smart=true&amp;width=420&amp;height=280&amp;quality=85\" media=\"(min-width: 350px)\"\/><source srcset=\"https:\/\/www.infobae.com\/resizer\/v2\/WY3ZRMSJWQDNBMDC6KB2SWGWEI.jpg?auth=9bcd0c31a25f17c82139941e4ced3aabc94cbe4583f7b885b9056af62f37471a&amp;smart=true&amp;width=350&amp;height=233&amp;quality=85\" media=\"(min-width: 80px)\"\/><img alt=\"El l\u00edder de Reform UK\" class=\"global-image\" decoding=\"async\" fetchpriority=\"high\" height=\"2745\" loading=\"eager\" src=\"https:\/\/www.infobae.com\/resizer\/v2\/WY3ZRMSJWQDNBMDC6KB2SWGWEI.jpg?auth=9bcd0c31a25f17c82139941e4ced3aabc94cbe4583f7b885b9056af62f37471a&amp;smart=true&amp;width=350&amp;height=233&amp;quality=85\" width=\"4117\"\/><\/picture><figcaption class=\"article-figcaption-img\">El l\u00edder de Reform UK Nigel Farage (REUTERS\/Chris J Ratcliffe\/archivo)<\/figcaption><\/div>\n<p class=\"paragraph\"><b>Elon Musk<\/b> declar\u00f3 el domingo que el partido<b> Reform UK<\/b> deber\u00eda cambiar de l\u00edder, revocando as\u00ed su apoyo al l\u00edder de la extrema derecha brit\u00e1nica <b>Nigel Farage<\/b> tras un desacuerdo. <\/p>\n<p class=\"paragraph\"><b>\u201cEl partido Reform [UK] necesita un nuevo l\u00edder. Farage no tiene lo que hace falta\u201d,<\/b> public\u00f3 el multimillonario estadounidense Elon Musk en X, la red social de la que es due\u00f1o. <\/p>\n<p class=\"paragraph\">Farage, diputado desde julio, afirm\u00f3 recientemente que<b> inici\u00f3 <\/b><b>\u201cnegociaciones\u201d con Musk sobre un posible cuantioso donativo a su partido<\/b><b>.<\/b> Ambos se reunieron a mediados de diciembre en la residencia de Mar-a-Lago del presidente electo estadounidense <b>Donald Trump<\/b>, en Florida.<\/p>\n<p class=\"paragraph\">El brit\u00e1nico no tard\u00f3 en responder al ataque de Musk: \u201c<b>\u00a1Qu\u00e9 sorpresa! Elon es una persona excepcional pero temo no estar de acuerdo con \u00e9l sobre este asunto\u201d,<\/b> public\u00f3 Farage el domingo en X.<\/p>\n<div class=\"rawHTML oembed_response \">\n<blockquote class=\"twitter-tweet\">\n<p lang=\"en\" dir=\"ltr\">Well, this is a surprise! Elon is a remarkable individual but on this I am afraid I disagree. <\/p>\n<p>My view remains that Tommy Robinson is not right for Reform and I never sell out my principles. https:\/\/t.co\/V7iccN6usS<\/p>\n<p>\u2014 Nigel Farage MP (@Nigel_Farage) <a href=\"https:\/\/twitter.com\/Nigel_Farage\/status\/1875918844562473373?ref_src=twsrc%5Etfw\">January 5, 2025<\/a><\/p><\/blockquote>\n<\/div>\n<p class=\"paragraph\">El magnate estadounidense multiplic\u00f3 sus comentarios sobre la pol\u00edtica brit\u00e1nica en los \u00faltimos d\u00edas. <b>Atac\u00f3 en varias ocasiones al gobierno laborista de Keir Stammer <\/b>y apel\u00f3 a la<b> <\/b><b>liberaci\u00f3n del activista de extrema derecha Tommy Robinson.<\/b><\/p>\n<p class=\"paragraph\"><b>Robinson fue condenado a 18 meses de prisi\u00f3n a finales de octubre <\/b>tras violar una sentencia que le prohibi\u00f3 repetir declaraciones difamatorias sobre un refugiado sirio. <\/p>\n<p class=\"paragraph\"><b>\u201cSigo pensando que Tommy Robinson no encaja en Reform y nunca renuncio a mis principios<\/b>\u201d, a\u00f1adi\u00f3 Farage. <\/p>\n<div class=\" visual__image\"><picture><source srcset=\"https:\/\/www.infobae.com\/resizer\/v2\/BPEGC46QYZHY3DPNCZD2N7YFHU.jpg?auth=294b2fda41f44f0a79ab617a1153efe8f980a81b76c890122f0717628b4e3288&amp;smart=true&amp;width=992&amp;height=558&amp;quality=85\" media=\"(min-width: 1000px)\"\/><source srcset=\"https:\/\/www.infobae.com\/resizer\/v2\/BPEGC46QYZHY3DPNCZD2N7YFHU.jpg?auth=294b2fda41f44f0a79ab617a1153efe8f980a81b76c890122f0717628b4e3288&amp;smart=true&amp;width=768&amp;height=432&amp;quality=85\" media=\"(min-width: 768px)\"\/><source srcset=\"https:\/\/www.infobae.com\/resizer\/v2\/BPEGC46QYZHY3DPNCZD2N7YFHU.jpg?auth=294b2fda41f44f0a79ab617a1153efe8f980a81b76c890122f0717628b4e3288&amp;smart=true&amp;width=577&amp;height=325&amp;quality=85\" media=\"(min-width: 580px)\"\/><source srcset=\"https:\/\/www.infobae.com\/resizer\/v2\/BPEGC46QYZHY3DPNCZD2N7YFHU.jpg?auth=294b2fda41f44f0a79ab617a1153efe8f980a81b76c890122f0717628b4e3288&amp;smart=true&amp;width=420&amp;height=236&amp;quality=85\" media=\"(min-width: 350px)\"\/><source srcset=\"https:\/\/www.infobae.com\/resizer\/v2\/BPEGC46QYZHY3DPNCZD2N7YFHU.jpg?auth=294b2fda41f44f0a79ab617a1153efe8f980a81b76c890122f0717628b4e3288&amp;smart=true&amp;width=350&amp;height=197&amp;quality=85\" media=\"(min-width: 80px)\"\/><img alt=\"Musk junto al l\u00edder del\" class=\"global-image\" decoding=\"async\" fetchpriority=\"low\" height=\"1080\" loading=\"lazy\" src=\"https:\/\/www.infobae.com\/resizer\/v2\/BPEGC46QYZHY3DPNCZD2N7YFHU.jpg?auth=294b2fda41f44f0a79ab617a1153efe8f980a81b76c890122f0717628b4e3288&amp;smart=true&amp;width=350&amp;height=197&amp;quality=85\" width=\"1920\"\/><\/picture><figcaption class=\"article-figcaption-img\">Musk junto al l\u00edder del partido antiinmigraci\u00f3n Reform UK Nigel Farage (a su izquierda en la foto) durante su reuni\u00f3n en Florida.<br \/>\n<\/figcaption><\/div>\n<p class=\"paragraph\">En las elecciones legislativas de julio, tras las que el partido laborista de<b> Keir Stamer<\/b> lleg\u00f3 al poder despu\u00e9s de 14 a\u00f1os de gobierno conservador, el partido <b>Reform UK recibi\u00f3 alrededor del 14%<\/b> de los votos y obtuvo cinco diputados, entre ellos Farage.<\/p>\n<p class=\"paragraph\">La formaci\u00f3n de extrema derecha coopt\u00f3 muchos de los votos del partido conservador, que sufri\u00f3 la peor derrota de su historia. <\/p>\n<div class=\" visual__image\"><picture><source srcset=\"https:\/\/www.infobae.com\/resizer\/v2\/W3O76MWPHVEAQRPFOKGYSFR7HQ.jpg?auth=3a88fdddd5e6b4e32b243e7775b4a4d6238a0ab46f9b24fdc6ba7a46757af690&amp;smart=true&amp;width=992&amp;height=661&amp;quality=85\" media=\"(min-width: 1000px)\"\/><source srcset=\"https:\/\/www.infobae.com\/resizer\/v2\/W3O76MWPHVEAQRPFOKGYSFR7HQ.jpg?auth=3a88fdddd5e6b4e32b243e7775b4a4d6238a0ab46f9b24fdc6ba7a46757af690&amp;smart=true&amp;width=768&amp;height=512&amp;quality=85\" media=\"(min-width: 768px)\"\/><source srcset=\"https:\/\/www.infobae.com\/resizer\/v2\/W3O76MWPHVEAQRPFOKGYSFR7HQ.jpg?auth=3a88fdddd5e6b4e32b243e7775b4a4d6238a0ab46f9b24fdc6ba7a46757af690&amp;smart=true&amp;width=577&amp;height=385&amp;quality=85\" media=\"(min-width: 580px)\"\/><source srcset=\"https:\/\/www.infobae.com\/resizer\/v2\/W3O76MWPHVEAQRPFOKGYSFR7HQ.jpg?auth=3a88fdddd5e6b4e32b243e7775b4a4d6238a0ab46f9b24fdc6ba7a46757af690&amp;smart=true&amp;width=420&amp;height=280&amp;quality=85\" media=\"(min-width: 350px)\"\/><source srcset=\"https:\/\/www.infobae.com\/resizer\/v2\/W3O76MWPHVEAQRPFOKGYSFR7HQ.jpg?auth=3a88fdddd5e6b4e32b243e7775b4a4d6238a0ab46f9b24fdc6ba7a46757af690&amp;smart=true&amp;width=350&amp;height=233&amp;quality=85\" media=\"(min-width: 80px)\"\/><img alt=\"El canciller alem\u00e1n, el socialdem\u00f3crata\" class=\"global-image\" decoding=\"async\" fetchpriority=\"low\" height=\"3667\" loading=\"lazy\" src=\"https:\/\/www.infobae.com\/resizer\/v2\/W3O76MWPHVEAQRPFOKGYSFR7HQ.jpg?auth=3a88fdddd5e6b4e32b243e7775b4a4d6238a0ab46f9b24fdc6ba7a46757af690&amp;smart=true&amp;width=350&amp;height=233&amp;quality=85\" width=\"5500\"\/><\/picture><figcaption class=\"article-figcaption-img\">El canciller alem\u00e1n, el socialdem\u00f3crata Olaf Scholz (REUTERS\/Annegret Hilse)<\/figcaption><\/div>\n<p class=\"paragraph\">De manera similar a sus comentarios sobre la pol\u00edtica del Reino Unido, en las \u00faltimas semanas Musk tambi\u00e9n lanz\u00f3 ataques contra el canciller alem\u00e1n, el socialdem\u00f3crata <b>Olaf Scholz<\/b>, y declar\u00f3 su apoyo expl\u00edcito al partido de extrema derecha Alternativa para Alemania (AfD). <\/p>\n<p class=\"paragraph\">Al respecto se pronunci\u00f3 este domingo Scholz. <b>\u201cNo alimentemos al trol\u201d<\/b>, dijo el canciller en una entrevista con la revista alemana <i>Stern<\/i>. <b>\u201cHay que tener serenidad. <\/b>Los socialdem\u00f3cratas estamos muy acostumbrados a que ricos empresarios de medios de comunicaci\u00f3n que no valoran las pol\u00edticas socialdem\u00f3cratas no oculten sus opiniones\u201d, ha argumentado.<\/p>\n<p class=\"paragraph\">Musk ha anunciado incluso una entrevista en directo en X, platarforma de la que es propietario, con la candidata a canciller de AfD, <b>Alice Weidel<\/b>. \u201cNo creo en ganarme el favor del se\u00f1or Musk. <b>Estoy contento de dejar eso a otros. La regla es: no alimentemos al trol\u201d<\/b>, ha remachado.<\/p>\n<div class=\" visual__image\"><picture><source srcset=\"https:\/\/www.infobae.com\/resizer\/v2\/WEFCVPOBFZAQBE7FYTEJDGD5AY.png?auth=b9f36258d174411b9059f29995a9f3b64db81e3b734d1ab43b772344033b54da&amp;smart=true&amp;width=992&amp;height=992&amp;quality=85\" media=\"(min-width: 1000px)\"\/><source srcset=\"https:\/\/www.infobae.com\/resizer\/v2\/WEFCVPOBFZAQBE7FYTEJDGD5AY.png?auth=b9f36258d174411b9059f29995a9f3b64db81e3b734d1ab43b772344033b54da&amp;smart=true&amp;width=768&amp;height=768&amp;quality=85\" media=\"(min-width: 768px)\"\/><source srcset=\"https:\/\/www.infobae.com\/resizer\/v2\/WEFCVPOBFZAQBE7FYTEJDGD5AY.png?auth=b9f36258d174411b9059f29995a9f3b64db81e3b734d1ab43b772344033b54da&amp;smart=true&amp;width=577&amp;height=577&amp;quality=85\" media=\"(min-width: 580px)\"\/><source srcset=\"https:\/\/www.infobae.com\/resizer\/v2\/WEFCVPOBFZAQBE7FYTEJDGD5AY.png?auth=b9f36258d174411b9059f29995a9f3b64db81e3b734d1ab43b772344033b54da&amp;smart=true&amp;width=420&amp;height=420&amp;quality=85\" media=\"(min-width: 350px)\"\/><source srcset=\"https:\/\/www.infobae.com\/resizer\/v2\/WEFCVPOBFZAQBE7FYTEJDGD5AY.png?auth=b9f36258d174411b9059f29995a9f3b64db81e3b734d1ab43b772344033b54da&amp;smart=true&amp;width=350&amp;height=350&amp;quality=85\" media=\"(min-width: 80px)\"\/><img alt=\"\" class=\"global-image\" decoding=\"async\" fetchpriority=\"low\" height=\"1200\" loading=\"lazy\" src=\"https:\/\/www.infobae.com\/resizer\/v2\/WEFCVPOBFZAQBE7FYTEJDGD5AY.png?auth=b9f36258d174411b9059f29995a9f3b64db81e3b734d1ab43b772344033b54da&amp;smart=true&amp;width=350&amp;height=350&amp;quality=85\" width=\"1200\"\/><\/picture><\/div>\n<p class=\"paragraph\">Scholz ha indicado que cree que es<b> \u201cmucho m\u00e1s preocupante que esos insultos es que Musk apoye a un partido como AfD, <\/b>que en parte es de extrema derecha. Que predica el acercamiento con la Rusia de (Vladimir) Putin y que quiere debilitar las relaciones transatl\u00e1nticas\u201d.<\/p>\n<\/div>\n<p><script async src=\"\/\/platform.twitter.com\/widgets.js\" charset=\"utf-8\"><\/script><script defer=\"\">!function(f,b,e,v,n,t,s) {if(f.fbq)return;n=f.fbq=function(){n.callMethod? n.callMethod.apply(n,arguments):n.queue.push(arguments)}; if(!f._fbq)f._fbq=n;n.push=n;n.loaded=!0;n.version='2.0'; n.queue=[];t=b.createElement(e);t.async=!0; t.src=v;s=b.getElementsByTagName(e)[0]; s.parentNode.insertBefore(t,s)}(window, document,'script', ' fbq('init', '336383993555320'); fbq('track', 'PageView'); fbq('track', 'ViewContent');<\/script><script src=\"https:\/\/connect.facebook.net\/en_US\/sdk.js\" crossorigin=\"anonymous\" defer=\"\"><\/script><\/p>\n","protected":false},"excerpt":{"rendered":"<p>El l\u00edder de Reform UK Nigel Farage (REUTERS\/Chris J Ratcliffe\/archivo) Elon Musk declar\u00f3 el domingo que el partido Reform UK deber\u00eda cambiar de l\u00edder, revocando as\u00ed su apoyo al l\u00edder de la extrema derecha brit\u00e1nica Nigel Farage tras un desacuerdo. \u201cEl partido Reform [UK] necesita un nuevo l\u00edder. Farage no tiene lo que hace falta\u201d, [&hellip;]<\/p>\n","protected":false},"author":2,"featured_media":30972,"comment_status":"","ping_status":"","sticky":false,"template":"","format":"standard","meta":{"footnotes":""},"categories":[3],"tags":[],"_links":{"self":[{"href":"https:\/\/maxradio923.com.ar\/index.php\/wp-json\/wp\/v2\/posts\/30971"}],"collection":[{"href":"https:\/\/maxradio923.com.ar\/index.php\/wp-json\/wp\/v2\/posts"}],"about":[{"href":"https:\/\/maxradio923.com.ar\/index.php\/wp-json\/wp\/v2\/types\/post"}],"author":[{"embeddable":true,"href":"https:\/\/maxradio923.com.ar\/index.php\/wp-json\/wp\/v2\/users\/2"}],"replies":[{"embeddable":true,"href":"https:\/\/maxradio923.com.ar\/index.php\/wp-json\/wp\/v2\/comments?post=30971"}],"version-history":[{"count":0,"href":"https:\/\/maxradio923.com.ar\/index.php\/wp-json\/wp\/v2\/posts\/30971\/revisions"}],"wp:featuredmedia":[{"embeddable":true,"href":"https:\/\/maxradio923.com.ar\/index.php\/wp-json\/wp\/v2\/media\/30972"}],"wp:attachment":[{"href":"https:\/\/maxradio923.com.ar\/index.php\/wp-json\/wp\/v2\/media?parent=30971"}],"wp:term":[{"taxonomy":"category","embeddable":true,"href":"https:\/\/maxradio923.com.ar\/index.php\/wp-json\/wp\/v2\/categories?post=30971"},{"taxonomy":"post_tag","embeddable":true,"href":"https:\/\/maxradio923.com.ar\/index.php\/wp-json\/wp\/v2\/tags?post=30971"}],"curies":[{"name":"wp","href":"https:\/\/api.w.org\/{rel}","templated":true}]}}