{"id":30970,"date":"2025-01-05T19:25:02","date_gmt":"2025-01-05T22:25:02","guid":{"rendered":"https:\/\/maxradio923.com.ar\/index.php\/2025\/01\/05\/hamas-dijo-estar-dispuesto-a-liberar-a-34-rehenes-en-la-primera-fase-de-un-eventual-acuerdo-con-israel\/"},"modified":"2025-01-05T19:25:02","modified_gmt":"2025-01-05T22:25:02","slug":"hamas-dijo-estar-dispuesto-a-liberar-a-34-rehenes-en-la-primera-fase-de-un-eventual-acuerdo-con-israel","status":"publish","type":"post","link":"https:\/\/maxradio923.com.ar\/index.php\/2025\/01\/05\/hamas-dijo-estar-dispuesto-a-liberar-a-34-rehenes-en-la-primera-fase-de-un-eventual-acuerdo-con-israel\/","title":{"rendered":"Hamas dijo estar dispuesto a liberar a 34 rehenes en la primera fase de un eventual acuerdo con Israel"},"content":{"rendered":"<p><\/p>\n<div>\n<div class=\" visual__image\"><picture><source srcset=\"https:\/\/www.infobae.com\/resizer\/v2\/OTO2IUPAC7NZFX5QMIMXGFNSLU.jpg?auth=4b6c02e2fef54d0eeb85711b1c2d4e3279a4d745ed8459db5c87b91400142b19&amp;smart=true&amp;width=992&amp;height=614&amp;quality=85\" media=\"(min-width: 1000px)\"\/><source srcset=\"https:\/\/www.infobae.com\/resizer\/v2\/OTO2IUPAC7NZFX5QMIMXGFNSLU.jpg?auth=4b6c02e2fef54d0eeb85711b1c2d4e3279a4d745ed8459db5c87b91400142b19&amp;smart=true&amp;width=768&amp;height=475&amp;quality=85\" media=\"(min-width: 768px)\"\/><source srcset=\"https:\/\/www.infobae.com\/resizer\/v2\/OTO2IUPAC7NZFX5QMIMXGFNSLU.jpg?auth=4b6c02e2fef54d0eeb85711b1c2d4e3279a4d745ed8459db5c87b91400142b19&amp;smart=true&amp;width=577&amp;height=357&amp;quality=85\" media=\"(min-width: 580px)\"\/><source srcset=\"https:\/\/www.infobae.com\/resizer\/v2\/OTO2IUPAC7NZFX5QMIMXGFNSLU.jpg?auth=4b6c02e2fef54d0eeb85711b1c2d4e3279a4d745ed8459db5c87b91400142b19&amp;smart=true&amp;width=420&amp;height=260&amp;quality=85\" media=\"(min-width: 350px)\"\/><source srcset=\"https:\/\/www.infobae.com\/resizer\/v2\/OTO2IUPAC7NZFX5QMIMXGFNSLU.jpg?auth=4b6c02e2fef54d0eeb85711b1c2d4e3279a4d745ed8459db5c87b91400142b19&amp;smart=true&amp;width=350&amp;height=217&amp;quality=85\" media=\"(min-width: 80px)\"\/><img alt=\"Un cartel con la leyenda\" class=\"global-image\" decoding=\"async\" fetchpriority=\"high\" height=\"514\" loading=\"eager\" src=\"https:\/\/www.infobae.com\/resizer\/v2\/OTO2IUPAC7NZFX5QMIMXGFNSLU.jpg?auth=4b6c02e2fef54d0eeb85711b1c2d4e3279a4d745ed8459db5c87b91400142b19&amp;smart=true&amp;width=350&amp;height=217&amp;quality=85\" width=\"800\"\/><\/picture><figcaption class=\"article-figcaption-img\">Un cartel con la leyenda &#8220;Tr\u00e1iganlos a casa&#8221; en apoyo a los rehenes secuestrados durante el mortal ataque del 7 de octubre de 2023 por parte de Ham\u00e1s cuelga en Tel Aviv, Israel, el 23 de diciembre de 2024 (REUTERS\/Kai Pfaffenbach)<\/figcaption><\/div>\n<p class=\"paragraph\">Un responsable del grupo terrorista <b>Hamas <\/b>declar\u00f3 el domingo a la <i>AFP <\/i>que el movimiento islamista palestino est\u00e1 dispuesto a liberar a 34 rehenes israel\u00edes cautivos en la <b>Franja de Gaza<\/b> durante la \u201cprimera fase\u201d de un acuerdo con <b>Israel<\/b>.<\/p>\n<p class=\"paragraph\">Hamas \u201cacept\u00f3 liberar a 34 prisioneros israel\u00edes de una lista facilitada por Israel en la primera fase de un acuerdo de canje de prisioneros\u201d, se\u00f1al\u00f3 esta fuente.<\/p>\n<p class=\"paragraph\">La oficina del primer ministro israel\u00ed, <b>Benjamin Netanyahu, dijo que Hamas a\u00fan no ha proporcionado una lista de rehenes que ser\u00e1n liberados en virtud de un acuerdo.<\/b><\/p>\n<p class=\"paragraph\">El funcionario de Hamas, que pidi\u00f3 el anonimato porque no estaba autorizado a hablar sobre las negociaciones indirectas en curso con los medios, dijo que los <b>34 rehenes<\/b> que se incluir\u00e1n en el intercambio inicial incluyen a todas las mujeres, ni\u00f1os, ancianos y cautivos enfermos que a\u00fan est\u00e1n retenidos en Gaza.<\/p>\n<p class=\"paragraph\">El funcionario dijo que Hamas necesita tiempo para determinar si estaban vivos.<\/p>\n<p class=\"paragraph\">\u201c<b>Hamas ha acordado liberar a los 34 prisioneros, ya sea vivos o muertos<\/b>. Sin embargo, el grupo necesita una semana de calma para comunicarse con los captores e identificar a los que est\u00e1n vivos y a los que est\u00e1n muertos\u201d, dijo el funcionario.<\/p>\n<p class=\"paragraph\">De los 251 rehenes capturados durante el ataque del 7 de octubre de 2023 que desencaden\u00f3 la guerra, 96 permanecen en Gaza, incluidos 34 que el ej\u00e9rcito israel\u00ed dice que est\u00e1n muertos.<\/p>\n<div class=\" visual__image\"><picture><source srcset=\"https:\/\/www.infobae.com\/resizer\/v2\/5CCJM2EIR5YWKIB2DOFCY33PPU.jpg?auth=4d4bc43d3021455379c67bde7c9bf91d841f4a6ec03e2fac9829116d31dd9a45&amp;smart=true&amp;width=992&amp;height=661&amp;quality=85\" media=\"(min-width: 1000px)\"\/><source srcset=\"https:\/\/www.infobae.com\/resizer\/v2\/5CCJM2EIR5YWKIB2DOFCY33PPU.jpg?auth=4d4bc43d3021455379c67bde7c9bf91d841f4a6ec03e2fac9829116d31dd9a45&amp;smart=true&amp;width=768&amp;height=512&amp;quality=85\" media=\"(min-width: 768px)\"\/><source srcset=\"https:\/\/www.infobae.com\/resizer\/v2\/5CCJM2EIR5YWKIB2DOFCY33PPU.jpg?auth=4d4bc43d3021455379c67bde7c9bf91d841f4a6ec03e2fac9829116d31dd9a45&amp;smart=true&amp;width=577&amp;height=385&amp;quality=85\" media=\"(min-width: 580px)\"\/><source srcset=\"https:\/\/www.infobae.com\/resizer\/v2\/5CCJM2EIR5YWKIB2DOFCY33PPU.jpg?auth=4d4bc43d3021455379c67bde7c9bf91d841f4a6ec03e2fac9829116d31dd9a45&amp;smart=true&amp;width=420&amp;height=280&amp;quality=85\" media=\"(min-width: 350px)\"\/><source srcset=\"https:\/\/www.infobae.com\/resizer\/v2\/5CCJM2EIR5YWKIB2DOFCY33PPU.jpg?auth=4d4bc43d3021455379c67bde7c9bf91d841f4a6ec03e2fac9829116d31dd9a45&amp;smart=true&amp;width=350&amp;height=233&amp;quality=85\" media=\"(min-width: 80px)\"\/><img alt=\"FOTO DE ARCHIVO: Israel\u00edes protestando\" class=\"global-image\" decoding=\"async\" fetchpriority=\"low\" height=\"533\" loading=\"lazy\" src=\"https:\/\/www.infobae.com\/resizer\/v2\/5CCJM2EIR5YWKIB2DOFCY33PPU.jpg?auth=4d4bc43d3021455379c67bde7c9bf91d841f4a6ec03e2fac9829116d31dd9a45&amp;smart=true&amp;width=350&amp;height=233&amp;quality=85\" width=\"800\"\/><\/picture><figcaption class=\"article-figcaption-img\">FOTO DE ARCHIVO: Israel\u00edes protestando contra el Gobierno para mostrar su apoyo a los rehenes secuestrados durante el mort\u00edfero ataque del 7 de octubre de 2023, en Tel Aviv, Israel. 7 de diciembre de 2024 (REUTERS\/Stoyan Nenov)<\/figcaption><\/div>\n<p class=\"paragraph\">El s\u00e1bado, miles de manifestantes salieron a las calles de las principales ciudades de Israel para pedir al Gobierno del primer ministro <b>Benjamin Netanyahu<\/b> un acuerdo con las milicias palestinas para la liberaci\u00f3n del centenar de rehenes.<\/p>\n<p class=\"paragraph\">De nuevo la concentraci\u00f3n m\u00e1s numerosa fue en<b> Tel Aviv<\/b>, donde la Polic\u00eda detuvo a seis manifestantes en la emblem\u00e1tica calle Begin despu\u00e9s de que se negaran a despejar la calzada, inform\u00f3 el diario <i>The Times of Israel<\/i>.<\/p>\n<p class=\"paragraph\">La Polic\u00eda emple\u00f3 caballos para cargar contra los manifestantes, que coreaban consignas contra la intervenci\u00f3n policial. <\/p>\n<p class=\"paragraph\">Uno de los intervinientes en el estrado apel\u00f3 al presidente electo de Estados Unidos, <b>Donald Trump<\/b>: \u201ctermina ya con esta guerra de mierda\u201d, afirm\u00f3 <b>Omri Lifshitz<\/b>, hijo del reh\u00e9n liberado Yocheved Lofshitz.<\/p>\n<p class=\"paragraph\">El sobrino de uno de los rehenes muertos, <b>Shahar Mor<\/b>, tambi\u00e9n se dirigi\u00f3 a Trump. \u201c<b>Que pare la campa\u00f1a de venganza de Gaza<\/b>. Necesitamos que vuelvan nuestros rehenes. Nos morimos sin ellos\u201d, dojo. \u201cLa anterior administraci\u00f3n ha fracasado miserablemente. Usted puede hacerlo mejor\u201d, a\u00f1adi\u00f3.<\/p>\n<p class=\"paragraph\">Mientras, en Jerusal\u00e9n, varias manifestantes se han quedado en ropa interior en la calle Rey Jorge y han mostrado inscripciones en hebreo y \u00e1rabe denunciando las consecuencias del fr\u00edo en la Franja de Gaza con frases como \u201cEn Gaza se est\u00e1n muriendo de fr\u00edo\u201d.<\/p>\n<p class=\"paragraph\">El grueso de la manifestaci\u00f3n march\u00f3 hasta la plaza de Par\u00eds, junto a la residencia oficial de Netanyahu. No ha habido detenciones.<\/p>\n<p class=\"paragraph\">Por otra parte, Netanyahu dio orden a una delegaci\u00f3n para <b>que vuelva a la mesa de negociaciones con <\/b><b>Hamas <\/b><b>en Doha, capital de Qatar<\/b>, despu\u00e9s de que en la \u00faltima semana las conversaciones se estancaran de nuevo, a pesar de que las partes afirmaban que un acuerdo estaba \u201cm\u00e1s cerca que nunca\u201d.<\/p>\n<p class=\"paragraph\">\u201cNetanyahu autoriz\u00f3<b> una delegaci\u00f3n de trabajo formada por el Mossad \u2014servicio de Inteligencia exterior\u2014, el Shin Bet \u2014Inteligencia interior\u2014 y las Fuerzas de Defensa de Israel <\/b>para continuar con las negociaciones en Doha\u201d, inform\u00f3 el jueves la oficina del primer ministro en una nota que recogieron medios israel\u00edes.<\/p>\n<p class=\"paragraph\"><i>(Con informaci\u00f3n de AFP)<\/i><\/p>\n<\/div>\n<p><script defer=\"\">!function(f,b,e,v,n,t,s) {if(f.fbq)return;n=f.fbq=function(){n.callMethod? n.callMethod.apply(n,arguments):n.queue.push(arguments)}; if(!f._fbq)f._fbq=n;n.push=n;n.loaded=!0;n.version='2.0'; n.queue=[];t=b.createElement(e);t.async=!0; t.src=v;s=b.getElementsByTagName(e)[0]; s.parentNode.insertBefore(t,s)}(window, document,'script', ' fbq('init', '336383993555320'); fbq('track', 'PageView'); fbq('track', 'ViewContent');<\/script><script src=\"https:\/\/connect.facebook.net\/en_US\/sdk.js\" crossorigin=\"anonymous\" defer=\"\"><\/script><\/p>\n","protected":false},"excerpt":{"rendered":"<p>Un cartel con la leyenda &#8220;Tr\u00e1iganlos a casa&#8221; en apoyo a los rehenes secuestrados durante el mortal ataque del 7 de octubre de 2023 por parte de Ham\u00e1s cuelga en Tel Aviv, Israel, el 23 de diciembre de 2024 (REUTERS\/Kai Pfaffenbach) Un responsable del grupo terrorista Hamas declar\u00f3 el domingo a la AFP que el [&hellip;]<\/p>\n","protected":false},"author":2,"featured_media":29941,"comment_status":"","ping_status":"","sticky":false,"template":"","format":"standard","meta":{"footnotes":""},"categories":[3],"tags":[],"_links":{"self":[{"href":"https:\/\/maxradio923.com.ar\/index.php\/wp-json\/wp\/v2\/posts\/30970"}],"collection":[{"href":"https:\/\/maxradio923.com.ar\/index.php\/wp-json\/wp\/v2\/posts"}],"about":[{"href":"https:\/\/maxradio923.com.ar\/index.php\/wp-json\/wp\/v2\/types\/post"}],"author":[{"embeddable":true,"href":"https:\/\/maxradio923.com.ar\/index.php\/wp-json\/wp\/v2\/users\/2"}],"replies":[{"embeddable":true,"href":"https:\/\/maxradio923.com.ar\/index.php\/wp-json\/wp\/v2\/comments?post=30970"}],"version-history":[{"count":0,"href":"https:\/\/maxradio923.com.ar\/index.php\/wp-json\/wp\/v2\/posts\/30970\/revisions"}],"wp:featuredmedia":[{"embeddable":true,"href":"https:\/\/maxradio923.com.ar\/index.php\/wp-json\/wp\/v2\/media\/29941"}],"wp:attachment":[{"href":"https:\/\/maxradio923.com.ar\/index.php\/wp-json\/wp\/v2\/media?parent=30970"}],"wp:term":[{"taxonomy":"category","embeddable":true,"href":"https:\/\/maxradio923.com.ar\/index.php\/wp-json\/wp\/v2\/categories?post=30970"},{"taxonomy":"post_tag","embeddable":true,"href":"https:\/\/maxradio923.com.ar\/index.php\/wp-json\/wp\/v2\/tags?post=30970"}],"curies":[{"name":"wp","href":"https:\/\/api.w.org\/{rel}","templated":true}]}}