{"id":30964,"date":"2025-01-05T17:40:02","date_gmt":"2025-01-05T20:40:02","guid":{"rendered":"https:\/\/maxradio923.com.ar\/index.php\/2025\/01\/05\/beran-aliji-el-joven-aislado-que-encontro-en-el-isis-una-salida-y-planeo-un-atentado-en-un-show-de-taylor-swift\/"},"modified":"2025-01-05T17:40:02","modified_gmt":"2025-01-05T20:40:02","slug":"beran-aliji-el-joven-aislado-que-encontro-en-el-isis-una-salida-y-planeo-un-atentado-en-un-show-de-taylor-swift","status":"publish","type":"post","link":"https:\/\/maxradio923.com.ar\/index.php\/2025\/01\/05\/beran-aliji-el-joven-aislado-que-encontro-en-el-isis-una-salida-y-planeo-un-atentado-en-un-show-de-taylor-swift\/","title":{"rendered":"Beran Aliji, el joven aislado que encontr\u00f3 en el ISIS una salida y plane\u00f3 un atentado en un show de Taylor Swift"},"content":{"rendered":"<p><\/p>\n<div>\n<div class=\" visual__image\"><picture><source srcset=\"https:\/\/www.infobae.com\/resizer\/v2\/B5BLPPXCZEPWUHRJX5JUEKC5XU.jpg?auth=ca6ebb8c080c74f0e862a00193534c2118cc5254a37eb30ba76ed8877cec5bab&amp;smart=true&amp;width=992&amp;height=661&amp;quality=85\" media=\"(min-width: 1000px)\"\/><source srcset=\"https:\/\/www.infobae.com\/resizer\/v2\/B5BLPPXCZEPWUHRJX5JUEKC5XU.jpg?auth=ca6ebb8c080c74f0e862a00193534c2118cc5254a37eb30ba76ed8877cec5bab&amp;smart=true&amp;width=768&amp;height=512&amp;quality=85\" media=\"(min-width: 768px)\"\/><source srcset=\"https:\/\/www.infobae.com\/resizer\/v2\/B5BLPPXCZEPWUHRJX5JUEKC5XU.jpg?auth=ca6ebb8c080c74f0e862a00193534c2118cc5254a37eb30ba76ed8877cec5bab&amp;smart=true&amp;width=577&amp;height=385&amp;quality=85\" media=\"(min-width: 580px)\"\/><source srcset=\"https:\/\/www.infobae.com\/resizer\/v2\/B5BLPPXCZEPWUHRJX5JUEKC5XU.jpg?auth=ca6ebb8c080c74f0e862a00193534c2118cc5254a37eb30ba76ed8877cec5bab&amp;smart=true&amp;width=420&amp;height=280&amp;quality=85\" media=\"(min-width: 350px)\"\/><source srcset=\"https:\/\/www.infobae.com\/resizer\/v2\/B5BLPPXCZEPWUHRJX5JUEKC5XU.jpg?auth=ca6ebb8c080c74f0e862a00193534c2118cc5254a37eb30ba76ed8877cec5bab&amp;smart=true&amp;width=350&amp;height=233&amp;quality=85\" media=\"(min-width: 80px)\"\/><img alt=\"Las autoridades austr\u00edacas detuvieron a\" class=\"global-image\" decoding=\"async\" fetchpriority=\"high\" height=\"3103\" loading=\"eager\" src=\"https:\/\/www.infobae.com\/resizer\/v2\/B5BLPPXCZEPWUHRJX5JUEKC5XU.jpg?auth=ca6ebb8c080c74f0e862a00193534c2118cc5254a37eb30ba76ed8877cec5bab&amp;smart=true&amp;width=350&amp;height=233&amp;quality=85\" width=\"4633\"\/><\/picture><figcaption class=\"article-figcaption-img\">Las autoridades austr\u00edacas detuvieron a dos sospechosos que intentaron acceder armas y fabricaron explosivos caseros para utilizar en el concierto de Taylor Swift (AP Foto\/Heinz-Peter Bader)<\/figcaption><\/div>\n<p class=\"paragraph\">\u201cGracias a las autoridades estamos lamentando la cancelaci\u00f3n de las presentaciones y no la p\u00e9rdida de vidas\u201d, declar\u00f3 la cantante estadounidense <b>Taylor Swift<\/b> en sus redes sociales, tras anunciarse la <b>cancelaci\u00f3n de tres shows<\/b> programados en Viena (Austria) durante agosto de 2024. Ese caso protagonizado por <b>Beran Aliji<\/b>, un joven de 19 a\u00f1os autorradicalizado en l\u00ednea, a\u00fan resuena y expuso el <b>preocupante fen\u00f3meno<\/b> de la captaci\u00f3n de j\u00f3venes vulnerables por grupos extremistas como el<b> Estado Isl\u00e1mico <\/b><b>(ISIS)<\/b>.<\/p>\n<p class=\"paragraph\">Beran Aliji, un joven nacido en Austria e hijo de inmigrantes macedonios, experiment\u00f3 un colapso emocional en julio de 2024 que lo llev\u00f3 a aislarse y renunciar a su empleo como aprendiz en una f\u00e1brica. Durante este periodo, comenz\u00f3 a consumir material propagand\u00edstico y a participar en foros en l\u00ednea vinculados al Estado Isl\u00e1mico, un entorno que aceler\u00f3 su <b>proceso de radicalizaci\u00f3n<\/b>. <\/p>\n<p class=\"paragraph\">En ese sentido, Aliji describi\u00f3 su estado mental como una \u201ccrisis\u201d que lo llev\u00f3 a obsesionarse con su propia muerte y a buscar en el terrorismo una forma de prop\u00f3sito.<\/p>\n<p class=\"paragraph\">Entre los mensajes interceptados por agencias de inteligencia, Aliji comunic\u00f3 a un presunto miembro del ISIS su <b>intenci\u00f3n de atacar un concierto masivo<\/b> en Viena, espec\u00edficamente el de Taylor Swift. \u201cIntentar\u00e9 conseguir un arma y bombas. Si eso no funciona, usar\u00e9 cuchillos grandes o matar\u00e9 a un polic\u00eda para obtener su rifle\u201d, escribi\u00f3 el austr\u00edaco.<\/p>\n<p class=\"paragraph\">A pesar de carecer de recursos y experiencia, Aliji se dedic\u00f3 a intentar <b>fabricar explosivos caseros <\/b>en su apartamento, aprovechando qu\u00edmicos robados de su antiguo empleo. Aunque logr\u00f3 producir una peque\u00f1a cantidad de TATP, un explosivo utilizado por grupos terroristas, la cantidad era insuficiente para causar da\u00f1os significativos, seg\u00fan los expertos. Al mismo tiempo, trat\u00f3 sin \u00e9xito de adquirir armas a trav\u00e9s de vendedores ilegales en l\u00ednea.<\/p>\n<p class=\"paragraph\">El joven tambi\u00e9n grab\u00f3 videos en los que juraba <b>lealtad al Estado Isl\u00e1mico<\/b> y planeaba un ataque con \u201cm\u00e1rtires\u201d inspirado en el atentado de 2017 en M\u00e1nchester, que dej\u00f3 22 muertos tras un concierto de <b>Ariana Grande<\/b>. Su obsesi\u00f3n con este evento, combinado con su rechazo a ciertos valores occidentales, como la m\u00fasica pop y los derechos de las mujeres, lo llev\u00f3 a considerar el concierto de Taylor Swift como un blanco ideal.<\/p>\n<p class=\"paragraph\">La captura de Aliji, junto con la de un amigo que trabajaba en la log\u00edstica del evento, ocurri\u00f3 a pocas horas del inicio del concierto, gracias a un monitoreo constante de sus actividades en l\u00ednea por parte de agencias de inteligencia extranjeras. Este incidente provoc\u00f3 la cancelaci\u00f3n de las tres presentaciones en Viena, evitando lo que <b>podr\u00eda haber sido una tragedia masiva<\/b>.<\/p>\n<div class=\" visual__image\"><picture><source srcset=\"https:\/\/www.infobae.com\/resizer\/v2\/ZBN3CDRDNBEO3DSGTQ7HSUW4XY.jpg?auth=57b1d3d257bb22285aa8847e5ae168c124c6a760ef2f64cbf45698382af2ef45&amp;smart=true&amp;width=992&amp;height=558&amp;quality=85\" media=\"(min-width: 1000px)\"\/><source srcset=\"https:\/\/www.infobae.com\/resizer\/v2\/ZBN3CDRDNBEO3DSGTQ7HSUW4XY.jpg?auth=57b1d3d257bb22285aa8847e5ae168c124c6a760ef2f64cbf45698382af2ef45&amp;smart=true&amp;width=768&amp;height=432&amp;quality=85\" media=\"(min-width: 768px)\"\/><source srcset=\"https:\/\/www.infobae.com\/resizer\/v2\/ZBN3CDRDNBEO3DSGTQ7HSUW4XY.jpg?auth=57b1d3d257bb22285aa8847e5ae168c124c6a760ef2f64cbf45698382af2ef45&amp;smart=true&amp;width=577&amp;height=325&amp;quality=85\" media=\"(min-width: 580px)\"\/><source srcset=\"https:\/\/www.infobae.com\/resizer\/v2\/ZBN3CDRDNBEO3DSGTQ7HSUW4XY.jpg?auth=57b1d3d257bb22285aa8847e5ae168c124c6a760ef2f64cbf45698382af2ef45&amp;smart=true&amp;width=420&amp;height=236&amp;quality=85\" media=\"(min-width: 350px)\"\/><source srcset=\"https:\/\/www.infobae.com\/resizer\/v2\/ZBN3CDRDNBEO3DSGTQ7HSUW4XY.jpg?auth=57b1d3d257bb22285aa8847e5ae168c124c6a760ef2f64cbf45698382af2ef45&amp;smart=true&amp;width=350&amp;height=197&amp;quality=85\" media=\"(min-width: 80px)\"\/><img alt=\"Taylor Swift cancel\u00f3 tres conciertos\" class=\"global-image\" decoding=\"async\" fetchpriority=\"low\" height=\"1080\" loading=\"lazy\" src=\"https:\/\/www.infobae.com\/resizer\/v2\/ZBN3CDRDNBEO3DSGTQ7HSUW4XY.jpg?auth=57b1d3d257bb22285aa8847e5ae168c124c6a760ef2f64cbf45698382af2ef45&amp;smart=true&amp;width=350&amp;height=197&amp;quality=85\" width=\"1920\"\/><\/picture><figcaption class=\"article-figcaption-img\">Taylor Swift cancel\u00f3 tres conciertos en Viena tras la revelaci\u00f3n de un atentado inminente (AP\/Heinz-Peter Bader\/ Scott A Garfitt\/Invision)<\/figcaption><\/div>\n<p class=\"paragraph\">A pesar de la derrota de su autoproclamado califato en 2019, el Estado Isl\u00e1mico (ISIS) contin\u00faa operando como una <b>amenaza global<\/b>, aprovechando su capacidad de radicalizaci\u00f3n a trav\u00e9s de plataformas digitales. A diferencia de grupos como Al Qaeda, que priorizaban operaciones centralizadas y ataques coordinados, el ISIS promueve <b>actos terroristas individuales<\/b> que pueden ejecutarse sin instrucciones directas, incentivando a sus seguidores a actuar independientemente desde cualquier lugar del mundo.<\/p>\n<p class=\"paragraph\">La organizaci\u00f3n mantiene una presencia significativa en l\u00ednea, facilitando el acceso a propaganda y tutoriales para la planificaci\u00f3n de ataques. Expertos en contraterrorismo advierten sobre el peligro que representa la radicalizaci\u00f3n temprana, especialmente entre j\u00f3venes. Seg\u00fan un alto funcionario europeo en inteligencia, los <b>adolescentes expuestos a contenido extremista<\/b> en redes sociales ven en los terroristas figuras heroicas y adoptan comportamientos inspirados en su propaganda. \u201cNi\u00f1os est\u00e1n viendo videos de ejecuciones y siguiendo a influenciadores extremistas desde edades tempranas\u201d, alert\u00f3 el oficial, quien prefiri\u00f3 no revelar su identidad.<\/p>\n<p class=\"paragraph\">Esta estrategia descentralizada y digitalizada permite al grupo perpetuar su influencia a nivel global, incluso desde las sombras. Sin un territorio definido, el ISIS opera mediante redes afiliadas en regiones como Medio Oriente, \u00c1frica del Norte y Asia del Sur, llevando a cabo ataques de alta complejidad en pa\u00edses como Siria y Afganist\u00e1n. <\/p>\n<p class=\"paragraph\">En palabras de <b>Bruce Riedel<\/b>, exfuncionario de la CIA con 30 a\u00f1os de experiencia, la conexi\u00f3n de ISIS con individuos autorradicalizados combina la ira personal con una narrativa de justificaci\u00f3n violenta. \u201cEstas son personas amargadas y enfurecidas. Encuentran en el terrorismo una causa para justificar su vida y su rabia\u201d, indic\u00f3 el agente retirado.<\/p>\n<p class=\"paragraph\">El caso de Beran Aliji y otros similares subrayan c\u00f3mo el acceso desregulado a contenidos extremistas en redes sociales, amplifica el impacto de organizaciones terroristas en una era donde la informaci\u00f3n fluye sin l\u00edmites. Adem\u00e1s de combatir los actos de violencia, los expertos enfatizan la necesidad de abordar las ra\u00edces de esta radicalizaci\u00f3n para prevenir tragedias futuras y proteger a los sectores m\u00e1s vulnerables de la sociedad.<\/p>\n<\/div>\n<p><script defer=\"\">!function(f,b,e,v,n,t,s) {if(f.fbq)return;n=f.fbq=function(){n.callMethod? n.callMethod.apply(n,arguments):n.queue.push(arguments)}; if(!f._fbq)f._fbq=n;n.push=n;n.loaded=!0;n.version='2.0'; n.queue=[];t=b.createElement(e);t.async=!0; t.src=v;s=b.getElementsByTagName(e)[0]; s.parentNode.insertBefore(t,s)}(window, document,'script', ' fbq('init', '336383993555320'); fbq('track', 'PageView'); fbq('track', 'ViewContent');<\/script><script src=\"https:\/\/connect.facebook.net\/en_US\/sdk.js\" crossorigin=\"anonymous\" defer=\"\"><\/script><\/p>\n","protected":false},"excerpt":{"rendered":"<p>Las autoridades austr\u00edacas detuvieron a dos sospechosos que intentaron acceder armas y fabricaron explosivos caseros para utilizar en el concierto de Taylor Swift (AP Foto\/Heinz-Peter Bader) \u201cGracias a las autoridades estamos lamentando la cancelaci\u00f3n de las presentaciones y no la p\u00e9rdida de vidas\u201d, declar\u00f3 la cantante estadounidense Taylor Swift en sus redes sociales, tras anunciarse [&hellip;]<\/p>\n","protected":false},"author":2,"featured_media":30965,"comment_status":"","ping_status":"","sticky":false,"template":"","format":"standard","meta":{"footnotes":""},"categories":[3],"tags":[],"_links":{"self":[{"href":"https:\/\/maxradio923.com.ar\/index.php\/wp-json\/wp\/v2\/posts\/30964"}],"collection":[{"href":"https:\/\/maxradio923.com.ar\/index.php\/wp-json\/wp\/v2\/posts"}],"about":[{"href":"https:\/\/maxradio923.com.ar\/index.php\/wp-json\/wp\/v2\/types\/post"}],"author":[{"embeddable":true,"href":"https:\/\/maxradio923.com.ar\/index.php\/wp-json\/wp\/v2\/users\/2"}],"replies":[{"embeddable":true,"href":"https:\/\/maxradio923.com.ar\/index.php\/wp-json\/wp\/v2\/comments?post=30964"}],"version-history":[{"count":0,"href":"https:\/\/maxradio923.com.ar\/index.php\/wp-json\/wp\/v2\/posts\/30964\/revisions"}],"wp:featuredmedia":[{"embeddable":true,"href":"https:\/\/maxradio923.com.ar\/index.php\/wp-json\/wp\/v2\/media\/30965"}],"wp:attachment":[{"href":"https:\/\/maxradio923.com.ar\/index.php\/wp-json\/wp\/v2\/media?parent=30964"}],"wp:term":[{"taxonomy":"category","embeddable":true,"href":"https:\/\/maxradio923.com.ar\/index.php\/wp-json\/wp\/v2\/categories?post=30964"},{"taxonomy":"post_tag","embeddable":true,"href":"https:\/\/maxradio923.com.ar\/index.php\/wp-json\/wp\/v2\/tags?post=30964"}],"curies":[{"name":"wp","href":"https:\/\/api.w.org\/{rel}","templated":true}]}}