{"id":2831,"date":"2023-09-11T17:15:06","date_gmt":"2023-09-11T20:15:06","guid":{"rendered":"https:\/\/maxradio923.com\/index.php\/2023\/09\/11\/polemica-drew-barrymore-volvera-con-su-programa-de-tv-en-medio-de-la-huelga-de-guionistas-y-el-sindicato-reacciono\/"},"modified":"2023-09-11T17:15:06","modified_gmt":"2023-09-11T20:15:06","slug":"polemica-drew-barrymore-volvera-con-su-programa-de-tv-en-medio-de-la-huelga-de-guionistas-y-el-sindicato-reacciono","status":"publish","type":"post","link":"https:\/\/maxradio923.com.ar\/index.php\/2023\/09\/11\/polemica-drew-barrymore-volvera-con-su-programa-de-tv-en-medio-de-la-huelga-de-guionistas-y-el-sindicato-reacciono\/","title":{"rendered":"Pol\u00e9mica: Drew Barrymore volver\u00e1 con su programa de TV en medio de la huelga de guionistas y el sindicato reaccion\u00f3"},"content":{"rendered":"<p><iframe loading=\"lazy\" width=\"560\" height=\"315\" src=\"https:\/\/www.youtube.com\/embed\/polemica-dr\" frameborder=\"0\"><\/iframe><\/p>\n","protected":false},"excerpt":{"rendered":"","protected":false},"author":2,"featured_media":2832,"comment_status":"","ping_status":"","sticky":false,"template":"","format":"standard","meta":{"footnotes":""},"categories":[4],"tags":[],"_links":{"self":[{"href":"https:\/\/maxradio923.com.ar\/index.php\/wp-json\/wp\/v2\/posts\/2831"}],"collection":[{"href":"https:\/\/maxradio923.com.ar\/index.php\/wp-json\/wp\/v2\/posts"}],"about":[{"href":"https:\/\/maxradio923.com.ar\/index.php\/wp-json\/wp\/v2\/types\/post"}],"author":[{"embeddable":true,"href":"https:\/\/maxradio923.com.ar\/index.php\/wp-json\/wp\/v2\/users\/2"}],"replies":[{"embeddable":true,"href":"https:\/\/maxradio923.com.ar\/index.php\/wp-json\/wp\/v2\/comments?post=2831"}],"version-history":[{"count":0,"href":"https:\/\/maxradio923.com.ar\/index.php\/wp-json\/wp\/v2\/posts\/2831\/revisions"}],"wp:featuredmedia":[{"embeddable":true,"href":"https:\/\/maxradio923.com.ar\/index.php\/wp-json\/wp\/v2\/media\/2832"}],"wp:attachment":[{"href":"https:\/\/maxradio923.com.ar\/index.php\/wp-json\/wp\/v2\/media?parent=2831"}],"wp:term":[{"taxonomy":"category","embeddable":true,"href":"https:\/\/maxradio923.com.ar\/index.php\/wp-json\/wp\/v2\/categories?post=2831"},{"taxonomy":"post_tag","embeddable":true,"href":"https:\/\/maxradio923.com.ar\/index.php\/wp-json\/wp\/v2\/tags?post=2831"}],"curies":[{"name":"wp","href":"https:\/\/api.w.org\/{rel}","templated":true}]}}