{"id":2829,"date":"2023-09-11T17:14:58","date_gmt":"2023-09-11T20:14:58","guid":{"rendered":"https:\/\/maxradio923.com\/index.php\/2023\/09\/11\/musica-para-escuchar-en-la-oscuridad-mas-absoluta\/"},"modified":"2023-09-11T21:15:13","modified_gmt":"2023-09-12T00:15:13","slug":"musica-para-escuchar-en-la-oscuridad-mas-absoluta","status":"publish","type":"post","link":"https:\/\/maxradio923.com.ar\/index.php\/2023\/09\/11\/musica-para-escuchar-en-la-oscuridad-mas-absoluta\/","title":{"rendered":"M\u00fasica para escuchar en la oscuridad m\u00e1s absoluta"},"content":{"rendered":"<ul>\n<li>El Ensamble Arthaus ofreci\u00f3 &quot;Solstices&quot;, obra del compositor austr\u00edaco Georg Friedrich Haas, en una sala a oscuras.<\/li>\n<li>Se trat\u00f3 de una experiencia fascinante.<\/li>\n<\/ul>\n","protected":false},"excerpt":{"rendered":"<p>El Ensamble Arthaus ofreci\u00f3 &quot;Solstices&quot;, obra del compositor austr\u00edaco Georg Friedrich Haas, en una sala a oscuras. Se trat\u00f3 de una experiencia fascinante.<\/p>\n","protected":false},"author":2,"featured_media":0,"comment_status":"closed","ping_status":"","sticky":false,"template":"","format":"standard","meta":{"footnotes":""},"categories":[4],"tags":[],"_links":{"self":[{"href":"https:\/\/maxradio923.com.ar\/index.php\/wp-json\/wp\/v2\/posts\/2829"}],"collection":[{"href":"https:\/\/maxradio923.com.ar\/index.php\/wp-json\/wp\/v2\/posts"}],"about":[{"href":"https:\/\/maxradio923.com.ar\/index.php\/wp-json\/wp\/v2\/types\/post"}],"author":[{"embeddable":true,"href":"https:\/\/maxradio923.com.ar\/index.php\/wp-json\/wp\/v2\/users\/2"}],"replies":[{"embeddable":true,"href":"https:\/\/maxradio923.com.ar\/index.php\/wp-json\/wp\/v2\/comments?post=2829"}],"version-history":[{"count":0,"href":"https:\/\/maxradio923.com.ar\/index.php\/wp-json\/wp\/v2\/posts\/2829\/revisions"}],"wp:attachment":[{"href":"https:\/\/maxradio923.com.ar\/index.php\/wp-json\/wp\/v2\/media?parent=2829"}],"wp:term":[{"taxonomy":"category","embeddable":true,"href":"https:\/\/maxradio923.com.ar\/index.php\/wp-json\/wp\/v2\/categories?post=2829"},{"taxonomy":"post_tag","embeddable":true,"href":"https:\/\/maxradio923.com.ar\/index.php\/wp-json\/wp\/v2\/tags?post=2829"}],"curies":[{"name":"wp","href":"https:\/\/api.w.org\/{rel}","templated":true}]}}