{"id":2806,"date":"2023-09-11T13:44:37","date_gmt":"2023-09-11T16:44:37","guid":{"rendered":"https:\/\/maxradio923.com\/index.php\/2023\/09\/11\/impuesto-a-las-ganancias-la-expectativa-del-sindicalismo-por-el-anuncio-de-sergio-massa\/"},"modified":"2023-09-11T17:54:58","modified_gmt":"2023-09-11T20:54:58","slug":"impuesto-a-las-ganancias-la-expectativa-del-sindicalismo-por-el-anuncio-de-sergio-massa","status":"publish","type":"post","link":"https:\/\/maxradio923.com.ar\/index.php\/2023\/09\/11\/impuesto-a-las-ganancias-la-expectativa-del-sindicalismo-por-el-anuncio-de-sergio-massa\/","title":{"rendered":"Impuesto a las Ganancias: la expectativa del sindicalismo por el anuncio de Sergio Massa"},"content":{"rendered":"<p><img decoding=\"async\" src=\"https:\/\/diariod3.com\/inicio\/wp-content\/uploads\/2023\/09\/766798-whatsapp-20image-202023-09-11-20at-2012-20-38.jpeg\"\/><\/p>\n<p>El secretario adjunto de la CGT, H\u00e9ctor Daer, resalt\u00f3 que el inminente anuncio sobre el impuesto a las Ganancias no es una medida \u201cni oportunista ni electoralista\u201d y consider\u00f3 que su puesta en marcha no es nada m\u00e1s y nada menos que la correcci\u00f3n de \u201cun tributo injusto\u201d.<\/p>\n<p>De esta manera, el dirigente sali\u00f3 a defender la decisi\u00f3n del ministro de Econom\u00eda, Sergio Massa, de impulsar un cambio radical en ese impuesto contra el cual el conjunto del movimiento obrero viene reclamando desde hace a\u00f1os.<\/p>\n<p>En este sentido, Daer destac\u00f3 que la variaci\u00f3n en Ganancias \u201ces un eje que tuvo Sergio a lo largo de su carrera pol\u00edtica\u201d y sostuvo que, al anuncio de esta tarde, \u201cnadie lo puede tomar ni de oportunista ni electoralista\u201d.<\/p>\n<h2>\u201cHay una decisi\u00f3n muy clara de corregir un tributo injusto\u00bb<\/h2>\n<p>\u201cHay una decisi\u00f3n muy clara de corregir un tributo injusto que en su creaci\u00f3n fue destinado para que no se haga un fraude por parte de los due\u00f1os de las empresas\u201d, a partir de las ganancias que alcanzaban.<\/p>\n<p>Sin embargo, a pesar de que el impuesto persegu\u00eda ese objetivo desde su inicio, \u201ctermin\u00f3 recayendo en m\u00e1s de 2,5 millones de trabajadores que lo tributaban\u201d, lament\u00f3 Daer durante una entrevista por Radio 10 en la que dimension\u00f3 que \u201ccon esta medida estar\u00edan saliendo entre 850 mil y 900 mil del pago del tributo\u201d.<\/p>\n<p>\u201cEsto es una correcci\u00f3n pero tambi\u00e9n la modificaci\u00f3n estructural a este impuesto de la cuarta categor\u00eda a trav\u00e9s de un proyecto de ley\u201d que ser\u00e1 enviado al Congreso y cuyos pormenores a\u00fan se desconocen, apunt\u00f3.<\/p>\n<p>Lo que sabe es que, posiblemente, la modificaci\u00f3n implique que el gravamen \u201cno sea sobre el salario sino sobre los ingresos que muchas veces se multiplican por varias veces, y que no es el de los trabajadores\u201d, aclar\u00f3 Daer.<\/p>\n<p>El n\u00famero exacto de la modificaci\u00f3n del piso de Ganancias \u201cva a salir de la reuni\u00f3n que tengamos con el ministro esta tarde\u201d antes del acto previsto en Plaza de Mayo, a\u00f1adi\u00f3.<\/p>\n<p>Pero m\u00e1s all\u00e1 de que a\u00fan no se conocen las precisiones del anuncio, la modificaci\u00f3n ser\u00e1 \u201calgo trascendente porque cambia la matriz de las decisiones pol\u00edticas de c\u00f3mo sustentar el Estado\u201d, recalc\u00f3 Daer.<\/p>\n<p><strong>FUENTE: PAGINA12<\/strong><\/p>\n<p><strong>OPERADOR: ANA PAULA CARRASCO<\/strong><\/p>\n<p>La entrada <a href=\"https:\/\/diariod3.com\/inicio\/impuesto-a-las-ganancias-la-expectativa-del-sindicalismo-por-el-anuncio-de-sergio-massa\/\" rel=\"noreferrer noopener\" target=\"_blank\">Impuesto a las Ganancias: la expectativa del sindicalismo por el anuncio de Sergio Massa<\/a> se public\u00f3 primero en <a href=\"https:\/\/diariod3.com\/inicio\" rel=\"noreferrer noopener\" target=\"_blank\">DIARIO D3 NOTICIAS<\/a>.<\/p>\n","protected":false},"excerpt":{"rendered":"<p>El secretario adjunto de la CGT, H\u00e9ctor Daer, resalt\u00f3 que el inminente anuncio sobre el impuesto a las Ganancias no es una medida \u201cni oportunista ni electoralista\u201d y consider\u00f3 que su puesta en marcha no es nada m\u00e1s y nada menos que la correcci\u00f3n de \u201cun tributo injusto\u201d. De esta manera, el dirigente sali\u00f3 a [&hellip;]<\/p>\n","protected":false},"author":2,"featured_media":2839,"comment_status":"closed","ping_status":"","sticky":false,"template":"","format":"standard","meta":{"footnotes":""},"categories":[12],"tags":[],"_links":{"self":[{"href":"https:\/\/maxradio923.com.ar\/index.php\/wp-json\/wp\/v2\/posts\/2806"}],"collection":[{"href":"https:\/\/maxradio923.com.ar\/index.php\/wp-json\/wp\/v2\/posts"}],"about":[{"href":"https:\/\/maxradio923.com.ar\/index.php\/wp-json\/wp\/v2\/types\/post"}],"author":[{"embeddable":true,"href":"https:\/\/maxradio923.com.ar\/index.php\/wp-json\/wp\/v2\/users\/2"}],"replies":[{"embeddable":true,"href":"https:\/\/maxradio923.com.ar\/index.php\/wp-json\/wp\/v2\/comments?post=2806"}],"version-history":[{"count":0,"href":"https:\/\/maxradio923.com.ar\/index.php\/wp-json\/wp\/v2\/posts\/2806\/revisions"}],"wp:featuredmedia":[{"embeddable":true,"href":"https:\/\/maxradio923.com.ar\/index.php\/wp-json\/wp\/v2\/media\/2839"}],"wp:attachment":[{"href":"https:\/\/maxradio923.com.ar\/index.php\/wp-json\/wp\/v2\/media?parent=2806"}],"wp:term":[{"taxonomy":"category","embeddable":true,"href":"https:\/\/maxradio923.com.ar\/index.php\/wp-json\/wp\/v2\/categories?post=2806"},{"taxonomy":"post_tag","embeddable":true,"href":"https:\/\/maxradio923.com.ar\/index.php\/wp-json\/wp\/v2\/tags?post=2806"}],"curies":[{"name":"wp","href":"https:\/\/api.w.org\/{rel}","templated":true}]}}