{"id":2778,"date":"2023-09-11T11:34:37","date_gmt":"2023-09-11T14:34:37","guid":{"rendered":"https:\/\/maxradio923.com\/index.php\/2023\/09\/11\/la-gran-mayoria-de-los-trabajadores-dejarian-de-pagar-ganancias\/"},"modified":"2023-09-11T17:54:59","modified_gmt":"2023-09-11T20:54:59","slug":"la-gran-mayoria-de-los-trabajadores-dejarian-de-pagar-ganancias","status":"publish","type":"post","link":"https:\/\/maxradio923.com.ar\/index.php\/2023\/09\/11\/la-gran-mayoria-de-los-trabajadores-dejarian-de-pagar-ganancias\/","title":{"rendered":"La gran mayor\u00eda de los trabajadores dejar\u00edan de pagar ganancias"},"content":{"rendered":"<p><img decoding=\"async\" src=\"https:\/\/diariod3.com\/inicio\/wp-content\/uploads\/2023\/09\/64ea9ab02e73a_1200.jpg\"\/><\/p>\n<p>El ministro de Econom\u00eda y candidato presidencial de Uni\u00f3n por la Patria (UxP), Sergio Massa, <strong>recibir\u00e1 este lunes a los principales dirigentes de la Confederaci\u00f3n General del Trabajo (CGT) y de la CTA<\/strong> <strong>y a autoridades de la C\u00e1mara de Diputados para avanzar con el tema del Impuesto a las Ganancias<\/strong> de manera que la mayor cantidad posible de trabajadores quede afuera del pago de este tributo.<\/p>\n<p>Del encuentro, que se llevar\u00e1 a cabo a partir de las 17 en el quinto piso del Palacio de Hacienda,<strong> tambi\u00e9n participar\u00e1n la ministra de Trabajo, Raquel \u00abKelly\u00bb Olmos, junto a dirigentes sindicales como H\u00e9ctor Daer, Hugo Moyano, Carlos Acu\u00f1a, Sergio Palazzo, Guillermo Moser y Hugo Yasky, entre otros.<\/strong><\/p>\n<p>De cara a la reuni\u00f3n de este lunes, la CGT sali\u00f3 formalmente a convocar a los trabajadores a movilizarse frente al Palacio de Hacienda.<\/p>\n<p><strong>En igual sentido se pronunciaron los gremios que integran la Confederaci\u00f3n Argentina de Trabajadores del Transporte<\/strong> (CATT), la Asociaci\u00f3n Bancaria y la Central de los Trabajadores de la Argentina (CTA), entre otros.<\/p>\n<blockquote>\n<p>El ministro de Econom\u00eda <a href=\"https:\/\/twitter.com\/SergioMassa?ref_src=twsrc%5Etfw\" rel=\"noreferrer noopener\" target=\"_blank\">@SergioMassa<\/a> junto al secretario de Agricultura, Ganader\u00eda y Pesca <a href=\"https:\/\/twitter.com\/JuanjoBahillo?ref_src=twsrc%5Etfw\" rel=\"noreferrer noopener\" target=\"_blank\">@JuanjoBahillo<\/a>, presentan medidas para las econom\u00edas regionales.<\/p>\n<p>Transmisi\u00f3n\ud83d\udc47<a href=\"https:\/\/t.co\/YxhHwXL49a\" rel=\"noreferrer noopener\" target=\"_blank\">https:\/\/t.co\/YxhHwXL49a<\/a><\/p>\n<p>\u2014 Ministerio de Econom\u00eda de la Naci\u00f3n (@Economia_Ar) <a href=\"https:\/\/twitter.com\/Economia_Ar\/status\/1699905660761080028?ref_src=twsrc%5Etfw\" rel=\"noreferrer noopener\" target=\"_blank\">September 7, 2023<\/a><\/p>\n<\/blockquote>\n<p>El viernes pasado, antes de realizar la convocatoria a las entidades gremiales y a las autoridades de la C\u00e1mara baja, Massa mantuvo un encuentro con el secretario de Hacienda, Ra\u00fal Rigo, y con el titular de la Aduana, Guillermo Michel, para avanzar en detalles de la iniciativa.<\/p>\n<p>En ese marco, <strong>Massa le pidi\u00f3 a Michel que la medida \u00abbeneficie a la mayor cantidad de trabajadores posible\u00bb, se\u00f1alaron a T\u00e9lam fuentes oficiales.<\/strong><\/p>\n<p>Si m\u00e1s precisiones, lo que deslizan desde el Ministerio de Econom\u00eda pasa por la decisi\u00f3n de <strong>elevar el monto m\u00ednimo no imponible sensiblemente por encima de la cifra que rige en la actualidad<\/strong>, lo que determinar\u00eda que la<strong> gran mayor\u00eda de los trabajadores que est\u00e1n comprendidos ahora en el tributo dejar\u00edan de abonarlo.<\/strong><\/p>\n<figure><img decoding=\"async\" src=\"https:\/\/www.telam.com.ar\/thumbs\/bluesteel\/advf\/imagenes\/2023\/04\/6447ebc61130a_1200.jpg\" alt=\"Foto genrica\"\/><figcaption>Foto: gen\u00e9rica.<\/figcaption><\/figure>\n<p>Esta idea es plenamente realizable debido a que esa modificaci\u00f3n se puede realizar a trav\u00e9s de un Decreto de Necesidad y Urgencia (DNU).<\/p>\n<p>Un dato que destacan en Econom\u00eda es que lo que tiene en mente Massa incluye <strong>adem\u00e1s el env\u00edo de un proyecto para que el esquema fijado por DNU contemple una compensaci\u00f3n fiscal a trav\u00e9s de una ley votada por el Congreso.<\/strong><\/p>\n<p>Tras la \u00faltima modificaci\u00f3n de las escalas y del m\u00ednimo no imponible en la actualidad, tributan Ganancias alrededor de 1,9 millones de trabajadores.<\/p>\n<p>El mi\u00e9rcoles pasado, en una entrevista en C5N, el ministro y candidato presidencial del oficialiamo<strong> dijo que eliminar\u00e1 el impuesto a las Ganancias para los trabajadores en caso de llegar a la Presidencia, \u00abo tal vez antes\u00bb.<\/strong><\/p>\n<p>\u00abUn laburante, por ahora, paga impuesto a las Ganancias, y digo por ahora, porque si soy presidente, los trabajadores no van a pagar impuesto a las Ganancias, y yo no soy como (Mauricio) Macri porque lo vengo bajando, arrancamos con 2,4 puntos y lo plante\u00e9 en el Congreso, y dentro de poquito voy a mandar una ley con el tema de Ganancias\u00bb, se\u00f1al\u00f3 Massa en esa oportunidad.<\/p>\n<p><strong>FUENTE: TELAM<\/strong><br \/>\n<strong>OPEARDOR: ANA PAULA CARRASCOS<\/strong><\/p>\n<p>La entrada <a href=\"https:\/\/diariod3.com\/inicio\/la-gran-mayoria-de-los-trabajadores-dejarian-de-pagar-ganancias\/\" rel=\"noreferrer noopener\" target=\"_blank\">La gran mayor\u00eda de los trabajadores dejar\u00edan de pagar ganancias<\/a> se public\u00f3 primero en <a href=\"https:\/\/diariod3.com\/inicio\" rel=\"noreferrer noopener\" target=\"_blank\">DIARIO D3 NOTICIAS<\/a>.<\/p>\n","protected":false},"excerpt":{"rendered":"<p>El ministro de Econom\u00eda y candidato presidencial de Uni\u00f3n por la Patria (UxP), Sergio Massa, recibir\u00e1 este lunes a los principales dirigentes de la Confederaci\u00f3n General del Trabajo (CGT) y de la CTA y a autoridades de la C\u00e1mara de Diputados para avanzar con el tema del Impuesto a las Ganancias de manera que la [&hellip;]<\/p>\n","protected":false},"author":2,"featured_media":2840,"comment_status":"closed","ping_status":"","sticky":false,"template":"","format":"standard","meta":{"footnotes":""},"categories":[12],"tags":[],"_links":{"self":[{"href":"https:\/\/maxradio923.com.ar\/index.php\/wp-json\/wp\/v2\/posts\/2778"}],"collection":[{"href":"https:\/\/maxradio923.com.ar\/index.php\/wp-json\/wp\/v2\/posts"}],"about":[{"href":"https:\/\/maxradio923.com.ar\/index.php\/wp-json\/wp\/v2\/types\/post"}],"author":[{"embeddable":true,"href":"https:\/\/maxradio923.com.ar\/index.php\/wp-json\/wp\/v2\/users\/2"}],"replies":[{"embeddable":true,"href":"https:\/\/maxradio923.com.ar\/index.php\/wp-json\/wp\/v2\/comments?post=2778"}],"version-history":[{"count":0,"href":"https:\/\/maxradio923.com.ar\/index.php\/wp-json\/wp\/v2\/posts\/2778\/revisions"}],"wp:featuredmedia":[{"embeddable":true,"href":"https:\/\/maxradio923.com.ar\/index.php\/wp-json\/wp\/v2\/media\/2840"}],"wp:attachment":[{"href":"https:\/\/maxradio923.com.ar\/index.php\/wp-json\/wp\/v2\/media?parent=2778"}],"wp:term":[{"taxonomy":"category","embeddable":true,"href":"https:\/\/maxradio923.com.ar\/index.php\/wp-json\/wp\/v2\/categories?post=2778"},{"taxonomy":"post_tag","embeddable":true,"href":"https:\/\/maxradio923.com.ar\/index.php\/wp-json\/wp\/v2\/tags?post=2778"}],"curies":[{"name":"wp","href":"https:\/\/api.w.org\/{rel}","templated":true}]}}