{"id":27478,"date":"2024-11-30T20:50:02","date_gmt":"2024-11-30T23:50:02","guid":{"rendered":"https:\/\/maxradio923.com.ar\/index.php\/2024\/11\/30\/la-policia-de-kosovo-detuvo-a-ocho-personas-y-confisco-mas-de-una-decena-de-armas-tras-el-ataque-contra-la-red-de-suministro-de-agua\/"},"modified":"2024-11-30T20:50:02","modified_gmt":"2024-11-30T23:50:02","slug":"la-policia-de-kosovo-detuvo-a-ocho-personas-y-confisco-mas-de-una-decena-de-armas-tras-el-ataque-contra-la-red-de-suministro-de-agua","status":"publish","type":"post","link":"https:\/\/maxradio923.com.ar\/index.php\/2024\/11\/30\/la-policia-de-kosovo-detuvo-a-ocho-personas-y-confisco-mas-de-una-decena-de-armas-tras-el-ataque-contra-la-red-de-suministro-de-agua\/","title":{"rendered":"La Polic\u00eda de Kosovo detuvo a ocho personas y confisc\u00f3 m\u00e1s de una decena de armas tras el ataque contra la red de suministro de agua"},"content":{"rendered":"<p><\/p>\n<div>\n<div class=\" visual__image\"><picture><source srcset=\"https:\/\/www.infobae.com\/resizer\/v2\/N6V6SKAK4ZWBVREG5ICZC523DI.jpg?auth=5726905558931271395ae9fa63a8be64e7970a84891b56539d08d62997417564&amp;smart=true&amp;width=992&amp;height=661&amp;quality=85\" media=\"(min-width: 1000px)\"\/><source srcset=\"https:\/\/www.infobae.com\/resizer\/v2\/N6V6SKAK4ZWBVREG5ICZC523DI.jpg?auth=5726905558931271395ae9fa63a8be64e7970a84891b56539d08d62997417564&amp;smart=true&amp;width=768&amp;height=512&amp;quality=85\" media=\"(min-width: 768px)\"\/><source srcset=\"https:\/\/www.infobae.com\/resizer\/v2\/N6V6SKAK4ZWBVREG5ICZC523DI.jpg?auth=5726905558931271395ae9fa63a8be64e7970a84891b56539d08d62997417564&amp;smart=true&amp;width=577&amp;height=385&amp;quality=85\" media=\"(min-width: 580px)\"\/><source srcset=\"https:\/\/www.infobae.com\/resizer\/v2\/N6V6SKAK4ZWBVREG5ICZC523DI.jpg?auth=5726905558931271395ae9fa63a8be64e7970a84891b56539d08d62997417564&amp;smart=true&amp;width=420&amp;height=280&amp;quality=85\" media=\"(min-width: 350px)\"\/><source srcset=\"https:\/\/www.infobae.com\/resizer\/v2\/N6V6SKAK4ZWBVREG5ICZC523DI.jpg?auth=5726905558931271395ae9fa63a8be64e7970a84891b56539d08d62997417564&amp;smart=true&amp;width=350&amp;height=233&amp;quality=85\" media=\"(min-width: 80px)\"\/><img alt=\"La Polic\u00eda de Kosovo detuvo a ocho personas y confisc\u00f3 m\u00e1s de una decena de armas tras la explosi\u00f3n en el norte del pa\u00eds (REUTERS)\" class=\"global-image\" decoding=\"async\" fetchpriority=\"high\" height=\"3283\" loading=\"eager\" src=\"https:\/\/www.infobae.com\/resizer\/v2\/N6V6SKAK4ZWBVREG5ICZC523DI.jpg?auth=5726905558931271395ae9fa63a8be64e7970a84891b56539d08d62997417564&amp;smart=true&amp;width=350&amp;height=233&amp;quality=85\" width=\"4925\"\/><\/picture><figcaption class=\"article-figcaption-img\">La Polic\u00eda de Kosovo detuvo a ocho personas y confisc\u00f3 m\u00e1s de una decena de armas tras la explosi\u00f3n en el norte del pa\u00eds (REUTERS)<\/figcaption><\/div>\n<p class=\"paragraph\">La Polic\u00eda de <b>Kosovo <\/b>detuvo este s\u00e1bado a <b>ocho personas<\/b> sospechosas de estar relacionadas con los recientes disturbios en el norte del pa\u00eds, e incaut\u00f3 <b>m\u00e1s de una decena de armas<\/b> en varias localidades de la zona, aunque todos los acusados fueron liberados a las pocas horas por falta de pruebas.<\/p>\n<p class=\"paragraph\">Seg\u00fan declar\u00f3 el ministro del Interior, Xhelal Svecla, los individuos fueron se\u00f1alados precisamente por estar vinculados y\/o incitar los recientes ataques en <b>Ib\u00ebr-Lepenci<\/b>, un pueblo de Varage, en el municipio de Zubin Potok, donde este viernes, cerca de las 18:00 horas, se produjo <b>una explosi\u00f3n<\/b> \u201cfuerte y potente\u201d en la red de suministro de agua, que provoc\u00f3 la interrupci\u00f3n temporal del servicio y la refrigeraci\u00f3n de dos centrales t\u00e9rmicas de carb\u00f3n.<\/p>\n<p class=\"paragraph\">Los primeros datos de la investigaci\u00f3n expusieron que para provocar la explosi\u00f3n \u201cse colocaron entre 15 y 20 kilogramos de explosivos en una bolsa negra y se activaron mediante un detonador mec\u00e1nico a trav\u00e9s de un fusible de lenta combusti\u00f3n\u201d, por lo que la Polic\u00eda realiz\u00f3 una serie de allanamientos en la zona, en los que incaut\u00f3 m\u00e1s de <b>200 uniformes militares<\/b>, <b>seis lanzagranadas<\/b>,<b> tres granadas<\/b>, <b>cuatro rifles AK47<\/b>, <b>cuatro pistolas<\/b>, <b>una escopeta de caza<\/b>, <b>municiones <\/b>de diferentes calibres, <b>mechas para activar explosivos<\/b>, <b>m\u00e1scaras<\/b>, <b>cuchillos<\/b> y <b>dinero<\/b>, que se creen relacionados con este caso.<\/p>\n<div class=\" visual__image\"><picture><source srcset=\"https:\/\/www.infobae.com\/resizer\/v2\/75KJGXYZQMP6AHHMD4VTNL6DCY.jpg?auth=5d7deba9418a547e21a88a81c9c108741908a017e999354bc9986d813fe25071&amp;smart=true&amp;width=992&amp;height=661&amp;quality=85\" media=\"(min-width: 1000px)\"\/><source srcset=\"https:\/\/www.infobae.com\/resizer\/v2\/75KJGXYZQMP6AHHMD4VTNL6DCY.jpg?auth=5d7deba9418a547e21a88a81c9c108741908a017e999354bc9986d813fe25071&amp;smart=true&amp;width=768&amp;height=512&amp;quality=85\" media=\"(min-width: 768px)\"\/><source srcset=\"https:\/\/www.infobae.com\/resizer\/v2\/75KJGXYZQMP6AHHMD4VTNL6DCY.jpg?auth=5d7deba9418a547e21a88a81c9c108741908a017e999354bc9986d813fe25071&amp;smart=true&amp;width=577&amp;height=385&amp;quality=85\" media=\"(min-width: 580px)\"\/><source srcset=\"https:\/\/www.infobae.com\/resizer\/v2\/75KJGXYZQMP6AHHMD4VTNL6DCY.jpg?auth=5d7deba9418a547e21a88a81c9c108741908a017e999354bc9986d813fe25071&amp;smart=true&amp;width=420&amp;height=280&amp;quality=85\" media=\"(min-width: 350px)\"\/><source srcset=\"https:\/\/www.infobae.com\/resizer\/v2\/75KJGXYZQMP6AHHMD4VTNL6DCY.jpg?auth=5d7deba9418a547e21a88a81c9c108741908a017e999354bc9986d813fe25071&amp;smart=true&amp;width=350&amp;height=233&amp;quality=85\" media=\"(min-width: 80px)\"\/><img alt=\"Este viernes, cerca de las 18:00 horas, se produjo una explosi\u00f3n \u201cfuerte y potente\u201d en la red de suministro de agua en el norte de Kosovo, que provoc\u00f3 la interrupci\u00f3n temporal del servicio y la refrigeraci\u00f3n de dos centrales t\u00e9rmicas de carb\u00f3n (REUTERS)\" class=\"global-image\" decoding=\"async\" fetchpriority=\"low\" height=\"2660\" loading=\"lazy\" src=\"https:\/\/www.infobae.com\/resizer\/v2\/75KJGXYZQMP6AHHMD4VTNL6DCY.jpg?auth=5d7deba9418a547e21a88a81c9c108741908a017e999354bc9986d813fe25071&amp;smart=true&amp;width=350&amp;height=233&amp;quality=85\" width=\"3990\"\/><\/picture><figcaption class=\"article-figcaption-img\">Este viernes, cerca de las 18:00 horas, se produjo una explosi\u00f3n \u201cfuerte y potente\u201d en la red de suministro de agua en el norte de Kosovo, que provoc\u00f3 la interrupci\u00f3n temporal del servicio y la refrigeraci\u00f3n de dos centrales t\u00e9rmicas de carb\u00f3n (REUTERS)<\/figcaption><\/div>\n<p class=\"paragraph\">Previamente, este jueves, se hab\u00eda reportado el lanzamiento de una granada contra un edificio municipal.<\/p>\n<p class=\"paragraph\">Ambos incidentes fueron considerados <b>atentados terroristas<\/b> y desataron una importante investigaci\u00f3n, que se extendi\u00f3 a diez localidades de la zona, pobladas mayoritariamente por <b>serbokosovares<\/b>, y llev\u00f3 a las autoridades locales a cargar contra el <b>Gobierno de Serbia<\/b>, al que acus\u00f3 de estar detr\u00e1s de este incidente.<\/p>\n<p class=\"paragraph\">\u201cSe trata de <b>un ataque criminal y terrorista<\/b>, destinado a da\u00f1ar nuestra infraestructura cr\u00edtica (&#8230;) Creemos que proviene de <b>bandas orquestadas y dirigidas por Serbia<\/b>\u201d, dijo sin dudar el primer ministro kosovo, Albin Kurti, durante una rueda de prensa, aunque sin presentar pruebas al respecto.<\/p>\n<p class=\"paragraph\">El ministro de Exteriores serbio, Marko Djuric, sin embargo, respondi\u00f3 a los se\u00f1alamientos de la contraparte y los consider\u00f3 \u201cinfundados\u201d.<\/p>\n<div class=\" visual__image\"><picture><source srcset=\"https:\/\/www.infobae.com\/resizer\/v2\/ATJOZTGVUSDA4RLHHSW7G3Z6RY.jpg?auth=e74a106a4eee03ab3d30d919ca7fba8400270dc47f790d854bd0be03e83fd33d&amp;smart=true&amp;width=992&amp;height=661&amp;quality=85\" media=\"(min-width: 1000px)\"\/><source srcset=\"https:\/\/www.infobae.com\/resizer\/v2\/ATJOZTGVUSDA4RLHHSW7G3Z6RY.jpg?auth=e74a106a4eee03ab3d30d919ca7fba8400270dc47f790d854bd0be03e83fd33d&amp;smart=true&amp;width=768&amp;height=512&amp;quality=85\" media=\"(min-width: 768px)\"\/><source srcset=\"https:\/\/www.infobae.com\/resizer\/v2\/ATJOZTGVUSDA4RLHHSW7G3Z6RY.jpg?auth=e74a106a4eee03ab3d30d919ca7fba8400270dc47f790d854bd0be03e83fd33d&amp;smart=true&amp;width=577&amp;height=385&amp;quality=85\" media=\"(min-width: 580px)\"\/><source srcset=\"https:\/\/www.infobae.com\/resizer\/v2\/ATJOZTGVUSDA4RLHHSW7G3Z6RY.jpg?auth=e74a106a4eee03ab3d30d919ca7fba8400270dc47f790d854bd0be03e83fd33d&amp;smart=true&amp;width=420&amp;height=280&amp;quality=85\" media=\"(min-width: 350px)\"\/><source srcset=\"https:\/\/www.infobae.com\/resizer\/v2\/ATJOZTGVUSDA4RLHHSW7G3Z6RY.jpg?auth=e74a106a4eee03ab3d30d919ca7fba8400270dc47f790d854bd0be03e83fd33d&amp;smart=true&amp;width=350&amp;height=233&amp;quality=85\" media=\"(min-width: 80px)\"\/><img alt=\"Serbia rechaz\u00f3 las acusaciones en su contra y asegur\u00f3 que los incidentes podr\u00edan ser parte de una maniobra impulsada por Kosovo (REUTERS)\" class=\"global-image\" decoding=\"async\" fetchpriority=\"low\" height=\"4000\" loading=\"lazy\" src=\"https:\/\/www.infobae.com\/resizer\/v2\/ATJOZTGVUSDA4RLHHSW7G3Z6RY.jpg?auth=e74a106a4eee03ab3d30d919ca7fba8400270dc47f790d854bd0be03e83fd33d&amp;smart=true&amp;width=350&amp;height=233&amp;quality=85\" width=\"6000\"\/><\/picture><figcaption class=\"article-figcaption-img\">Serbia rechaz\u00f3 las acusaciones en su contra y asegur\u00f3 que los incidentes podr\u00edan ser parte de una maniobra impulsada por Kosovo (REUTERS)<\/figcaption><\/div>\n<p class=\"paragraph\">\u201cEsas <b>acusaciones infundadas<\/b> socavan los esfuerzos por entablar un di\u00e1logo constructivo y solo sirven para aumentar las tensiones en una situaci\u00f3n ya de por s\u00ed delicada\u201d, comenz\u00f3 diciendo antes de advertir que las acciones podr\u00edan ser, en realidad, una estrategia de Pristina: \u201cAunque el r\u00e9gimen eternonacionalista de Kurti se ha apresurado a se\u00f1alar a Belgrado sin pruebas, creemos que esas acusaciones prematuras son <b>una maniobra deliberada que podr\u00eda se\u00f1alar la participaci\u00f3n del r\u00e9gimen de Albin Kurti<\/b>\u201d.<\/p>\n<p class=\"paragraph\">Por su parte, el presidente Aleksandar Vucic asegur\u00f3 que su pa\u00eds no tuvo nada que ver con este incidente y, por tanto, cuestion\u00f3: \u201c\u00bfQu\u00e9 deber\u00eda justificar si saben que no fuimos nosotros quienes lo hicimos? <b>No planeo correr a los medios internacionales y disculparme por algo que no hicimos<\/b>\u201d.<\/p>\n<p class=\"paragraph\">En medio de esta escalada de tensiones entre las partes, que llevan a\u00f1os enfrentadas, el alto representante de la Uni\u00f3n Europea para Asuntos Exteriores, <b>Josep Borrell<\/b>, extendi\u00f3 su solidaridad y apoyo a Kosovo, y pidi\u00f3 una investigaci\u00f3n para esclarecer lo ocurrido.<\/p>\n<p class=\"paragraph\">\u201cSe trata de un acto despreciable de sabotaje contra la infraestructura civil fundamental de Kosovo, que proporciona agua potable a una parte considerable de la poblaci\u00f3n de Kosovo y es un componente vital de su sistema energ\u00e9tico. La UE hace un llamamiento a todas las partes interesadas para que <b>cooperen plenamente con las autoridades de Kosovo<\/b> y seguir\u00e1 de cerca la evoluci\u00f3n de la situaci\u00f3n\u201d, apunt\u00f3 el funcionario europeo.<\/p>\n<p class=\"paragraph\"><i>(Con informaci\u00f3n de EFE)<\/i><\/p>\n<\/div>\n<p><script defer=\"\">!function(f,b,e,v,n,t,s) {if(f.fbq)return;n=f.fbq=function(){n.callMethod? n.callMethod.apply(n,arguments):n.queue.push(arguments)}; if(!f._fbq)f._fbq=n;n.push=n;n.loaded=!0;n.version='2.0'; n.queue=[];t=b.createElement(e);t.async=!0; t.src=v;s=b.getElementsByTagName(e)[0]; s.parentNode.insertBefore(t,s)}(window, document,'script', ' fbq('init', '336383993555320'); fbq('track', 'PageView'); fbq('track', 'ViewContent');<\/script><script src=\"https:\/\/connect.facebook.net\/en_US\/sdk.js\" crossorigin=\"anonymous\" defer=\"\"><\/script><\/p>\n","protected":false},"excerpt":{"rendered":"<p>La Polic\u00eda de Kosovo detuvo a ocho personas y confisc\u00f3 m\u00e1s de una decena de armas tras la explosi\u00f3n en el norte del pa\u00eds (REUTERS) La Polic\u00eda de Kosovo detuvo este s\u00e1bado a ocho personas sospechosas de estar relacionadas con los recientes disturbios en el norte del pa\u00eds, e incaut\u00f3 m\u00e1s de una decena de [&hellip;]<\/p>\n","protected":false},"author":2,"featured_media":27479,"comment_status":"","ping_status":"","sticky":false,"template":"","format":"standard","meta":{"footnotes":""},"categories":[3],"tags":[],"_links":{"self":[{"href":"https:\/\/maxradio923.com.ar\/index.php\/wp-json\/wp\/v2\/posts\/27478"}],"collection":[{"href":"https:\/\/maxradio923.com.ar\/index.php\/wp-json\/wp\/v2\/posts"}],"about":[{"href":"https:\/\/maxradio923.com.ar\/index.php\/wp-json\/wp\/v2\/types\/post"}],"author":[{"embeddable":true,"href":"https:\/\/maxradio923.com.ar\/index.php\/wp-json\/wp\/v2\/users\/2"}],"replies":[{"embeddable":true,"href":"https:\/\/maxradio923.com.ar\/index.php\/wp-json\/wp\/v2\/comments?post=27478"}],"version-history":[{"count":0,"href":"https:\/\/maxradio923.com.ar\/index.php\/wp-json\/wp\/v2\/posts\/27478\/revisions"}],"wp:featuredmedia":[{"embeddable":true,"href":"https:\/\/maxradio923.com.ar\/index.php\/wp-json\/wp\/v2\/media\/27479"}],"wp:attachment":[{"href":"https:\/\/maxradio923.com.ar\/index.php\/wp-json\/wp\/v2\/media?parent=27478"}],"wp:term":[{"taxonomy":"category","embeddable":true,"href":"https:\/\/maxradio923.com.ar\/index.php\/wp-json\/wp\/v2\/categories?post=27478"},{"taxonomy":"post_tag","embeddable":true,"href":"https:\/\/maxradio923.com.ar\/index.php\/wp-json\/wp\/v2\/tags?post=27478"}],"curies":[{"name":"wp","href":"https:\/\/api.w.org\/{rel}","templated":true}]}}