{"id":27474,"date":"2024-11-30T19:05:03","date_gmt":"2024-11-30T22:05:03","guid":{"rendered":"https:\/\/maxradio923.com.ar\/index.php\/2024\/11\/30\/polonia-afirmo-que-el-primer-tramo-del-escudo-del-este-en-la-frontera-con-rusia-esta-listo\/"},"modified":"2024-11-30T19:05:03","modified_gmt":"2024-11-30T22:05:03","slug":"polonia-afirmo-que-el-primer-tramo-del-escudo-del-este-en-la-frontera-con-rusia-esta-listo","status":"publish","type":"post","link":"https:\/\/maxradio923.com.ar\/index.php\/2024\/11\/30\/polonia-afirmo-que-el-primer-tramo-del-escudo-del-este-en-la-frontera-con-rusia-esta-listo\/","title":{"rendered":"Polonia afirm\u00f3 que el primer tramo del \u201cEscudo del Este\u201d en la frontera con Rusia est\u00e1 listo"},"content":{"rendered":"<p><\/p>\n<div>\n<div class=\" visual__image\"><picture><source srcset=\"https:\/\/www.infobae.com\/resizer\/v2\/JRQPU2CJYTS3TV4PF62OFRYIDQ.jpg?auth=5febf5aa108c7c76dbe6e93c4678d83164ae1c56c33256728786a70b608dc28f&amp;smart=true&amp;width=992&amp;height=661&amp;quality=85\" media=\"(min-width: 1000px)\"\/><source srcset=\"https:\/\/www.infobae.com\/resizer\/v2\/JRQPU2CJYTS3TV4PF62OFRYIDQ.jpg?auth=5febf5aa108c7c76dbe6e93c4678d83164ae1c56c33256728786a70b608dc28f&amp;smart=true&amp;width=768&amp;height=512&amp;quality=85\" media=\"(min-width: 768px)\"\/><source srcset=\"https:\/\/www.infobae.com\/resizer\/v2\/JRQPU2CJYTS3TV4PF62OFRYIDQ.jpg?auth=5febf5aa108c7c76dbe6e93c4678d83164ae1c56c33256728786a70b608dc28f&amp;smart=true&amp;width=577&amp;height=385&amp;quality=85\" media=\"(min-width: 580px)\"\/><source srcset=\"https:\/\/www.infobae.com\/resizer\/v2\/JRQPU2CJYTS3TV4PF62OFRYIDQ.jpg?auth=5febf5aa108c7c76dbe6e93c4678d83164ae1c56c33256728786a70b608dc28f&amp;smart=true&amp;width=420&amp;height=280&amp;quality=85\" media=\"(min-width: 350px)\"\/><source srcset=\"https:\/\/www.infobae.com\/resizer\/v2\/JRQPU2CJYTS3TV4PF62OFRYIDQ.jpg?auth=5febf5aa108c7c76dbe6e93c4678d83164ae1c56c33256728786a70b608dc28f&amp;smart=true&amp;width=350&amp;height=233&amp;quality=85\" media=\"(min-width: 80px)\"\/><img alt=\"Barreras de concreto que forman parte de la fortificaci\u00f3n del Escudo del Este de Polonia, en la frontera del pa\u00eds con Rusia, en Dabrowka (AP Foto\/Czarek Sokolowski)\" class=\"global-image\" decoding=\"async\" fetchpriority=\"high\" height=\"2600\" loading=\"eager\" src=\"https:\/\/www.infobae.com\/resizer\/v2\/JRQPU2CJYTS3TV4PF62OFRYIDQ.jpg?auth=5febf5aa108c7c76dbe6e93c4678d83164ae1c56c33256728786a70b608dc28f&amp;smart=true&amp;width=350&amp;height=233&amp;quality=85\" width=\"3900\"\/><\/picture><figcaption class=\"article-figcaption-img\">Barreras de concreto que forman parte de la fortificaci\u00f3n del Escudo del Este de Polonia, en la frontera del pa\u00eds con Rusia, en Dabrowka (AP Foto\/Czarek Sokolowski)<\/figcaption><\/div>\n<p class=\"paragraph\">El primer tramo de las fortificaciones conocidas como <b>\u201cEscudo del Este\u201d<\/b> a lo largo de las fronteras de Polonia con Rusia y Bielorrusia, ya est\u00e1 listo, de acuerdo a lo confirmado este s\u00e1bado por el primer ministro <b>Donald Tusk<\/b>, quien remarc\u00f3 que todas las medidas que se implementan en estos lindes representan una inversi\u00f3n en la paz.<\/p>\n<p class=\"paragraph\"><b>\u201cEl primer tramo del Escudo del Este en la frontera con Rusia ya est\u00e1 listo\u201d<\/b>, se\u00f1al\u00f3 Tusk en un mensaje de la red social X tras visitar a soldados a unos 200 metros de la frontera con el enclave ruso de Kaliningrado.<\/p>\n<p class=\"paragraph\">Tusk ha acelerado la construcci\u00f3n de la primera secci\u00f3n del escudo, que estaba prevista inicialmente para el primer trimestre de 2025.<\/p>\n<p class=\"paragraph\">Durante unas declaraciones posteriores cerca de una localidad en la provincia nororiental de Varmia y Masuria, Tusk destac\u00f3 que cuanto mejor est\u00e9 asegurada la frontera polaca, <b>m\u00e1s dif\u00edcil tendr\u00e1n aquellos con \u201cmalas intenciones\u201d acceder al pa\u00eds centroeuropeo<\/b>, seg\u00fan la agencia<i> PAP.<\/i><\/p>\n<p class=\"paragraph\">\u201cTodo lo que estamos haciendo aqu\u00ed -y tambi\u00e9n lo haremos en la frontera con Bielorrusia y Ucrania- es <b>para disuadir y disuadir a un agresor potencial, por lo que es realmente una inversi\u00f3n en la paz\u201d<\/b>, recalc\u00f3.<\/p>\n<div class=\" visual__image\"><picture><source srcset=\"https:\/\/www.infobae.com\/resizer\/v2\/XFT6ZAN2JHNP7BOKWJ6ZA4KNYE.jpg?auth=e2f3f2b00b65f8e30dd88787efeb98edd831775c292ab77580cb40045abcec41&amp;smart=true&amp;width=992&amp;height=661&amp;quality=85\" media=\"(min-width: 1000px)\"\/><source srcset=\"https:\/\/www.infobae.com\/resizer\/v2\/XFT6ZAN2JHNP7BOKWJ6ZA4KNYE.jpg?auth=e2f3f2b00b65f8e30dd88787efeb98edd831775c292ab77580cb40045abcec41&amp;smart=true&amp;width=768&amp;height=512&amp;quality=85\" media=\"(min-width: 768px)\"\/><source srcset=\"https:\/\/www.infobae.com\/resizer\/v2\/XFT6ZAN2JHNP7BOKWJ6ZA4KNYE.jpg?auth=e2f3f2b00b65f8e30dd88787efeb98edd831775c292ab77580cb40045abcec41&amp;smart=true&amp;width=577&amp;height=385&amp;quality=85\" media=\"(min-width: 580px)\"\/><source srcset=\"https:\/\/www.infobae.com\/resizer\/v2\/XFT6ZAN2JHNP7BOKWJ6ZA4KNYE.jpg?auth=e2f3f2b00b65f8e30dd88787efeb98edd831775c292ab77580cb40045abcec41&amp;smart=true&amp;width=420&amp;height=280&amp;quality=85\" media=\"(min-width: 350px)\"\/><source srcset=\"https:\/\/www.infobae.com\/resizer\/v2\/XFT6ZAN2JHNP7BOKWJ6ZA4KNYE.jpg?auth=e2f3f2b00b65f8e30dd88787efeb98edd831775c292ab77580cb40045abcec41&amp;smart=true&amp;width=350&amp;height=233&amp;quality=85\" media=\"(min-width: 80px)\"\/><img alt=\"Donald Tusk, primer ministro de Polonia (Martyna Niecko\/Agencja Wyborcza.pl via REUTERS)\" class=\"global-image\" decoding=\"async\" fetchpriority=\"low\" height=\"2000\" loading=\"lazy\" src=\"https:\/\/www.infobae.com\/resizer\/v2\/XFT6ZAN2JHNP7BOKWJ6ZA4KNYE.jpg?auth=e2f3f2b00b65f8e30dd88787efeb98edd831775c292ab77580cb40045abcec41&amp;smart=true&amp;width=350&amp;height=233&amp;quality=85\" width=\"3000\"\/><\/picture><figcaption class=\"article-figcaption-img\">Donald Tusk, primer ministro de Polonia (Martyna Niecko\/Agencja Wyborcza.pl via REUTERS)<\/figcaption><\/div>\n<p class=\"paragraph\">\u201cGastaremos miles de millones de zlotys en ello, pero ahora mismo toda Europa observa estas inversiones y nuestras acciones con gran satisfacci\u00f3n y las apoyar\u00e1 si es necesario\u201d, se\u00f1al\u00f3.<\/p>\n<p class=\"paragraph\">El jefe de Gobierno asegur\u00f3 que <b>los pa\u00edses pertenecientes a la regi\u00f3n del B\u00e1ltico cooperar\u00e1n con Polonia<\/b> para garantizar que esta infraestructura sea efectiva no s\u00f3lo en los tramos polacos, sino a lo largo de toda la frontera,<b> \u201cprincipalmente con Rusia y Bielorrusia\u201d.<\/b><\/p>\n<p class=\"paragraph\">\u201cNuestras acciones tambi\u00e9n se referir\u00e1n a la seguridad de la frontera con Ucrania, por otras razones, pero queremos que los polacos se sientan m\u00e1s seguros a lo largo de toda la frontera oriental\u201d, declar\u00f3 Tusk.<\/p>\n<p class=\"paragraph\">El primer ministro polaco asegur\u00f3 que<b> se trata del \u201cmayor proyecto de este tipo en la historia de Europa despu\u00e9s de 1945\u2033<\/b>, pues \u201ctodo el Escudo del Este ser\u00e1 un proyecto sin precedentes\u201d.<\/p>\n<div class=\"rawHTML raw_html \">\n<div class=\"empty\" style=\"padding: 20px;background-color:#333;color:white;text-align:center;font-size:2em;\"><img decoding=\"async\" src=\"https:\/\/www.infobae.com\/new-resizer\/vcUg6g73yCMBnmDGIOHN7JUrREM=\/arc-anglerfish-arc2-prod-infobae\/public\/QIM7GPZY3REBXADEW3VH3FIZLE.jpg\" alt=\"infografia\" class=\"responsive\"\/><\/p>\n<\/div>\n<\/div>\n<p class=\"paragraph\">El escudo es un programa preparado por el Ministerio de Defensa y el Estado Mayor del Ej\u00e9rcito, que supone la construcci\u00f3n de <b>diversos tipos de fortificaciones<\/b>, <b>obst\u00e1culos del terreno e infraestructuras militares<\/b> en las fronteras de Polonia con Rusia y Bielorrusia -un total de unos 800 km-.<\/p>\n<p class=\"paragraph\">Los planes tambi\u00e9n incluyen la construcci\u00f3n de sistemas apropiados de reconocimiento y detecci\u00f3n de amenazas, bases avanzadas, centros log\u00edsticos, almacenes y el despliegue de sistemas antidrones.<\/p>\n<p class=\"paragraph\">Varsovia asign\u00f3 unos 2.300 millones de euros a la implementaci\u00f3n de este plan, que se espera est\u00e9 plenamente operativo en 2028, y que se integrar\u00e1 en la infraestructura de defensa integral del flanco oriental de la OTAN para contrarrestar las amenazas de Bielorrusia y Rusia.<\/p>\n<div class=\" visual__image\"><picture><source srcset=\"https:\/\/www.infobae.com\/resizer\/v2\/Z7N4CLH7YF3DSIA3BRFGPZAJUY.jpg?auth=ca953ecfbe0e87779ca35e6c4f62921b058722f5e08e5e3432c060d0efa06b8e&amp;smart=true&amp;width=992&amp;height=661&amp;quality=85\" media=\"(min-width: 1000px)\"\/><source srcset=\"https:\/\/www.infobae.com\/resizer\/v2\/Z7N4CLH7YF3DSIA3BRFGPZAJUY.jpg?auth=ca953ecfbe0e87779ca35e6c4f62921b058722f5e08e5e3432c060d0efa06b8e&amp;smart=true&amp;width=768&amp;height=512&amp;quality=85\" media=\"(min-width: 768px)\"\/><source srcset=\"https:\/\/www.infobae.com\/resizer\/v2\/Z7N4CLH7YF3DSIA3BRFGPZAJUY.jpg?auth=ca953ecfbe0e87779ca35e6c4f62921b058722f5e08e5e3432c060d0efa06b8e&amp;smart=true&amp;width=577&amp;height=385&amp;quality=85\" media=\"(min-width: 580px)\"\/><source srcset=\"https:\/\/www.infobae.com\/resizer\/v2\/Z7N4CLH7YF3DSIA3BRFGPZAJUY.jpg?auth=ca953ecfbe0e87779ca35e6c4f62921b058722f5e08e5e3432c060d0efa06b8e&amp;smart=true&amp;width=420&amp;height=280&amp;quality=85\" media=\"(min-width: 350px)\"\/><source srcset=\"https:\/\/www.infobae.com\/resizer\/v2\/Z7N4CLH7YF3DSIA3BRFGPZAJUY.jpg?auth=ca953ecfbe0e87779ca35e6c4f62921b058722f5e08e5e3432c060d0efa06b8e&amp;smart=true&amp;width=350&amp;height=233&amp;quality=85\" media=\"(min-width: 80px)\"\/><img alt=\"Donald Trump sostuvo que el &quot;Escudo del Este&quot; es el \u201cmayor proyecto de este tipo en la historia de Europa despu\u00e9s de 1945&quot; (Martyna Niecko\/Agencja Wyborcza.pl via REUTERS)\" class=\"global-image\" decoding=\"async\" fetchpriority=\"low\" height=\"2001\" loading=\"lazy\" src=\"https:\/\/www.infobae.com\/resizer\/v2\/Z7N4CLH7YF3DSIA3BRFGPZAJUY.jpg?auth=ca953ecfbe0e87779ca35e6c4f62921b058722f5e08e5e3432c060d0efa06b8e&amp;smart=true&amp;width=350&amp;height=233&amp;quality=85\" width=\"3000\"\/><\/picture><figcaption class=\"article-figcaption-img\">Donald Trump sostuvo que el &#8220;Escudo del Este&#8221; es el \u201cmayor proyecto de este tipo en la historia de Europa despu\u00e9s de 1945&#8243; (Martyna Niecko\/Agencja Wyborcza.pl via REUTERS)<\/figcaption><\/div>\n<p class=\"paragraph\">Tusk destac\u00f3 que \u201cse trata de una idea muy moderna de c\u00f3mo proteger la frontera utilizando diversos elementos de infraestructura, como erizos de hormig\u00f3n, zanjas antitanque, pero tambi\u00e9n elementos del entorno natural\u201d.<\/p>\n<p class=\"paragraph\">Polonia denunci\u00f3 desde 2021 en reiteradas ocasiones al r\u00e9gimen de Bielorrusia <b>por hacer uso de la crisis de refugiados en la frontera<\/b> para presionar al pa\u00eds en represalia por las sanciones lanzadas por la Uni\u00f3n Europea contra el Gobierno de Alexander Lukashenko tras su controvertida reelecci\u00f3n en las elecciones de 2020.<\/p>\n<p class=\"paragraph\">Coincidiendo con la invasi\u00f3n rusa de Ucrania, la situaci\u00f3n se ha agravado con Polonia insistiendo en sus quejas hacia Bielorrusia por intentar desestabilizar a los socios de Kiev. La Uni\u00f3n Europea, por su parte, ha subrayado que el \u2018escudo del este\u2019 no puede estar re\u00f1ido con el respeto a las normas internacionales, incluidas las leyes comunitarias de asilo.<\/p>\n<p class=\"paragraph\"><i>(Con informaci\u00f3n de EFE)<\/i><\/p>\n<\/div>\n<p><script defer=\"\">!function(f,b,e,v,n,t,s) {if(f.fbq)return;n=f.fbq=function(){n.callMethod? n.callMethod.apply(n,arguments):n.queue.push(arguments)}; if(!f._fbq)f._fbq=n;n.push=n;n.loaded=!0;n.version='2.0'; n.queue=[];t=b.createElement(e);t.async=!0; t.src=v;s=b.getElementsByTagName(e)[0]; s.parentNode.insertBefore(t,s)}(window, document,'script', ' fbq('init', '336383993555320'); fbq('track', 'PageView'); fbq('track', 'ViewContent');<\/script><script src=\"https:\/\/connect.facebook.net\/en_US\/sdk.js\" crossorigin=\"anonymous\" defer=\"\"><\/script><\/p>\n","protected":false},"excerpt":{"rendered":"<p>Barreras de concreto que forman parte de la fortificaci\u00f3n del Escudo del Este de Polonia, en la frontera del pa\u00eds con Rusia, en Dabrowka (AP Foto\/Czarek Sokolowski) El primer tramo de las fortificaciones conocidas como \u201cEscudo del Este\u201d a lo largo de las fronteras de Polonia con Rusia y Bielorrusia, ya est\u00e1 listo, de acuerdo [&hellip;]<\/p>\n","protected":false},"author":2,"featured_media":27475,"comment_status":"","ping_status":"","sticky":false,"template":"","format":"standard","meta":{"footnotes":""},"categories":[3],"tags":[],"_links":{"self":[{"href":"https:\/\/maxradio923.com.ar\/index.php\/wp-json\/wp\/v2\/posts\/27474"}],"collection":[{"href":"https:\/\/maxradio923.com.ar\/index.php\/wp-json\/wp\/v2\/posts"}],"about":[{"href":"https:\/\/maxradio923.com.ar\/index.php\/wp-json\/wp\/v2\/types\/post"}],"author":[{"embeddable":true,"href":"https:\/\/maxradio923.com.ar\/index.php\/wp-json\/wp\/v2\/users\/2"}],"replies":[{"embeddable":true,"href":"https:\/\/maxradio923.com.ar\/index.php\/wp-json\/wp\/v2\/comments?post=27474"}],"version-history":[{"count":0,"href":"https:\/\/maxradio923.com.ar\/index.php\/wp-json\/wp\/v2\/posts\/27474\/revisions"}],"wp:featuredmedia":[{"embeddable":true,"href":"https:\/\/maxradio923.com.ar\/index.php\/wp-json\/wp\/v2\/media\/27475"}],"wp:attachment":[{"href":"https:\/\/maxradio923.com.ar\/index.php\/wp-json\/wp\/v2\/media?parent=27474"}],"wp:term":[{"taxonomy":"category","embeddable":true,"href":"https:\/\/maxradio923.com.ar\/index.php\/wp-json\/wp\/v2\/categories?post=27474"},{"taxonomy":"post_tag","embeddable":true,"href":"https:\/\/maxradio923.com.ar\/index.php\/wp-json\/wp\/v2\/tags?post=27474"}],"curies":[{"name":"wp","href":"https:\/\/api.w.org\/{rel}","templated":true}]}}