{"id":27472,"date":"2024-11-30T18:30:02","date_gmt":"2024-11-30T21:30:02","guid":{"rendered":"https:\/\/maxradio923.com.ar\/index.php\/2024\/11\/30\/las-fuerzas-ucranianas-destruyeron-otros-tres-radares-rusos-en-crimea\/"},"modified":"2024-11-30T18:30:02","modified_gmt":"2024-11-30T21:30:02","slug":"las-fuerzas-ucranianas-destruyeron-otros-tres-radares-rusos-en-crimea","status":"publish","type":"post","link":"https:\/\/maxradio923.com.ar\/index.php\/2024\/11\/30\/las-fuerzas-ucranianas-destruyeron-otros-tres-radares-rusos-en-crimea\/","title":{"rendered":"Las fuerzas ucranianas destruyeron otros tres radares rusos en Crimea"},"content":{"rendered":"<p><\/p>\n<div>\n<div class=\" visual__image\"><picture><source srcset=\"https:\/\/www.infobae.com\/resizer\/v2\/PTEPZHCRDCELASD523FTDMA4YM.jpg?auth=10a7692a5d26f47e6a253ec51d8a1ba45e80a380f9b4bdf41f8248675bab9f82&amp;smart=true&amp;width=992&amp;height=661&amp;quality=85\" media=\"(min-width: 1000px)\"\/><source srcset=\"https:\/\/www.infobae.com\/resizer\/v2\/PTEPZHCRDCELASD523FTDMA4YM.jpg?auth=10a7692a5d26f47e6a253ec51d8a1ba45e80a380f9b4bdf41f8248675bab9f82&amp;smart=true&amp;width=768&amp;height=512&amp;quality=85\" media=\"(min-width: 768px)\"\/><source srcset=\"https:\/\/www.infobae.com\/resizer\/v2\/PTEPZHCRDCELASD523FTDMA4YM.jpg?auth=10a7692a5d26f47e6a253ec51d8a1ba45e80a380f9b4bdf41f8248675bab9f82&amp;smart=true&amp;width=577&amp;height=385&amp;quality=85\" media=\"(min-width: 580px)\"\/><source srcset=\"https:\/\/www.infobae.com\/resizer\/v2\/PTEPZHCRDCELASD523FTDMA4YM.jpg?auth=10a7692a5d26f47e6a253ec51d8a1ba45e80a380f9b4bdf41f8248675bab9f82&amp;smart=true&amp;width=420&amp;height=280&amp;quality=85\" media=\"(min-width: 350px)\"\/><source srcset=\"https:\/\/www.infobae.com\/resizer\/v2\/PTEPZHCRDCELASD523FTDMA4YM.jpg?auth=10a7692a5d26f47e6a253ec51d8a1ba45e80a380f9b4bdf41f8248675bab9f82&amp;smart=true&amp;width=350&amp;height=233&amp;quality=85\" media=\"(min-width: 80px)\"\/><img alt=\"Piezas de radar y otro equipamiento da\u00f1ado en una instalaci\u00f3n militar (AP Foto\/Sergei Grits\/Archivo)\" class=\"global-image\" decoding=\"async\" fetchpriority=\"high\" height=\"4667\" loading=\"eager\" src=\"https:\/\/www.infobae.com\/resizer\/v2\/PTEPZHCRDCELASD523FTDMA4YM.jpg?auth=10a7692a5d26f47e6a253ec51d8a1ba45e80a380f9b4bdf41f8248675bab9f82&amp;smart=true&amp;width=350&amp;height=233&amp;quality=85\" width=\"7000\"\/><\/picture><figcaption class=\"article-figcaption-img\">Piezas de radar y otro equipamiento da\u00f1ado en una instalaci\u00f3n militar (AP Foto\/Sergei Grits\/Archivo)<\/figcaption><\/div>\n<p class=\"paragraph\"><b>Ucrania<\/b> asegur\u00f3 este s\u00e1bado haber <b>destruido otros tres radares rusos<\/b> en la ocupada pen\u00ednsula de <b>Crimea<\/b> en unos ataques efectuados la v\u00edspera.<\/p>\n<p class=\"paragraph\">La <b>Inteligencia Militar de Ucrania<\/b>, GUR, indic\u00f3 en un mensaje de Telegram que se trata de <b>una unidad del radar Kasta-2e2<\/b> y de <b>dos unidades del Podlet<\/b>.<\/p>\n<p class=\"paragraph\">Un d\u00eda antes, <b>Ucrania destruy\u00f3 un sistema de radar Podlet <\/b>valorado en cerca de 5 millones de d\u00f3lares.<\/p>\n<p class=\"paragraph\">El GUR asegur\u00f3 que los golpes contra objetivos militares rusos continuar\u00e1n.<\/p>\n<p class=\"paragraph\">Rusia ocup\u00f3 la pen\u00ednsula en 2014 y desde entonces Ucrania intenta recuperarla, hasta ahora en vano.<\/p>\n<p class=\"paragraph\">En tanto, el presidente de Ucrania, <b>Volodimir Zelensky<\/b>, sugiri\u00f3 que se podr\u00eda alcanzar un acuerdo de alto el fuego en la guerra si el territorio que controla actualmente quedase \u201c<b>bajo el paraguas de la OTAN<\/b>\u201d y pudiese negociar la devoluci\u00f3n del resto m\u00e1s tarde de forma diplom\u00e1tica.<\/p>\n<p class=\"paragraph\">\u201c<b>Si queremos acabar la \u2018fase caliente\u2019 de la guerra, necesitamos poner bajo el paraguas de la OTAN el territorio de Ucrania que tenemos bajo control<\/b>. Necesitamos hacerlo r\u00e1pido y despu\u00e9s el resto del territorio (ocupado) se puede recuperar por la v\u00eda diplom\u00e1tica\u201d, pronunci\u00f3 el l\u00edder ucraniano en una entrevista con <i>Sky News<\/i>.<\/p>\n<div class=\" visual__image\"><picture><source srcset=\"https:\/\/www.infobae.com\/resizer\/v2\/GOYMM4FJPJD6NESMOJO4RBIDSU.jpg?auth=c6af79271aca1b53825369949594bb974e625fc3a0c9cbd60595d461018d1ddd&amp;smart=true&amp;width=992&amp;height=661&amp;quality=85\" media=\"(min-width: 1000px)\"\/><source srcset=\"https:\/\/www.infobae.com\/resizer\/v2\/GOYMM4FJPJD6NESMOJO4RBIDSU.jpg?auth=c6af79271aca1b53825369949594bb974e625fc3a0c9cbd60595d461018d1ddd&amp;smart=true&amp;width=768&amp;height=512&amp;quality=85\" media=\"(min-width: 768px)\"\/><source srcset=\"https:\/\/www.infobae.com\/resizer\/v2\/GOYMM4FJPJD6NESMOJO4RBIDSU.jpg?auth=c6af79271aca1b53825369949594bb974e625fc3a0c9cbd60595d461018d1ddd&amp;smart=true&amp;width=577&amp;height=385&amp;quality=85\" media=\"(min-width: 580px)\"\/><source srcset=\"https:\/\/www.infobae.com\/resizer\/v2\/GOYMM4FJPJD6NESMOJO4RBIDSU.jpg?auth=c6af79271aca1b53825369949594bb974e625fc3a0c9cbd60595d461018d1ddd&amp;smart=true&amp;width=420&amp;height=280&amp;quality=85\" media=\"(min-width: 350px)\"\/><source srcset=\"https:\/\/www.infobae.com\/resizer\/v2\/GOYMM4FJPJD6NESMOJO4RBIDSU.jpg?auth=c6af79271aca1b53825369949594bb974e625fc3a0c9cbd60595d461018d1ddd&amp;smart=true&amp;width=350&amp;height=233&amp;quality=85\" media=\"(min-width: 80px)\"\/><img alt=\"Volodimir Zelensky, presidente de Ucrania (Presidencia de Ucrania\/dpa\/Europa Press)\" class=\"global-image\" decoding=\"async\" fetchpriority=\"low\" height=\"1279\" loading=\"lazy\" src=\"https:\/\/www.infobae.com\/resizer\/v2\/GOYMM4FJPJD6NESMOJO4RBIDSU.jpg?auth=c6af79271aca1b53825369949594bb974e625fc3a0c9cbd60595d461018d1ddd&amp;smart=true&amp;width=350&amp;height=233&amp;quality=85\" width=\"1920\"\/><\/picture><figcaption class=\"article-figcaption-img\">Volodimir Zelensky, presidente de Ucrania (Presidencia de Ucrania\/dpa\/Europa Press)<\/figcaption><\/div>\n<p class=\"paragraph\">Zelensky respondi\u00f3 as\u00ed al veterano corresponsal <b>Stuart Ramsay<\/b>, que pidi\u00f3 al ucraniano que reaccionase a las informaciones de algunos medios de comunicaci\u00f3n que dec\u00edan que uno de los planes del presidente electo de Estados Unidos, <b>Donald Trump<\/b>, para poner fin a la guerra en Ucrania pod\u00eda ser que <b>Kiev cediera a Rusia la tierra que Mosc\u00fa ha anexionado a cambio de unirse a la OTAN<\/b>.<\/p>\n<p class=\"paragraph\">En este sentido, Zelensky coment\u00f3 que nadie les ha ofrecido oficialmente \u201c<b>entrar en la OTAN con solo una parte de Ucrania<\/b>\u201d y que para garantizar que el presidente de Rusia, <b>Vladimir Putin<\/b>, no regresar\u00e1 a tomar m\u00e1s territorio ucraniano era necesario un alto el fuego y que la Alianza cubriese \u201cinmediatamente\u201d la parte del pa\u00eds bajo el control de Kiev.<\/p>\n<p class=\"paragraph\">Sin embargo, matiz\u00f3: \u201c<b>La invitaci\u00f3n se debe extender a Ucrania bajo sus fronteras reconocidas internacionalmente<\/b>, no se puede incluir a solo una parte del pa\u00eds. \u00bfPor qu\u00e9? Porque as\u00ed admitir\u00edas que Ucrania es solo esa parte del territorio y que la otra parte es Rusia\u201d, algo que ir\u00eda contra la Constituci\u00f3n ucraniana.<\/p>\n<p class=\"paragraph\">En la primera entrevista de Zelensky a medios brit\u00e1nicos desde la victoria electoral de Trump, el presidente ucraniano dijo que<b> tendr\u00e1 que trabajar con el nuevo mandatario estadounidense y con su equipo para tener \u201cel mayor apoyo\u201d<\/b>, y confes\u00f3 que en su encuentro el pasado mes de septiembre en Nueva York tuvieron una conversaci\u00f3n \u201c<b>muy c\u00e1lida, buena y constructiva<\/b>\u201d.<\/p>\n<p class=\"paragraph\">Seg\u00fan apunta <i>Sky News<\/i>, es tambi\u00e9n la <b>primera vez que Zelensky insin\u00faa un acuerdo de alto el fuego que incluyese el control ruso de parte del territorio ucraniano<\/b>, pues a lo largo de todo el conflicto siempre se mostr\u00f3 reacio a ceder partes del pa\u00eds a Rusia, incluida Crimea, anexionada desde 2014, y Donetsk, Kherson, Luhansk y Zaporiya, declaradas unilateralmente rusas desde septiembre de 2022.<\/p>\n<p class=\"paragraph\"><b>La guerra en Ucrania ha escalado r\u00e1pidamente en estas \u00faltimas semanas<\/b>, especialmente despu\u00e9s de que Estados Unidos diese luz verde a Kiev para usar misiles de largo alcance contra objetivos militares en territorio ruso; a lo que Putin ha respondido recientemente con ataques m\u00faltiples y los nuevos misiles bal\u00edsticos hipers\u00f3nicos Or\u00e9shnik.<\/p>\n<p class=\"paragraph\"><i>(Con informaci\u00f3n de agencias)<\/i><\/p>\n<\/div>\n<p><script defer=\"\">!function(f,b,e,v,n,t,s) {if(f.fbq)return;n=f.fbq=function(){n.callMethod? n.callMethod.apply(n,arguments):n.queue.push(arguments)}; if(!f._fbq)f._fbq=n;n.push=n;n.loaded=!0;n.version='2.0'; n.queue=[];t=b.createElement(e);t.async=!0; t.src=v;s=b.getElementsByTagName(e)[0]; s.parentNode.insertBefore(t,s)}(window, document,'script', ' fbq('init', '336383993555320'); fbq('track', 'PageView'); fbq('track', 'ViewContent');<\/script><script src=\"https:\/\/connect.facebook.net\/en_US\/sdk.js\" crossorigin=\"anonymous\" defer=\"\"><\/script><\/p>\n","protected":false},"excerpt":{"rendered":"<p>Piezas de radar y otro equipamiento da\u00f1ado en una instalaci\u00f3n militar (AP Foto\/Sergei Grits\/Archivo) Ucrania asegur\u00f3 este s\u00e1bado haber destruido otros tres radares rusos en la ocupada pen\u00ednsula de Crimea en unos ataques efectuados la v\u00edspera. La Inteligencia Militar de Ucrania, GUR, indic\u00f3 en un mensaje de Telegram que se trata de una unidad del [&hellip;]<\/p>\n","protected":false},"author":2,"featured_media":27473,"comment_status":"","ping_status":"","sticky":false,"template":"","format":"standard","meta":{"footnotes":""},"categories":[3],"tags":[],"_links":{"self":[{"href":"https:\/\/maxradio923.com.ar\/index.php\/wp-json\/wp\/v2\/posts\/27472"}],"collection":[{"href":"https:\/\/maxradio923.com.ar\/index.php\/wp-json\/wp\/v2\/posts"}],"about":[{"href":"https:\/\/maxradio923.com.ar\/index.php\/wp-json\/wp\/v2\/types\/post"}],"author":[{"embeddable":true,"href":"https:\/\/maxradio923.com.ar\/index.php\/wp-json\/wp\/v2\/users\/2"}],"replies":[{"embeddable":true,"href":"https:\/\/maxradio923.com.ar\/index.php\/wp-json\/wp\/v2\/comments?post=27472"}],"version-history":[{"count":0,"href":"https:\/\/maxradio923.com.ar\/index.php\/wp-json\/wp\/v2\/posts\/27472\/revisions"}],"wp:featuredmedia":[{"embeddable":true,"href":"https:\/\/maxradio923.com.ar\/index.php\/wp-json\/wp\/v2\/media\/27473"}],"wp:attachment":[{"href":"https:\/\/maxradio923.com.ar\/index.php\/wp-json\/wp\/v2\/media?parent=27472"}],"wp:term":[{"taxonomy":"category","embeddable":true,"href":"https:\/\/maxradio923.com.ar\/index.php\/wp-json\/wp\/v2\/categories?post=27472"},{"taxonomy":"post_tag","embeddable":true,"href":"https:\/\/maxradio923.com.ar\/index.php\/wp-json\/wp\/v2\/tags?post=27472"}],"curies":[{"name":"wp","href":"https:\/\/api.w.org\/{rel}","templated":true}]}}