{"id":27471,"date":"2024-11-30T17:55:02","date_gmt":"2024-11-30T20:55:02","guid":{"rendered":"https:\/\/maxradio923.com.ar\/index.php\/2024\/11\/30\/volodimir-zelensky-expreso-las-condiciones-de-ucrania-para-iniciar-un-eventual-dialogo-de-paz-con-rusia\/"},"modified":"2024-11-30T17:55:02","modified_gmt":"2024-11-30T20:55:02","slug":"volodimir-zelensky-expreso-las-condiciones-de-ucrania-para-iniciar-un-eventual-dialogo-de-paz-con-rusia","status":"publish","type":"post","link":"https:\/\/maxradio923.com.ar\/index.php\/2024\/11\/30\/volodimir-zelensky-expreso-las-condiciones-de-ucrania-para-iniciar-un-eventual-dialogo-de-paz-con-rusia\/","title":{"rendered":"Volodimir Zelensky expres\u00f3 las condiciones de Ucrania para iniciar un eventual di\u00e1logo de paz con Rusia"},"content":{"rendered":"<p><\/p>\n<div>\n<div class=\" visual__image\"><picture><source srcset=\"https:\/\/www.infobae.com\/resizer\/v2\/YK2BL2WV5JA2VMKDXCHYHWO6VI.jpg?auth=1290f0fcb0b3efbe6264c2a665a66ebb67fd6c291297e7f3fa7323900b17d2ab&amp;smart=true&amp;width=992&amp;height=558&amp;quality=85\" media=\"(min-width: 1000px)\"\/><source srcset=\"https:\/\/www.infobae.com\/resizer\/v2\/YK2BL2WV5JA2VMKDXCHYHWO6VI.jpg?auth=1290f0fcb0b3efbe6264c2a665a66ebb67fd6c291297e7f3fa7323900b17d2ab&amp;smart=true&amp;width=768&amp;height=432&amp;quality=85\" media=\"(min-width: 768px)\"\/><source srcset=\"https:\/\/www.infobae.com\/resizer\/v2\/YK2BL2WV5JA2VMKDXCHYHWO6VI.jpg?auth=1290f0fcb0b3efbe6264c2a665a66ebb67fd6c291297e7f3fa7323900b17d2ab&amp;smart=true&amp;width=577&amp;height=325&amp;quality=85\" media=\"(min-width: 580px)\"\/><source srcset=\"https:\/\/www.infobae.com\/resizer\/v2\/YK2BL2WV5JA2VMKDXCHYHWO6VI.jpg?auth=1290f0fcb0b3efbe6264c2a665a66ebb67fd6c291297e7f3fa7323900b17d2ab&amp;smart=true&amp;width=420&amp;height=236&amp;quality=85\" media=\"(min-width: 350px)\"\/><source srcset=\"https:\/\/www.infobae.com\/resizer\/v2\/YK2BL2WV5JA2VMKDXCHYHWO6VI.jpg?auth=1290f0fcb0b3efbe6264c2a665a66ebb67fd6c291297e7f3fa7323900b17d2ab&amp;smart=true&amp;width=350&amp;height=197&amp;quality=85\" media=\"(min-width: 80px)\"\/><img alt=\"Volodimir Zelensky, presidente de Ucrania (EFE\/EPA\/SERGEY DOLZHENKO)&#10;\" class=\"global-image\" decoding=\"async\" fetchpriority=\"high\" height=\"1895\" loading=\"eager\" src=\"https:\/\/www.infobae.com\/resizer\/v2\/YK2BL2WV5JA2VMKDXCHYHWO6VI.jpg?auth=1290f0fcb0b3efbe6264c2a665a66ebb67fd6c291297e7f3fa7323900b17d2ab&amp;smart=true&amp;width=350&amp;height=197&amp;quality=85\" width=\"3368\"\/><\/picture><figcaption class=\"article-figcaption-img\">Volodimir Zelensky, presidente de Ucrania (EFE\/EPA\/SERGEY DOLZHENKO)<br \/>\n<\/figcaption><\/div>\n<p class=\"paragraph\">El presidente ucraniano, <b>Volodimir Zelensky<\/b>, sugiri\u00f3 que la \u201cetapa caliente\u201d de la guerra con Rusia podr\u00eda llegar si Ucrania pasa a formar parte de la <b>OTAN <\/b>y ha afirmado que, siempre y cuando se respeten las fronteras internacionales del pa\u00eds,<b> estar\u00eda abierto a recuperar sus territorios \u201cm\u00e1s tarde\u201d.<\/b><\/p>\n<p class=\"paragraph\"><b>\u201cSi queremos detener la fase caliente de la guerra, el territorio de Ucrania que tenemos bajo nuestro control debe ser tomado bajo el parag\u00fcas de la OTAN\u201d<\/b>, manifest\u00f3 el mandatario en una entrevista para la cadena brit\u00e1nica <i>Sky News<\/i> en la que ello \u201cle permitir\u00eda negociar la devoluci\u00f3n del resto (de territorios) m\u00e1s tarde de manera diplom\u00e1tica\u201d.<\/p>\n<p class=\"paragraph\">Zelensky ha insistido en el mantenimiento de las fronteras ucranianas \u201cinternacionalmente reconocidas\u201d como un requisito indispensable y ha reivindicado la necesidad de un alto el fuego para \u201cgarantizar que <b>Vladimir Putin<\/b> no volver\u00e1\u201d a hacerse con m\u00e1s terreno ucraniano.<\/p>\n<p class=\"paragraph\">As\u00ed las cosas, ha reconocido su voluntad de \u201ctrabajar con el nuevo presidente\u201d electo de Estados Unidos, <b>Donald Trump<\/b>, para \u201ccompartir ideas con \u00e9l y su opini\u00f3n\u201d.<\/p>\n<p class=\"paragraph\"><b>\u201cQuiero trabajar con \u00e9l directamente porque hay diferentes voces de gente a su alrededor. Y es por eso que no debemos permitir que nadie a nuestro alrededor destruya nuestra comunicaci\u00f3n\u201d<\/b>, ha apostillado el mandatario ucraniano a este respecto, recordando que ya han tenido un primer contacto \u201cc\u00e1lido, bueno y constructivo\u201d.<\/p>\n<p class=\"paragraph\">Desde la celebraci\u00f3n de las elecciones estadounidenses a comienzos de mes, Zelensky ha reiterado en varias ocasiones su voluntad de <b>\u201cmantener un di\u00e1logo estrecho y avanzar\u201d<\/b> en la cooperaci\u00f3n entre Washington y Kiev, defendiendo que \u201cun liderazgo fuerte e inquebrantable de Estados Unidos es vital para el mundo y para una paz justa\u201d, y \u201cvaloro el compromiso de Trump con el enfoque de \u2018paz a trav\u00e9s de la fuerza\u2019 en los asuntos internacionales\u201d.<\/p>\n<div class=\" visual__image\"><picture><source srcset=\"https:\/\/www.infobae.com\/resizer\/v2\/7ZZODUZBO6BAWY2ZB2RY5SG5JQ.jpg?auth=22d06e5a5f552bf6e371f62b3d60f47c53a196d4cad48eaaf52c2b87acb3b4cb&amp;smart=true&amp;width=992&amp;height=606&amp;quality=85\" media=\"(min-width: 1000px)\"\/><source srcset=\"https:\/\/www.infobae.com\/resizer\/v2\/7ZZODUZBO6BAWY2ZB2RY5SG5JQ.jpg?auth=22d06e5a5f552bf6e371f62b3d60f47c53a196d4cad48eaaf52c2b87acb3b4cb&amp;smart=true&amp;width=768&amp;height=469&amp;quality=85\" media=\"(min-width: 768px)\"\/><source srcset=\"https:\/\/www.infobae.com\/resizer\/v2\/7ZZODUZBO6BAWY2ZB2RY5SG5JQ.jpg?auth=22d06e5a5f552bf6e371f62b3d60f47c53a196d4cad48eaaf52c2b87acb3b4cb&amp;smart=true&amp;width=577&amp;height=353&amp;quality=85\" media=\"(min-width: 580px)\"\/><source srcset=\"https:\/\/www.infobae.com\/resizer\/v2\/7ZZODUZBO6BAWY2ZB2RY5SG5JQ.jpg?auth=22d06e5a5f552bf6e371f62b3d60f47c53a196d4cad48eaaf52c2b87acb3b4cb&amp;smart=true&amp;width=420&amp;height=257&amp;quality=85\" media=\"(min-width: 350px)\"\/><source srcset=\"https:\/\/www.infobae.com\/resizer\/v2\/7ZZODUZBO6BAWY2ZB2RY5SG5JQ.jpg?auth=22d06e5a5f552bf6e371f62b3d60f47c53a196d4cad48eaaf52c2b87acb3b4cb&amp;smart=true&amp;width=350&amp;height=214&amp;quality=85\" media=\"(min-width: 80px)\"\/><img alt=\"El presidente electo de EEUU, Donald Trump, y el mandatario ucraniano, Volodimir Zelensky (REUTERS\/Shannon Stapleton)\" class=\"global-image\" decoding=\"async\" fetchpriority=\"low\" height=\"2181\" loading=\"lazy\" src=\"https:\/\/www.infobae.com\/resizer\/v2\/7ZZODUZBO6BAWY2ZB2RY5SG5JQ.jpg?auth=22d06e5a5f552bf6e371f62b3d60f47c53a196d4cad48eaaf52c2b87acb3b4cb&amp;smart=true&amp;width=350&amp;height=214&amp;quality=85\" width=\"3435\"\/><\/picture><figcaption class=\"article-figcaption-img\">El presidente electo de EEUU, Donald Trump, y el mandatario ucraniano, Volodimir Zelensky (REUTERS\/Shannon Stapleton)<\/figcaption><\/div>\n<p class=\"paragraph\">Zelensky respondi\u00f3 as\u00ed al veterano corresponsal <b>Stuart Ramsay<\/b>, que pidi\u00f3 al ucraniano que reaccionase a las informaciones de algunos medios de comunicaci\u00f3n que dec\u00edan que uno de los planes del presidente electo de Estados Unidos, Donald Trump, para poner fin a la guerra en Ucrania pod\u00eda ser que Kiev cediera a Rusia la tierra que Mosc\u00fa ha anexionado a cambio de unirse a la OTAN.<\/p>\n<p class=\"paragraph\">En la primera entrevista de Zelensky a medios brit\u00e1nicos desde la victoria electoral de Trump, el presidente ucraniano dijo que tendr\u00e1 que trabajar con el nuevo mandatario estadounidense y con su equipo para tener \u201cel mayor apoyo\u201d, y confes\u00f3 que en su encuentro el pasado mes de septiembre en Nueva York tuvieron una conversaci\u00f3n \u201cmuy c\u00e1lida, buena y constructiva\u201d.<\/p>\n<p class=\"paragraph\">Seg\u00fan apunta<i> Sky News,<\/i> es tambi\u00e9n<b> la primera vez que Zelensky insin\u00faa un acuerdo de alto el fuego que incluyese el control ruso de parte del territorio ucraniano<\/b>, pues a lo largo de todo el conflicto siempre se mostr\u00f3 reacio a ceder partes del pa\u00eds a Rusia, incluida Crimea, anexionada desde 2014, y Donetsk, Kherson, Lugansk y Zaporizhzhia, declaradas unilateralmente rusas desde septiembre de 2022.<\/p>\n<p class=\"paragraph\">Rusia controla aproximadamente el 18% del territorio de Ucrania reconocido internacionalmente. Kiev ha descartado repetidamente ceder territorio a cambio de la paz, mientras que Putin ha exigido que el ej\u00e9rcito ucraniano se retire de m\u00e1s territorios.<\/p>\n<p class=\"paragraph\"><b>Putin ha pedido previamente a Kiev que renuncie a sus ambiciones de ingresar a la OTAN si quiere un acuerdo de paz.<\/b><\/p>\n<p class=\"paragraph\">La guerra en Ucrania, que ya dura casi tres a\u00f1os, tambi\u00e9n ha escalado r\u00e1pidamente en estas \u00faltimas semanas, especialmente despu\u00e9s de que Estados Unidos diese luz verde a Kiev para usar misiles de largo alcance contra objetivos militares en territorio ruso; a lo que Putin ha respondido recientemente con ataques m\u00faltiples y los nuevos misiles bal\u00edsticos hipers\u00f3nicos Or\u00e9shnik.<\/p>\n<p class=\"paragraph\"><i>(Con informaci\u00f3n de Europa Press)<\/i><\/p>\n<\/div>\n<p><script defer=\"\">!function(f,b,e,v,n,t,s) {if(f.fbq)return;n=f.fbq=function(){n.callMethod? n.callMethod.apply(n,arguments):n.queue.push(arguments)}; if(!f._fbq)f._fbq=n;n.push=n;n.loaded=!0;n.version='2.0'; n.queue=[];t=b.createElement(e);t.async=!0; t.src=v;s=b.getElementsByTagName(e)[0]; s.parentNode.insertBefore(t,s)}(window, document,'script', ' fbq('init', '336383993555320'); fbq('track', 'PageView'); fbq('track', 'ViewContent');<\/script><script src=\"https:\/\/connect.facebook.net\/en_US\/sdk.js\" crossorigin=\"anonymous\" defer=\"\"><\/script><\/p>\n","protected":false},"excerpt":{"rendered":"<p>Volodimir Zelensky, presidente de Ucrania (EFE\/EPA\/SERGEY DOLZHENKO) El presidente ucraniano, Volodimir Zelensky, sugiri\u00f3 que la \u201cetapa caliente\u201d de la guerra con Rusia podr\u00eda llegar si Ucrania pasa a formar parte de la OTAN y ha afirmado que, siempre y cuando se respeten las fronteras internacionales del pa\u00eds, estar\u00eda abierto a recuperar sus territorios \u201cm\u00e1s tarde\u201d. [&hellip;]<\/p>\n","protected":false},"author":2,"featured_media":26527,"comment_status":"","ping_status":"","sticky":false,"template":"","format":"standard","meta":{"footnotes":""},"categories":[3],"tags":[],"_links":{"self":[{"href":"https:\/\/maxradio923.com.ar\/index.php\/wp-json\/wp\/v2\/posts\/27471"}],"collection":[{"href":"https:\/\/maxradio923.com.ar\/index.php\/wp-json\/wp\/v2\/posts"}],"about":[{"href":"https:\/\/maxradio923.com.ar\/index.php\/wp-json\/wp\/v2\/types\/post"}],"author":[{"embeddable":true,"href":"https:\/\/maxradio923.com.ar\/index.php\/wp-json\/wp\/v2\/users\/2"}],"replies":[{"embeddable":true,"href":"https:\/\/maxradio923.com.ar\/index.php\/wp-json\/wp\/v2\/comments?post=27471"}],"version-history":[{"count":0,"href":"https:\/\/maxradio923.com.ar\/index.php\/wp-json\/wp\/v2\/posts\/27471\/revisions"}],"wp:featuredmedia":[{"embeddable":true,"href":"https:\/\/maxradio923.com.ar\/index.php\/wp-json\/wp\/v2\/media\/26527"}],"wp:attachment":[{"href":"https:\/\/maxradio923.com.ar\/index.php\/wp-json\/wp\/v2\/media?parent=27471"}],"wp:term":[{"taxonomy":"category","embeddable":true,"href":"https:\/\/maxradio923.com.ar\/index.php\/wp-json\/wp\/v2\/categories?post=27471"},{"taxonomy":"post_tag","embeddable":true,"href":"https:\/\/maxradio923.com.ar\/index.php\/wp-json\/wp\/v2\/tags?post=27471"}],"curies":[{"name":"wp","href":"https:\/\/api.w.org\/{rel}","templated":true}]}}