{"id":27467,"date":"2024-11-30T17:20:03","date_gmt":"2024-11-30T20:20:03","guid":{"rendered":"https:\/\/maxradio923.com.ar\/index.php\/2024\/11\/30\/crece-la-tension-en-siria-los-rebeldes-tomaron-el-control-del-aeropuerto-de-alepo\/"},"modified":"2024-11-30T17:20:03","modified_gmt":"2024-11-30T20:20:03","slug":"crece-la-tension-en-siria-los-rebeldes-tomaron-el-control-del-aeropuerto-de-alepo","status":"publish","type":"post","link":"https:\/\/maxradio923.com.ar\/index.php\/2024\/11\/30\/crece-la-tension-en-siria-los-rebeldes-tomaron-el-control-del-aeropuerto-de-alepo\/","title":{"rendered":"Crece la tensi\u00f3n en Siria: los rebeldes tomaron el control del aeropuerto de Alepo"},"content":{"rendered":"<p><\/p>\n<div>\n<div class=\" visual__image\"><picture><source srcset=\"https:\/\/www.infobae.com\/resizer\/v2\/FWU2QL7NINEDPF67K7GVTW23FY.jpg?auth=27c34531321ac73612a19a34a7230005b50e558d66a2a62955ce81aea8185839&amp;smart=true&amp;width=992&amp;height=661&amp;quality=85\" media=\"(min-width: 1000px)\"\/><source srcset=\"https:\/\/www.infobae.com\/resizer\/v2\/FWU2QL7NINEDPF67K7GVTW23FY.jpg?auth=27c34531321ac73612a19a34a7230005b50e558d66a2a62955ce81aea8185839&amp;smart=true&amp;width=768&amp;height=512&amp;quality=85\" media=\"(min-width: 768px)\"\/><source srcset=\"https:\/\/www.infobae.com\/resizer\/v2\/FWU2QL7NINEDPF67K7GVTW23FY.jpg?auth=27c34531321ac73612a19a34a7230005b50e558d66a2a62955ce81aea8185839&amp;smart=true&amp;width=577&amp;height=385&amp;quality=85\" media=\"(min-width: 580px)\"\/><source srcset=\"https:\/\/www.infobae.com\/resizer\/v2\/FWU2QL7NINEDPF67K7GVTW23FY.jpg?auth=27c34531321ac73612a19a34a7230005b50e558d66a2a62955ce81aea8185839&amp;smart=true&amp;width=420&amp;height=280&amp;quality=85\" media=\"(min-width: 350px)\"\/><source srcset=\"https:\/\/www.infobae.com\/resizer\/v2\/FWU2QL7NINEDPF67K7GVTW23FY.jpg?auth=27c34531321ac73612a19a34a7230005b50e558d66a2a62955ce81aea8185839&amp;smart=true&amp;width=350&amp;height=233&amp;quality=85\" media=\"(min-width: 80px)\"\/><img alt=\"Las fuerzas de oposici\u00f3n tomaron el control de zonas de Alepo (AP Photo\/Ghaith Alsayed) \" class=\"global-image\" decoding=\"async\" fetchpriority=\"high\" height=\"3748\" loading=\"eager\" src=\"https:\/\/www.infobae.com\/resizer\/v2\/FWU2QL7NINEDPF67K7GVTW23FY.jpg?auth=27c34531321ac73612a19a34a7230005b50e558d66a2a62955ce81aea8185839&amp;smart=true&amp;width=350&amp;height=233&amp;quality=85\" width=\"5621\"\/><\/picture><figcaption class=\"article-figcaption-img\">Las fuerzas de oposici\u00f3n tomaron el control de zonas de Alepo (AP Photo\/Ghaith Alsayed) <\/figcaption><\/div>\n<p class=\"paragraph\"><b>Rebeldes sirios tomaron el aeropuerto civil de Alepo<\/b>, en el norte de <b>Siria<\/b>, este s\u00e1bado, junto con varias localidades de las provincias de <b>Idlib<\/b> y <b>Hama<\/b>, inform\u00f3 el Observatorio Sirio para los Derechos Humanos (OSDH).<\/p>\n<p class=\"paragraph\">El grupo armado <b>Hayat Tahrir al Sham<\/b> y sus aliados \u201c<b>tomaron el aeropuerto internacional de Alepo<\/b>\u201d, en la periferia sureste de la ciudad, despu\u00e9s de que las fuerzas del r\u00e9gimen de <b>Bashar al Assad<\/b> se retiraran, indic\u00f3 el OSDH.<\/p>\n<p class=\"paragraph\">Tambi\u00e9n a\u00f1adi\u00f3 que <b>los rebeldes hab\u00edan progresado en Hama y en Idlib<\/b>, capturando \u201c<b>decenas de pueblos estrat\u00e9gicos sin encontrar resistencia<\/b>\u201d.<\/p>\n<p class=\"paragraph\">M\u00e1s temprano, el <b>Ej\u00e9rcito de Siria<\/b> admiti\u00f3 que <b>insurgentes penetraron en \u201camplias partes\u201d de Alepo<\/b> tras <b>una ofensiva fulminante de yihadistas y milicias rebeldes<\/b> que ha dejado <b>m\u00e1s de 300 muertos<\/b>.<\/p>\n<p class=\"paragraph\">\u201c<b>Decenas de hombres de nuestras fuerzas armadas murieron y otros resultaron heridos<\/b>\u201d cuando las \u201c<b>organizaciones terroristas lograron penetrar en amplias partes de barrios de la ciudad de Alepo<\/b>\u201d, indic\u00f3 el Ej\u00e9rcito, que detall\u00f3 que los combates abarcaron \u201c<b>un tramo de m\u00e1s de 100 kil\u00f3metros<\/b>\u201d.<\/p>\n<div class=\" visual__image\"><picture><source srcset=\"https:\/\/www.infobae.com\/resizer\/v2\/Q2DR5HYA3FD4JFAUN7QXGCT7LQ.jpg?auth=ede7cd643ac0b7d65bede8d1517177c8030304b310c3e812edc7d925d4dce41e&amp;smart=true&amp;width=992&amp;height=661&amp;quality=85\" media=\"(min-width: 1000px)\"\/><source srcset=\"https:\/\/www.infobae.com\/resizer\/v2\/Q2DR5HYA3FD4JFAUN7QXGCT7LQ.jpg?auth=ede7cd643ac0b7d65bede8d1517177c8030304b310c3e812edc7d925d4dce41e&amp;smart=true&amp;width=768&amp;height=512&amp;quality=85\" media=\"(min-width: 768px)\"\/><source srcset=\"https:\/\/www.infobae.com\/resizer\/v2\/Q2DR5HYA3FD4JFAUN7QXGCT7LQ.jpg?auth=ede7cd643ac0b7d65bede8d1517177c8030304b310c3e812edc7d925d4dce41e&amp;smart=true&amp;width=577&amp;height=385&amp;quality=85\" media=\"(min-width: 580px)\"\/><source srcset=\"https:\/\/www.infobae.com\/resizer\/v2\/Q2DR5HYA3FD4JFAUN7QXGCT7LQ.jpg?auth=ede7cd643ac0b7d65bede8d1517177c8030304b310c3e812edc7d925d4dce41e&amp;smart=true&amp;width=420&amp;height=280&amp;quality=85\" media=\"(min-width: 350px)\"\/><source srcset=\"https:\/\/www.infobae.com\/resizer\/v2\/Q2DR5HYA3FD4JFAUN7QXGCT7LQ.jpg?auth=ede7cd643ac0b7d65bede8d1517177c8030304b310c3e812edc7d925d4dce41e&amp;smart=true&amp;width=350&amp;height=233&amp;quality=85\" media=\"(min-width: 80px)\"\/><img alt=\"El grupo armado Hayat Tahrir al Sham y sus aliados tomaron el aeropuerto internacional de Alepo, en la periferia sureste de la ciudad (AP Photo\/Ghaith Alsayed)\" class=\"global-image\" decoding=\"async\" fetchpriority=\"low\" height=\"4000\" loading=\"lazy\" src=\"https:\/\/www.infobae.com\/resizer\/v2\/Q2DR5HYA3FD4JFAUN7QXGCT7LQ.jpg?auth=ede7cd643ac0b7d65bede8d1517177c8030304b310c3e812edc7d925d4dce41e&amp;smart=true&amp;width=350&amp;height=233&amp;quality=85\" width=\"6000\"\/><\/picture><figcaption class=\"article-figcaption-img\">El grupo armado Hayat Tahrir al Sham y sus aliados tomaron el aeropuerto internacional de Alepo, en la periferia sureste de la ciudad (AP Photo\/Ghaith Alsayed)<\/figcaption><\/div>\n<p class=\"paragraph\">El Observatorio Sirio de los Derechos Humanos ya hab\u00eda reportado este s\u00e1bado que <b>Hayat Tahrir al Sham<\/b> y facciones aliadas tomaron \u201c<b>el control de la mayor parte de la ciudad, y de edificios gubernamentales y prisiones<\/b>\u201d. Este observatorio explic\u00f3 que, por la noche, \u201c<b>aviones de guerra rusos lanzaron incursiones en zonas de la ciudad de Alepo por primera vez desde 2016<\/b>\u2033.<\/p>\n<p class=\"paragraph\">El r\u00e9gimen de <b>Bashar al Assad<\/b> recuper\u00f3 en 2015 el control de gran parte de Siria, gracias al apoyo militar de <b>Rusia, Ir\u00e1n y del grupo terrorista liban\u00e9s Hezbollah<\/b>.<\/p>\n<p class=\"paragraph\">En 2016, Al Assad restableci\u00f3 su autoridad en Alepo, que fue objetivo de masivos bombardeos desde que estall\u00f3 la guerra civil en Siria en 2011.<\/p>\n<p class=\"paragraph\">Pero, todav\u00eda hay amplios sectores del territorio que escapan a su control: <b>Hayat Tahrir al Sham<\/b>, una alianza yihadista liderada por la ex rama siria de <b>Al Qaeda<\/b>, controla partes de la regi\u00f3n de Idlib, en el noroeste de Siria, y tambi\u00e9n porciones de las vecinas provincias de Alepo, Hama y Latakia.<\/p>\n<p class=\"paragraph\">Los rebeldes <b>emprendieron una ofensiva rel\u00e1mpago<\/b> contra las fuerzas del r\u00e9gimen de Al Assad el mi\u00e9rcoles, coincidiendo con la entrada en vigor de un fr\u00e1gil alto el fuego en el vecino L\u00edbano entre Israel y el movimiento proiran\u00ed liban\u00e9s Hezbollah despu\u00e9s de dos meses de guerra abierta.<\/p>\n<div class=\" visual__image\"><picture><source srcset=\"https:\/\/www.infobae.com\/resizer\/v2\/2GLDFPPKHFCOZMQ32K3CK7JUTY.jpg?auth=98c09f588c658c8cc133bf6d9b067ecfd75f00ef6755588db6b7df3c78ecab04&amp;smart=true&amp;width=992&amp;height=661&amp;quality=85\" media=\"(min-width: 1000px)\"\/><source srcset=\"https:\/\/www.infobae.com\/resizer\/v2\/2GLDFPPKHFCOZMQ32K3CK7JUTY.jpg?auth=98c09f588c658c8cc133bf6d9b067ecfd75f00ef6755588db6b7df3c78ecab04&amp;smart=true&amp;width=768&amp;height=512&amp;quality=85\" media=\"(min-width: 768px)\"\/><source srcset=\"https:\/\/www.infobae.com\/resizer\/v2\/2GLDFPPKHFCOZMQ32K3CK7JUTY.jpg?auth=98c09f588c658c8cc133bf6d9b067ecfd75f00ef6755588db6b7df3c78ecab04&amp;smart=true&amp;width=577&amp;height=385&amp;quality=85\" media=\"(min-width: 580px)\"\/><source srcset=\"https:\/\/www.infobae.com\/resizer\/v2\/2GLDFPPKHFCOZMQ32K3CK7JUTY.jpg?auth=98c09f588c658c8cc133bf6d9b067ecfd75f00ef6755588db6b7df3c78ecab04&amp;smart=true&amp;width=420&amp;height=280&amp;quality=85\" media=\"(min-width: 350px)\"\/><source srcset=\"https:\/\/www.infobae.com\/resizer\/v2\/2GLDFPPKHFCOZMQ32K3CK7JUTY.jpg?auth=98c09f588c658c8cc133bf6d9b067ecfd75f00ef6755588db6b7df3c78ecab04&amp;smart=true&amp;width=350&amp;height=233&amp;quality=85\" media=\"(min-width: 80px)\"\/><img alt=\"Combatientes antigubernamentales viajan en un veh\u00edculo en la ciudad de Alepo, en el norte de Siria (Omar HAJ KADOUR\/AFP)\" class=\"global-image\" decoding=\"async\" fetchpriority=\"low\" height=\"4000\" loading=\"lazy\" src=\"https:\/\/www.infobae.com\/resizer\/v2\/2GLDFPPKHFCOZMQ32K3CK7JUTY.jpg?auth=98c09f588c658c8cc133bf6d9b067ecfd75f00ef6755588db6b7df3c78ecab04&amp;smart=true&amp;width=350&amp;height=233&amp;quality=85\" width=\"6000\"\/><\/picture><figcaption class=\"article-figcaption-img\">Combatientes antigubernamentales viajan en un veh\u00edculo en la ciudad de Alepo, en el norte de Siria (Omar HAJ KADOUR\/AFP)<\/figcaption><\/div>\n<p class=\"paragraph\">El ministro de Exteriores del r\u00e9gimen turco, <b>Hakan Fidan<\/b>, asegur\u00f3 este s\u00e1bado que <b>su pa\u00eds no est\u00e1 implicado en la ofensiva lanzada el mi\u00e9rcoles pasado<\/b> contra la dictadura de <b>Bashar al Assad<\/b>, que ha llegado ya hasta la ciudad de Alepo.<\/p>\n<p class=\"paragraph\">\u201c<b>Turqu\u00eda no interviene en los combates que tienen lugar en Alepo<\/b>. Se est\u00e1n tomando precauciones. No lanzaremos ninguna acci\u00f3n que pueda desencadenar una nueva ola migratoria\u201d, dijo Fidan, citado por el diario turco <i>H\u00fcrriyet<\/i>.<\/p>\n<p class=\"paragraph\">El ministro hizo estas declaraciones a la prensa despu\u00e9s de su intervenci\u00f3n en el Foro Mundial organizado en Estambul por <i>TRT<\/i>, la cadena p\u00fablica turca.<\/p>\n<p class=\"paragraph\">La ofensiva de las milicias islamistas <b>Organismo de Liberaci\u00f3n del Levante<\/b> parti\u00f3 el mi\u00e9rcoles de <b>Idlib<\/b>, \u00faltimo basti\u00f3n controlado por la oposici\u00f3n a Al Assad.<\/p>\n<p class=\"paragraph\"><b>La regi\u00f3n est\u00e1 tambi\u00e9n parcialmente controlada por el ej\u00e9rcito turco<\/b>, que respalda a varios grupos armados sirios en las regiones que domina al norte y oeste de Alepo.<\/p>\n<div class=\" visual__image\"><picture><source srcset=\"https:\/\/www.infobae.com\/resizer\/v2\/Q7OKTIXZKNGRJOGWRD572LYBCE.jpg?auth=8e9d6a1490ca1af901e3b0ad3830800974a88e7afb7149e8d08fb02bbcf3a720&amp;smart=true&amp;width=992&amp;height=661&amp;quality=85\" media=\"(min-width: 1000px)\"\/><source srcset=\"https:\/\/www.infobae.com\/resizer\/v2\/Q7OKTIXZKNGRJOGWRD572LYBCE.jpg?auth=8e9d6a1490ca1af901e3b0ad3830800974a88e7afb7149e8d08fb02bbcf3a720&amp;smart=true&amp;width=768&amp;height=512&amp;quality=85\" media=\"(min-width: 768px)\"\/><source srcset=\"https:\/\/www.infobae.com\/resizer\/v2\/Q7OKTIXZKNGRJOGWRD572LYBCE.jpg?auth=8e9d6a1490ca1af901e3b0ad3830800974a88e7afb7149e8d08fb02bbcf3a720&amp;smart=true&amp;width=577&amp;height=385&amp;quality=85\" media=\"(min-width: 580px)\"\/><source srcset=\"https:\/\/www.infobae.com\/resizer\/v2\/Q7OKTIXZKNGRJOGWRD572LYBCE.jpg?auth=8e9d6a1490ca1af901e3b0ad3830800974a88e7afb7149e8d08fb02bbcf3a720&amp;smart=true&amp;width=420&amp;height=280&amp;quality=85\" media=\"(min-width: 350px)\"\/><source srcset=\"https:\/\/www.infobae.com\/resizer\/v2\/Q7OKTIXZKNGRJOGWRD572LYBCE.jpg?auth=8e9d6a1490ca1af901e3b0ad3830800974a88e7afb7149e8d08fb02bbcf3a720&amp;smart=true&amp;width=350&amp;height=233&amp;quality=85\" media=\"(min-width: 80px)\"\/><img alt=\"Nubes de humo se alzan en medio de combates entre facciones de la oposici\u00f3n y soldados del r\u00e9gimen sirio en Majdaliya, Alepo (AP Foto\/Ghaith Alsayed)\" class=\"global-image\" decoding=\"async\" fetchpriority=\"low\" height=\"4000\" loading=\"lazy\" src=\"https:\/\/www.infobae.com\/resizer\/v2\/Q7OKTIXZKNGRJOGWRD572LYBCE.jpg?auth=8e9d6a1490ca1af901e3b0ad3830800974a88e7afb7149e8d08fb02bbcf3a720&amp;smart=true&amp;width=350&amp;height=233&amp;quality=85\" width=\"6000\"\/><\/picture><figcaption class=\"article-figcaption-img\">Nubes de humo se alzan en medio de combates entre facciones de la oposici\u00f3n y soldados del r\u00e9gimen sirio en Majdaliya, Alepo (AP Foto\/Ghaith Alsayed)<\/figcaption><\/div>\n<p class=\"paragraph\"><b>Turqu\u00eda lleva meses se\u00f1alando su disposici\u00f3n a negociar con el dictador sirio, Bashar al Assad<\/b>, la posible reanudaci\u00f3n de las relaciones diplom\u00e1ticas rotas con el inicio de la guerra civil siria en 2011.<\/p>\n<p class=\"paragraph\">No obstante, <b>de momento no se divisa un acuerdo<\/b>, dado que Damasco condiciona ese paso a la retirada de las tropas turcas del territorio sirio, algo que Ankara no ve practicable en estos momentos.<\/p>\n<p class=\"paragraph\">El r\u00e9gimen turco ha reiterado su respeto a la integridad territorial siria, pero el propio Fidan record\u00f3 en septiembre pasado que en las zonas ahora controladas por Turqu\u00eda viven \u201ccinco millones de personas que no conf\u00edan en el r\u00e9gimen\u201d.<\/p>\n<p class=\"paragraph\">Una retirada de las tropas turcas impulsar\u00eda a gran parte de esta poblaci\u00f3n a buscar refugio en Turqu\u00eda, agreg\u00f3 entonces el ministro, que abog\u00f3 por \u201c<b>un marco pol\u00edtico en el que se pongan de acuerdo r\u00e9gimen y oposici\u00f3n<\/b>\u201d para evitar esa oleada migratoria.<\/p>\n<p class=\"paragraph\">Los grupos rebeldes aliados con Turqu\u00eda han protestado en los \u00faltimos meses contra todo intento de reconciliaci\u00f3n entre Ankara y Damasco y la actual ofensiva parece alejar ese objetivo.<\/p>\n<p class=\"paragraph\"><i>(Con informaci\u00f3n de AFP y EFE)<\/i><\/p>\n<\/div>\n<p><script defer=\"\">!function(f,b,e,v,n,t,s) {if(f.fbq)return;n=f.fbq=function(){n.callMethod? n.callMethod.apply(n,arguments):n.queue.push(arguments)}; if(!f._fbq)f._fbq=n;n.push=n;n.loaded=!0;n.version='2.0'; n.queue=[];t=b.createElement(e);t.async=!0; t.src=v;s=b.getElementsByTagName(e)[0]; s.parentNode.insertBefore(t,s)}(window, document,'script', ' fbq('init', '336383993555320'); fbq('track', 'PageView'); fbq('track', 'ViewContent');<\/script><script src=\"https:\/\/connect.facebook.net\/en_US\/sdk.js\" crossorigin=\"anonymous\" defer=\"\"><\/script><\/p>\n","protected":false},"excerpt":{"rendered":"<p>Las fuerzas de oposici\u00f3n tomaron el control de zonas de Alepo (AP Photo\/Ghaith Alsayed) Rebeldes sirios tomaron el aeropuerto civil de Alepo, en el norte de Siria, este s\u00e1bado, junto con varias localidades de las provincias de Idlib y Hama, inform\u00f3 el Observatorio Sirio para los Derechos Humanos (OSDH). El grupo armado Hayat Tahrir al [&hellip;]<\/p>\n","protected":false},"author":2,"featured_media":27468,"comment_status":"","ping_status":"","sticky":false,"template":"","format":"standard","meta":{"footnotes":""},"categories":[3],"tags":[],"_links":{"self":[{"href":"https:\/\/maxradio923.com.ar\/index.php\/wp-json\/wp\/v2\/posts\/27467"}],"collection":[{"href":"https:\/\/maxradio923.com.ar\/index.php\/wp-json\/wp\/v2\/posts"}],"about":[{"href":"https:\/\/maxradio923.com.ar\/index.php\/wp-json\/wp\/v2\/types\/post"}],"author":[{"embeddable":true,"href":"https:\/\/maxradio923.com.ar\/index.php\/wp-json\/wp\/v2\/users\/2"}],"replies":[{"embeddable":true,"href":"https:\/\/maxradio923.com.ar\/index.php\/wp-json\/wp\/v2\/comments?post=27467"}],"version-history":[{"count":0,"href":"https:\/\/maxradio923.com.ar\/index.php\/wp-json\/wp\/v2\/posts\/27467\/revisions"}],"wp:featuredmedia":[{"embeddable":true,"href":"https:\/\/maxradio923.com.ar\/index.php\/wp-json\/wp\/v2\/media\/27468"}],"wp:attachment":[{"href":"https:\/\/maxradio923.com.ar\/index.php\/wp-json\/wp\/v2\/media?parent=27467"}],"wp:term":[{"taxonomy":"category","embeddable":true,"href":"https:\/\/maxradio923.com.ar\/index.php\/wp-json\/wp\/v2\/categories?post=27467"},{"taxonomy":"post_tag","embeddable":true,"href":"https:\/\/maxradio923.com.ar\/index.php\/wp-json\/wp\/v2\/tags?post=27467"}],"curies":[{"name":"wp","href":"https:\/\/api.w.org\/{rel}","templated":true}]}}