{"id":27463,"date":"2024-11-30T16:45:03","date_gmt":"2024-11-30T19:45:03","guid":{"rendered":"https:\/\/maxradio923.com.ar\/index.php\/2024\/11\/30\/josep-borrell-se-despidio-como-alto-representante-de-la-ue-con-una-advertencia-europa-esta-en-peligro\/"},"modified":"2024-11-30T16:45:03","modified_gmt":"2024-11-30T19:45:03","slug":"josep-borrell-se-despidio-como-alto-representante-de-la-ue-con-una-advertencia-europa-esta-en-peligro","status":"publish","type":"post","link":"https:\/\/maxradio923.com.ar\/index.php\/2024\/11\/30\/josep-borrell-se-despidio-como-alto-representante-de-la-ue-con-una-advertencia-europa-esta-en-peligro\/","title":{"rendered":"Josep Borrell se despidi\u00f3 como alto representante de la UE con una advertencia: \u201cEuropa est\u00e1 en peligro\u201d"},"content":{"rendered":"<p><\/p>\n<div>\n<div class=\" visual__image\"><picture><source srcset=\"https:\/\/www.infobae.com\/resizer\/v2\/CZL7NLEJCWKDXL4BQ74HQBCEQA.jpg?auth=13c328ec38018685790a6206b1ef4628e725f0771fd69d7dfa9f01053d877805&amp;smart=true&amp;width=992&amp;height=661&amp;quality=85\" media=\"(min-width: 1000px)\"\/><source srcset=\"https:\/\/www.infobae.com\/resizer\/v2\/CZL7NLEJCWKDXL4BQ74HQBCEQA.jpg?auth=13c328ec38018685790a6206b1ef4628e725f0771fd69d7dfa9f01053d877805&amp;smart=true&amp;width=768&amp;height=512&amp;quality=85\" media=\"(min-width: 768px)\"\/><source srcset=\"https:\/\/www.infobae.com\/resizer\/v2\/CZL7NLEJCWKDXL4BQ74HQBCEQA.jpg?auth=13c328ec38018685790a6206b1ef4628e725f0771fd69d7dfa9f01053d877805&amp;smart=true&amp;width=577&amp;height=385&amp;quality=85\" media=\"(min-width: 580px)\"\/><source srcset=\"https:\/\/www.infobae.com\/resizer\/v2\/CZL7NLEJCWKDXL4BQ74HQBCEQA.jpg?auth=13c328ec38018685790a6206b1ef4628e725f0771fd69d7dfa9f01053d877805&amp;smart=true&amp;width=420&amp;height=280&amp;quality=85\" media=\"(min-width: 350px)\"\/><source srcset=\"https:\/\/www.infobae.com\/resizer\/v2\/CZL7NLEJCWKDXL4BQ74HQBCEQA.jpg?auth=13c328ec38018685790a6206b1ef4628e725f0771fd69d7dfa9f01053d877805&amp;smart=true&amp;width=350&amp;height=233&amp;quality=85\" media=\"(min-width: 80px)\"\/><img alt=\"El alto responsable de la pol\u00edtica exterior de la Uni\u00f3n Europea, Josep Borrell (REUTERS\/Mohamed Azakir)\" class=\"global-image\" decoding=\"async\" fetchpriority=\"high\" height=\"3667\" loading=\"eager\" src=\"https:\/\/www.infobae.com\/resizer\/v2\/CZL7NLEJCWKDXL4BQ74HQBCEQA.jpg?auth=13c328ec38018685790a6206b1ef4628e725f0771fd69d7dfa9f01053d877805&amp;smart=true&amp;width=350&amp;height=233&amp;quality=85\" width=\"5500\"\/><\/picture><figcaption class=\"article-figcaption-img\">El alto responsable de la pol\u00edtica exterior de la Uni\u00f3n Europea, Josep Borrell (REUTERS\/Mohamed Azakir)<\/figcaption><\/div>\n<p class=\"paragraph\">El alto representante de la <b>Uni\u00f3n Europea<\/b> (UE) para Asuntos Exteriores, <b>Josep Borrell<\/b>, se despidi\u00f3 este s\u00e1bado del cargo recordando lo que dijo a su llegada hace cinco a\u00f1os cuando advirti\u00f3 de que <b>\u201cEuropa est\u00e1 en peligro y ha de aprender a hablar el lenguaje del poder\u201d.<\/b><\/p>\n<p class=\"paragraph\"><b>\u201cTodo pasa y todo queda\u201d<\/b>, a\u00f1adi\u00f3 Borrell en un mensaje publicado en redes sociales parafraseando el famoso verso del poeta espa\u00f1ol Antonio Machado.<\/p>\n<p class=\"paragraph\">El hasta ahora jefe de la diplomacia agradeci\u00f3 <b>\u201cla confianza depositada\u201d<\/b>, as\u00ed como el esfuerzo realizado por sus colaboradores y el Servicio Europeo de Acci\u00f3n Exterior (SEAE).<\/p>\n<p class=\"paragraph\"><b>\u201cAl marchar, repito lo que dije al llegar: Europa est\u00e1 en peligro y ha de aprender a hablar el lenguaje del poder\u201d<\/b>, afirm\u00f3 el alto representante para Asuntos Exteriores y Pol\u00edtica de Seguridad en su mensaje en redes, acompa\u00f1ado de un v\u00eddeo en el que resume algunos de los momentos m\u00e1s destacados de su mandato, marcado por la pandemia de covid-19 y las guerras en Ucrania y Oriente Medio.<\/p>\n<p class=\"paragraph\">El pol\u00edtico espa\u00f1ol, que lleg\u00f3 al cargo el 1 de diciembre de 2019, tambi\u00e9n ostent\u00f3 previamente el cargo de presidente del Parlamento Europeo entre julio de 2004 y enero de 2007.<\/p>\n<p class=\"paragraph\">Su sucesora en el cargo de alta representante de la UE para Asuntos Exteriores, la ex primera ministra estonia <b>Kaja Kallas<\/b>, por su parte, se\u00f1al\u00f3, tambi\u00e9n hoy en redes sociales, que para ella \u201ces un inmenso honor seguir sus pasos despu\u00e9s de cinco a\u00f1os dif\u00edciles en la configuraci\u00f3n de la pol\u00edtica exterior y de seguridad de la UE\u201d.<\/p>\n<div class=\" visual__image\"><picture><source srcset=\"https:\/\/www.infobae.com\/resizer\/v2\/MF5FLYRJWWRO7UK3FLLGOI7X2U.jpg?auth=c278d9bd2f20f2656a502c93e384bf1edf814b162278d8c52959092ca0af6337&amp;smart=true&amp;width=992&amp;height=661&amp;quality=85\" media=\"(min-width: 1000px)\"\/><source srcset=\"https:\/\/www.infobae.com\/resizer\/v2\/MF5FLYRJWWRO7UK3FLLGOI7X2U.jpg?auth=c278d9bd2f20f2656a502c93e384bf1edf814b162278d8c52959092ca0af6337&amp;smart=true&amp;width=768&amp;height=512&amp;quality=85\" media=\"(min-width: 768px)\"\/><source srcset=\"https:\/\/www.infobae.com\/resizer\/v2\/MF5FLYRJWWRO7UK3FLLGOI7X2U.jpg?auth=c278d9bd2f20f2656a502c93e384bf1edf814b162278d8c52959092ca0af6337&amp;smart=true&amp;width=577&amp;height=385&amp;quality=85\" media=\"(min-width: 580px)\"\/><source srcset=\"https:\/\/www.infobae.com\/resizer\/v2\/MF5FLYRJWWRO7UK3FLLGOI7X2U.jpg?auth=c278d9bd2f20f2656a502c93e384bf1edf814b162278d8c52959092ca0af6337&amp;smart=true&amp;width=420&amp;height=280&amp;quality=85\" media=\"(min-width: 350px)\"\/><source srcset=\"https:\/\/www.infobae.com\/resizer\/v2\/MF5FLYRJWWRO7UK3FLLGOI7X2U.jpg?auth=c278d9bd2f20f2656a502c93e384bf1edf814b162278d8c52959092ca0af6337&amp;smart=true&amp;width=350&amp;height=233&amp;quality=85\" media=\"(min-width: 80px)\"\/><img alt=\"La vicepresidenta designada de la Comisi\u00f3n Europea y alta representante designada para Asuntos Exteriores y Pol\u00edtica de Seguridad, Kaja Kallas (REUTERS\/Yves Herman)\" class=\"global-image\" decoding=\"async\" fetchpriority=\"low\" height=\"3616\" loading=\"lazy\" src=\"https:\/\/www.infobae.com\/resizer\/v2\/MF5FLYRJWWRO7UK3FLLGOI7X2U.jpg?auth=c278d9bd2f20f2656a502c93e384bf1edf814b162278d8c52959092ca0af6337&amp;smart=true&amp;width=350&amp;height=233&amp;quality=85\" width=\"5424\"\/><\/picture><figcaption class=\"article-figcaption-img\">La vicepresidenta designada de la Comisi\u00f3n Europea y alta representante designada para Asuntos Exteriores y Pol\u00edtica de Seguridad, Kaja Kallas (REUTERS\/Yves Herman)<\/figcaption><\/div>\n<p class=\"paragraph\">Durante su audiencia con los eurodiputados el pasado 12 de noviembre, Kallas apunt\u00f3 a las guerras en <b>Ucrania y Oriente Medio<\/b> como \u201cprioridades urgentes\u201d para sus pr\u00f3ximos cinco a\u00f1os al frente de la diplomacia europea y advirti\u00f3 de las amenazas que suponen <b>Rusia, China, Corea del Norte e Ir\u00e1n<\/b>.<\/p>\n<p class=\"paragraph\">Borrell, afirm\u00f3 este viernes que la amenaza de Rusia ser\u00e1 cada vez mayor para la UE y pidi\u00f3 a los Estados miembros unidad y evitar la fragmentaci\u00f3n para impulsar su industria militar.<\/p>\n<p class=\"paragraph\"><b>\u201cLa amenaza que Rusia representa para nosotros se va a hacer cada vez m\u00e1s grande, y los europeos tienen que despertar\u201d<\/b>, asegur\u00f3 Borrell durante una conferencia en el Foro Europa de Bruselas, junto al consejero delegado de Airbus, Guillaume Faury.<\/p>\n<p class=\"paragraph\">El jefe de la diplomacia comunitaria, que ma\u00f1ana concluye su mandato de cinco a\u00f1os y el 1 de diciembre ser\u00e1 sustituido por la ex primera ministra estonia Kaja Kallas, record\u00f3 que Kiev volvi\u00f3 a ser fuertemente bombardeado el jueves por las fuerzas rusas y alert\u00f3 a Europa que tiene que pasar a la acci\u00f3n.<\/p>\n<p class=\"paragraph\"><b>\u201cUna de las maneras de despertar es crear m\u00e1s capacidades de defensa y, en particular, en el dominio del aire y el espacio\u201d<\/b>, apunt\u00f3, y advirti\u00f3 de la desventaja que tiene Ucrania en cuando a defensas a\u00e9reas.<\/p>\n<p class=\"paragraph\">Borrell lament\u00f3 que la UE no haya avanzado tanto en las capacidades a\u00e9reas de defensa como en la rama civil, y consider\u00f3 que la causa sigue siendo la fragmentaci\u00f3n en la demanda.<\/p>\n<div class=\" visual__image\"><picture><source srcset=\"https:\/\/www.infobae.com\/resizer\/v2\/5XOFDIBEGOOS3RB6EUXG7YZMRU.jpg?auth=4186d7372b4f16abc3aeedea7c477a3c780cc332a4ec48e61e17af8d00d1e507&amp;smart=true&amp;width=992&amp;height=661&amp;quality=85\" media=\"(min-width: 1000px)\"\/><source srcset=\"https:\/\/www.infobae.com\/resizer\/v2\/5XOFDIBEGOOS3RB6EUXG7YZMRU.jpg?auth=4186d7372b4f16abc3aeedea7c477a3c780cc332a4ec48e61e17af8d00d1e507&amp;smart=true&amp;width=768&amp;height=512&amp;quality=85\" media=\"(min-width: 768px)\"\/><source srcset=\"https:\/\/www.infobae.com\/resizer\/v2\/5XOFDIBEGOOS3RB6EUXG7YZMRU.jpg?auth=4186d7372b4f16abc3aeedea7c477a3c780cc332a4ec48e61e17af8d00d1e507&amp;smart=true&amp;width=577&amp;height=385&amp;quality=85\" media=\"(min-width: 580px)\"\/><source srcset=\"https:\/\/www.infobae.com\/resizer\/v2\/5XOFDIBEGOOS3RB6EUXG7YZMRU.jpg?auth=4186d7372b4f16abc3aeedea7c477a3c780cc332a4ec48e61e17af8d00d1e507&amp;smart=true&amp;width=420&amp;height=280&amp;quality=85\" media=\"(min-width: 350px)\"\/><source srcset=\"https:\/\/www.infobae.com\/resizer\/v2\/5XOFDIBEGOOS3RB6EUXG7YZMRU.jpg?auth=4186d7372b4f16abc3aeedea7c477a3c780cc332a4ec48e61e17af8d00d1e507&amp;smart=true&amp;width=350&amp;height=233&amp;quality=85\" media=\"(min-width: 80px)\"\/><img alt=\"El Alto Representante de la Uni\u00f3n Europea, Josep Borrell, hace un gesto al salir del segundo d\u00eda de la reuni\u00f3n de ministros de Asuntos Exteriores del G7 en Fiuggi, Italia (REUTERS\/Remo Casilli)\" class=\"global-image\" decoding=\"async\" fetchpriority=\"low\" height=\"2246\" loading=\"lazy\" src=\"https:\/\/www.infobae.com\/resizer\/v2\/5XOFDIBEGOOS3RB6EUXG7YZMRU.jpg?auth=4186d7372b4f16abc3aeedea7c477a3c780cc332a4ec48e61e17af8d00d1e507&amp;smart=true&amp;width=350&amp;height=233&amp;quality=85\" width=\"3271\"\/><\/picture><figcaption class=\"article-figcaption-img\">El Alto Representante de la Uni\u00f3n Europea, Josep Borrell, hace un gesto al salir del segundo d\u00eda de la reuni\u00f3n de ministros de Asuntos Exteriores del G7 en Fiuggi, Italia (REUTERS\/Remo Casilli)<\/figcaption><\/div>\n<p class=\"paragraph\"><b>\u201cCada Estado miembro tiene su demanda y compiten entre ellos como si a\u00fan estuvieran en los tiempos en los que eran enemigos\u201d<\/b>, indic\u00f3.<\/p>\n<p class=\"paragraph\">Pese a que esa \u00e9poca ha quedado en el pasado, Borrell dijo que <b>\u201cno hemos superado esta fragmentaci\u00f3n de la mente, de la dimensi\u00f3n estructural de las empresas que producen los equipos a\u00e9reos o capacidades militares\u201d.<\/b><\/p>\n<p class=\"paragraph\"><b>\u201cLa demanda no viene de un solo Pent\u00e1gono, que es el que demanda los equipos para el ej\u00e9rcito\u201d<\/b>, coment\u00f3, en referencia a la organizaci\u00f3n de la defensa en Estados Unidos.<\/p>\n<p class=\"paragraph\">En esa l\u00ednea, Faury afirm\u00f3 que la UE compra \u201cm\u00e1s de la mitad\u201d de sus adquisiciones militares fuera de su territorio dado que todos y cada uno de los pa\u00edses se encargan de su propia defensa y seguridad, tienen su propia agencia de compras de defensa y \u201catienden sus propias necesidades porque tienen sus propias fuerzas armadas\u201d.<\/p>\n<p class=\"paragraph\"><b>\u201cHoy en d\u00eda no hay forma de avanzar en defensa sin una consolidaci\u00f3n de la demanda y una consolidaci\u00f3n de la oferta, pero la consolidaci\u00f3n de la oferta no puede tener lugar si no hay una consolidaci\u00f3n de la demanda\u201d<\/b>, coment\u00f3 el consejero delegado de Airbus.<\/p>\n<p class=\"paragraph\">Si se dan esas condiciones, dijo, ser\u00e1 posible \u201ccrear empresas, proyectos y programas a una escala que nos d\u00e9 el potencial para ser fuertes, competitivos de cara al futuro\u201d, y apunt\u00f3 que aunque la UE cuenta con la tecnolog\u00eda necesaria no tiene a\u00fan la escala suficiente.<\/p>\n<p class=\"paragraph\"><i>(Con informaci\u00f3n de EFE)<\/i><\/p>\n<\/div>\n<p><script defer=\"\">!function(f,b,e,v,n,t,s) {if(f.fbq)return;n=f.fbq=function(){n.callMethod? n.callMethod.apply(n,arguments):n.queue.push(arguments)}; if(!f._fbq)f._fbq=n;n.push=n;n.loaded=!0;n.version='2.0'; n.queue=[];t=b.createElement(e);t.async=!0; t.src=v;s=b.getElementsByTagName(e)[0]; s.parentNode.insertBefore(t,s)}(window, document,'script', ' fbq('init', '336383993555320'); fbq('track', 'PageView'); fbq('track', 'ViewContent');<\/script><script src=\"https:\/\/connect.facebook.net\/en_US\/sdk.js\" crossorigin=\"anonymous\" defer=\"\"><\/script><\/p>\n","protected":false},"excerpt":{"rendered":"<p>El alto responsable de la pol\u00edtica exterior de la Uni\u00f3n Europea, Josep Borrell (REUTERS\/Mohamed Azakir) El alto representante de la Uni\u00f3n Europea (UE) para Asuntos Exteriores, Josep Borrell, se despidi\u00f3 este s\u00e1bado del cargo recordando lo que dijo a su llegada hace cinco a\u00f1os cuando advirti\u00f3 de que \u201cEuropa est\u00e1 en peligro y ha de [&hellip;]<\/p>\n","protected":false},"author":2,"featured_media":27464,"comment_status":"","ping_status":"","sticky":false,"template":"","format":"standard","meta":{"footnotes":""},"categories":[3],"tags":[],"_links":{"self":[{"href":"https:\/\/maxradio923.com.ar\/index.php\/wp-json\/wp\/v2\/posts\/27463"}],"collection":[{"href":"https:\/\/maxradio923.com.ar\/index.php\/wp-json\/wp\/v2\/posts"}],"about":[{"href":"https:\/\/maxradio923.com.ar\/index.php\/wp-json\/wp\/v2\/types\/post"}],"author":[{"embeddable":true,"href":"https:\/\/maxradio923.com.ar\/index.php\/wp-json\/wp\/v2\/users\/2"}],"replies":[{"embeddable":true,"href":"https:\/\/maxradio923.com.ar\/index.php\/wp-json\/wp\/v2\/comments?post=27463"}],"version-history":[{"count":0,"href":"https:\/\/maxradio923.com.ar\/index.php\/wp-json\/wp\/v2\/posts\/27463\/revisions"}],"wp:featuredmedia":[{"embeddable":true,"href":"https:\/\/maxradio923.com.ar\/index.php\/wp-json\/wp\/v2\/media\/27464"}],"wp:attachment":[{"href":"https:\/\/maxradio923.com.ar\/index.php\/wp-json\/wp\/v2\/media?parent=27463"}],"wp:term":[{"taxonomy":"category","embeddable":true,"href":"https:\/\/maxradio923.com.ar\/index.php\/wp-json\/wp\/v2\/categories?post=27463"},{"taxonomy":"post_tag","embeddable":true,"href":"https:\/\/maxradio923.com.ar\/index.php\/wp-json\/wp\/v2\/tags?post=27463"}],"curies":[{"name":"wp","href":"https:\/\/api.w.org\/{rel}","templated":true}]}}