{"id":27459,"date":"2024-11-30T16:10:02","date_gmt":"2024-11-30T19:10:02","guid":{"rendered":"https:\/\/maxradio923.com.ar\/index.php\/2024\/11\/30\/rusia-abordo-con-los-regimenes-de-iran-y-turquia-la-peligrosa-escalada-en-siria\/"},"modified":"2024-11-30T16:10:02","modified_gmt":"2024-11-30T19:10:02","slug":"rusia-abordo-con-los-regimenes-de-iran-y-turquia-la-peligrosa-escalada-en-siria","status":"publish","type":"post","link":"https:\/\/maxradio923.com.ar\/index.php\/2024\/11\/30\/rusia-abordo-con-los-regimenes-de-iran-y-turquia-la-peligrosa-escalada-en-siria\/","title":{"rendered":"Rusia abord\u00f3 con los reg\u00edmenes de Ir\u00e1n y Turqu\u00eda la \u201cpeligrosa\u201d escalada en Siria"},"content":{"rendered":"<p><\/p>\n<div>\n<div class=\" visual__image\"><picture><source srcset=\"https:\/\/www.infobae.com\/resizer\/v2\/36THITGKGOXAZGTPARNABVSUKQ.jpg?auth=e182f25c568258603d04569c66251afdd4127da7d23c6db6d8487ea2bfa52d7b&amp;smart=true&amp;width=992&amp;height=661&amp;quality=85\" media=\"(min-width: 1000px)\"\/><source srcset=\"https:\/\/www.infobae.com\/resizer\/v2\/36THITGKGOXAZGTPARNABVSUKQ.jpg?auth=e182f25c568258603d04569c66251afdd4127da7d23c6db6d8487ea2bfa52d7b&amp;smart=true&amp;width=768&amp;height=512&amp;quality=85\" media=\"(min-width: 768px)\"\/><source srcset=\"https:\/\/www.infobae.com\/resizer\/v2\/36THITGKGOXAZGTPARNABVSUKQ.jpg?auth=e182f25c568258603d04569c66251afdd4127da7d23c6db6d8487ea2bfa52d7b&amp;smart=true&amp;width=577&amp;height=385&amp;quality=85\" media=\"(min-width: 580px)\"\/><source srcset=\"https:\/\/www.infobae.com\/resizer\/v2\/36THITGKGOXAZGTPARNABVSUKQ.jpg?auth=e182f25c568258603d04569c66251afdd4127da7d23c6db6d8487ea2bfa52d7b&amp;smart=true&amp;width=420&amp;height=280&amp;quality=85\" media=\"(min-width: 350px)\"\/><source srcset=\"https:\/\/www.infobae.com\/resizer\/v2\/36THITGKGOXAZGTPARNABVSUKQ.jpg?auth=e182f25c568258603d04569c66251afdd4127da7d23c6db6d8487ea2bfa52d7b&amp;smart=true&amp;width=350&amp;height=233&amp;quality=85\" media=\"(min-width: 80px)\"\/><img alt=\"Combatientes de la oposici\u00f3n siria frente a la Universidad de Alepo, despu\u00e9s de que los rebeldes dijeran que hab\u00edan alcanzado el coraz\u00f3n de Alepo (REUTERS\/Mahmoud Hasano)\" class=\"global-image\" decoding=\"async\" fetchpriority=\"high\" height=\"528\" loading=\"eager\" src=\"https:\/\/www.infobae.com\/resizer\/v2\/36THITGKGOXAZGTPARNABVSUKQ.jpg?auth=e182f25c568258603d04569c66251afdd4127da7d23c6db6d8487ea2bfa52d7b&amp;smart=true&amp;width=350&amp;height=233&amp;quality=85\" width=\"800\"\/><\/picture><figcaption class=\"article-figcaption-img\">Combatientes de la oposici\u00f3n siria frente a la Universidad de Alepo, despu\u00e9s de que los rebeldes dijeran que hab\u00edan alcanzado el coraz\u00f3n de Alepo (REUTERS\/Mahmoud Hasano)<\/figcaption><\/div>\n<p class=\"paragraph\">El ministro de Asuntos Exteriores ruso, <b>Sergei Lavrov<\/b>, se comunic\u00f3 telef\u00f3nicamente el s\u00e1bado con sus hom\u00f3logos iran\u00ed y turco para expresar su preocupaci\u00f3n por la \u201cpeligrosa\u201d escalada de hostilidades en Siria, seg\u00fan inform\u00f3 Mosc\u00fa.<\/p>\n<p class=\"paragraph\">Los combatientes rebeldes iniciaron una ofensiva contra la dictadura siria, respaldada por los reg\u00edmenes de <b>Ir\u00e1n y Rusia<\/b>, a principios de esta semana, lo que llev\u00f3 a <b>Mosc\u00fa <\/b>a lanzar ataques a\u00e9reos en ayuda de su aliado.<\/p>\n<p class=\"paragraph\">Lavrov se comunic\u00f3 telef\u00f3nicamente por separado con sus hom\u00f3logos turco e iran\u00ed un d\u00eda despu\u00e9s de que Rusia anunciara la acci\u00f3n militar.<\/p>\n<p class=\"paragraph\">\u00c9l y el m\u00e1ximo diplom\u00e1tico turco, <b>Hakan Fidan<\/b>, \u201cexpresaron su profunda preocupaci\u00f3n\u201d y afirmaron la necesidad de \u201ccoordinar acciones conjuntas para estabilizar la situaci\u00f3n\u201d, seg\u00fan inform\u00f3 el Ministerio de Asuntos Exteriores ruso en su lectura de la llamada.<\/p>\n<p class=\"paragraph\">En una llamada telef\u00f3nica con el ministro de Asuntos Exteriores iran\u00ed,<b> Abbas Araghchi<\/b>, ambas partes expresaron un \u201cfuerte apoyo\u201d a la soberan\u00eda de Siria y pidieron \u201cesfuerzos conjuntos destinados a estabilizar la situaci\u00f3n\u201d, seg\u00fan el ministerio.<\/p>\n<p class=\"paragraph\">Mosc\u00fa es el principal aliado militar del dictador sirio <b>Bashar al Assad<\/b>, habiendo cambiado el rumbo de la guerra civil a su favor cuando intervino en 2015.<\/p>\n<div class=\" visual__image\"><picture><source srcset=\"https:\/\/www.infobae.com\/resizer\/v2\/BXDLUFZK2RGVFBNTGX2Y2VH7BU.jpg?auth=9c8a1d05c688d7d3868b07eea5de18b6fe025bd09b47ece3f37b7895baaa4534&amp;smart=true&amp;width=992&amp;height=661&amp;quality=85\" media=\"(min-width: 1000px)\"\/><source srcset=\"https:\/\/www.infobae.com\/resizer\/v2\/BXDLUFZK2RGVFBNTGX2Y2VH7BU.jpg?auth=9c8a1d05c688d7d3868b07eea5de18b6fe025bd09b47ece3f37b7895baaa4534&amp;smart=true&amp;width=768&amp;height=512&amp;quality=85\" media=\"(min-width: 768px)\"\/><source srcset=\"https:\/\/www.infobae.com\/resizer\/v2\/BXDLUFZK2RGVFBNTGX2Y2VH7BU.jpg?auth=9c8a1d05c688d7d3868b07eea5de18b6fe025bd09b47ece3f37b7895baaa4534&amp;smart=true&amp;width=577&amp;height=385&amp;quality=85\" media=\"(min-width: 580px)\"\/><source srcset=\"https:\/\/www.infobae.com\/resizer\/v2\/BXDLUFZK2RGVFBNTGX2Y2VH7BU.jpg?auth=9c8a1d05c688d7d3868b07eea5de18b6fe025bd09b47ece3f37b7895baaa4534&amp;smart=true&amp;width=420&amp;height=280&amp;quality=85\" media=\"(min-width: 350px)\"\/><source srcset=\"https:\/\/www.infobae.com\/resizer\/v2\/BXDLUFZK2RGVFBNTGX2Y2VH7BU.jpg?auth=9c8a1d05c688d7d3868b07eea5de18b6fe025bd09b47ece3f37b7895baaa4534&amp;smart=true&amp;width=350&amp;height=233&amp;quality=85\" media=\"(min-width: 80px)\"\/><img alt=\"Los yihadistas quemaron una imagen del dictador sirio Bashar al Assad frente a un edificio tomado en el \u00e1rea de Zarbah (AAREF WATAD \/ AFP)\" class=\"global-image\" decoding=\"async\" fetchpriority=\"low\" height=\"3589\" loading=\"lazy\" src=\"https:\/\/www.infobae.com\/resizer\/v2\/BXDLUFZK2RGVFBNTGX2Y2VH7BU.jpg?auth=9c8a1d05c688d7d3868b07eea5de18b6fe025bd09b47ece3f37b7895baaa4534&amp;smart=true&amp;width=350&amp;height=233&amp;quality=85\" width=\"5383\"\/><\/picture><figcaption class=\"article-figcaption-img\">Los yihadistas quemaron una imagen del dictador sirio Bashar al Assad frente a un edificio tomado en el \u00e1rea de Zarbah (AAREF WATAD \/ AFP)<\/figcaption><\/div>\n<p class=\"paragraph\">Los ministros de Exteriores de Rusia, <b>Sergu\u00e9i Lavrov<\/b>, e Ir\u00e1n, <b>Ab\u00e1s Araqch\u00ed<\/b>, expresaron este s\u00e1bado su \u201cextrema preocupaci\u00f3n\u201d por la escala del conflicto en Siria, en el curso de una conversaci\u00f3n telef\u00f3nica celebrada por iniciativa de Teher\u00e1n,.<\/p>\n<p class=\"paragraph\"><b>\u201cAmbas partes expresaron su extrema preocupaci\u00f3n por la peligrosa escalada de la situaci\u00f3n en Siria en relaci\u00f3n con el ataque terrorista de grupos armados en las provincias de Alepo e Idlib\u201d<\/b>, se afirma en un comunicado publicado en la web de la diplomacia rusa.<\/p>\n<p class=\"paragraph\">Los ministros, a\u00f1ade la nota de prensa, confirmaron su firme apoyo a la soberan\u00eda e integridad territorial de la Rep\u00fablica \u00c1rabe Siria.<\/p>\n<p class=\"paragraph\"><b>Lavrov y Arakchi<\/b> coincidieron en la necesidad de intensificar los esfuerzos conjuntos para estabilizar la situaci\u00f3n en Siria y realizar una revisi\u00f3n integral urgente de la situaci\u00f3n en el marco del formato de Astan\u00e1 para el arreglo del conflicto en pa\u00eds \u00e1rabe.<\/p>\n<p class=\"paragraph\">El ministro de Exteriores de Rusia tambi\u00e9n mantuvo una conversaci\u00f3n telef\u00f3nica con su hom\u00f3logo turco, Hakan Fidan, en la que ambos manifestaron su<b> \u201cprofunda preocupaci\u00f3n por el peligroso desarrollo de la situaci\u00f3n en Siria debido a la escalada militar e las provincias de Alepo e Idlib\u201d<\/b>, inform\u00f3 la canciller\u00eda rusa.<\/p>\n<p class=\"paragraph\">Fidan asegur\u00f3 este s\u00e1bado que su pa\u00eds no est\u00e1 implicado en la ofensiva lanzada el mi\u00e9rcoles pasado contra el Gobierno de Bachar al Asad, que ha llegado ya hasta la ciudad de Alepo.<\/p>\n<div class=\" visual__image\"><picture><source srcset=\"https:\/\/www.infobae.com\/resizer\/v2\/2KQP2CRXPBGE7PIVEXXZJMNP7I.jpg?auth=bf0d67999aaeddeba54ee84687f91dd582aebbd9fe627c8346d731e91e5cce70&amp;smart=true&amp;width=992&amp;height=661&amp;quality=85\" media=\"(min-width: 1000px)\"\/><source srcset=\"https:\/\/www.infobae.com\/resizer\/v2\/2KQP2CRXPBGE7PIVEXXZJMNP7I.jpg?auth=bf0d67999aaeddeba54ee84687f91dd582aebbd9fe627c8346d731e91e5cce70&amp;smart=true&amp;width=768&amp;height=512&amp;quality=85\" media=\"(min-width: 768px)\"\/><source srcset=\"https:\/\/www.infobae.com\/resizer\/v2\/2KQP2CRXPBGE7PIVEXXZJMNP7I.jpg?auth=bf0d67999aaeddeba54ee84687f91dd582aebbd9fe627c8346d731e91e5cce70&amp;smart=true&amp;width=577&amp;height=385&amp;quality=85\" media=\"(min-width: 580px)\"\/><source srcset=\"https:\/\/www.infobae.com\/resizer\/v2\/2KQP2CRXPBGE7PIVEXXZJMNP7I.jpg?auth=bf0d67999aaeddeba54ee84687f91dd582aebbd9fe627c8346d731e91e5cce70&amp;smart=true&amp;width=420&amp;height=280&amp;quality=85\" media=\"(min-width: 350px)\"\/><source srcset=\"https:\/\/www.infobae.com\/resizer\/v2\/2KQP2CRXPBGE7PIVEXXZJMNP7I.jpg?auth=bf0d67999aaeddeba54ee84687f91dd582aebbd9fe627c8346d731e91e5cce70&amp;smart=true&amp;width=350&amp;height=233&amp;quality=85\" media=\"(min-width: 80px)\"\/><img alt=\"Las fuerzas de la oposici\u00f3n toman el control de \u00e1reas en las afueras de Alepo (AP\/Ghaith Alsayed)\" class=\"global-image\" decoding=\"async\" fetchpriority=\"low\" height=\"3746\" loading=\"lazy\" src=\"https:\/\/www.infobae.com\/resizer\/v2\/2KQP2CRXPBGE7PIVEXXZJMNP7I.jpg?auth=bf0d67999aaeddeba54ee84687f91dd582aebbd9fe627c8346d731e91e5cce70&amp;smart=true&amp;width=350&amp;height=233&amp;quality=85\" width=\"5618\"\/><\/picture><figcaption class=\"article-figcaption-img\">Las fuerzas de la oposici\u00f3n toman el control de \u00e1reas en las afueras de Alepo (AP\/Ghaith Alsayed)<\/figcaption><\/div>\n<p class=\"paragraph\"><b>\u201cTurqu\u00eda no interviene en los combates que tienen lugar en Alepo. Se est\u00e1n tomando precauciones. No lanzaremos ninguna acci\u00f3n que pueda desencadenar una nueva ola migratoria\u201d<\/b>, dijo el ministro de Exteriores turco, citado por el diario H\u00fcrriyet.<\/p>\n<p class=\"paragraph\">El ministro hizo estas declaraciones a la prensa despu\u00e9s de su intervenci\u00f3n en el <b>Foro Mundial <\/b>organizado en Estambul por TRT, la cadena p\u00fablica turca.<\/p>\n<p class=\"paragraph\">La ofensiva de las milicias islamistas<b> Organismo de Liberaci\u00f3n del Levante <\/b>comenz\u00f3 el mi\u00e9rcoles desde Idlib, \u00faltimo basti\u00f3n controlado por la oposici\u00f3n a Asad.<\/p>\n<p class=\"paragraph\">La regi\u00f3n est\u00e1 tambi\u00e9n parcialmente controlada por el ej\u00e9rcito turco, que respalda a varios grupos armados sirios en las regiones que domina al norte y oeste de <b>Alepo<\/b>.<\/p>\n<p class=\"paragraph\"><i>(Con informaci\u00f3n de AFP y EFE)<\/i><\/p>\n<\/div>\n<p><script defer=\"\">!function(f,b,e,v,n,t,s) {if(f.fbq)return;n=f.fbq=function(){n.callMethod? n.callMethod.apply(n,arguments):n.queue.push(arguments)}; if(!f._fbq)f._fbq=n;n.push=n;n.loaded=!0;n.version='2.0'; n.queue=[];t=b.createElement(e);t.async=!0; t.src=v;s=b.getElementsByTagName(e)[0]; s.parentNode.insertBefore(t,s)}(window, document,'script', ' fbq('init', '336383993555320'); fbq('track', 'PageView'); fbq('track', 'ViewContent');<\/script><script src=\"https:\/\/connect.facebook.net\/en_US\/sdk.js\" crossorigin=\"anonymous\" defer=\"\"><\/script><\/p>\n","protected":false},"excerpt":{"rendered":"<p>Combatientes de la oposici\u00f3n siria frente a la Universidad de Alepo, despu\u00e9s de que los rebeldes dijeran que hab\u00edan alcanzado el coraz\u00f3n de Alepo (REUTERS\/Mahmoud Hasano) El ministro de Asuntos Exteriores ruso, Sergei Lavrov, se comunic\u00f3 telef\u00f3nicamente el s\u00e1bado con sus hom\u00f3logos iran\u00ed y turco para expresar su preocupaci\u00f3n por la \u201cpeligrosa\u201d escalada de hostilidades [&hellip;]<\/p>\n","protected":false},"author":2,"featured_media":27460,"comment_status":"","ping_status":"","sticky":false,"template":"","format":"standard","meta":{"footnotes":""},"categories":[3],"tags":[],"_links":{"self":[{"href":"https:\/\/maxradio923.com.ar\/index.php\/wp-json\/wp\/v2\/posts\/27459"}],"collection":[{"href":"https:\/\/maxradio923.com.ar\/index.php\/wp-json\/wp\/v2\/posts"}],"about":[{"href":"https:\/\/maxradio923.com.ar\/index.php\/wp-json\/wp\/v2\/types\/post"}],"author":[{"embeddable":true,"href":"https:\/\/maxradio923.com.ar\/index.php\/wp-json\/wp\/v2\/users\/2"}],"replies":[{"embeddable":true,"href":"https:\/\/maxradio923.com.ar\/index.php\/wp-json\/wp\/v2\/comments?post=27459"}],"version-history":[{"count":0,"href":"https:\/\/maxradio923.com.ar\/index.php\/wp-json\/wp\/v2\/posts\/27459\/revisions"}],"wp:featuredmedia":[{"embeddable":true,"href":"https:\/\/maxradio923.com.ar\/index.php\/wp-json\/wp\/v2\/media\/27460"}],"wp:attachment":[{"href":"https:\/\/maxradio923.com.ar\/index.php\/wp-json\/wp\/v2\/media?parent=27459"}],"wp:term":[{"taxonomy":"category","embeddable":true,"href":"https:\/\/maxradio923.com.ar\/index.php\/wp-json\/wp\/v2\/categories?post=27459"},{"taxonomy":"post_tag","embeddable":true,"href":"https:\/\/maxradio923.com.ar\/index.php\/wp-json\/wp\/v2\/tags?post=27459"}],"curies":[{"name":"wp","href":"https:\/\/api.w.org\/{rel}","templated":true}]}}