{"id":27448,"date":"2024-11-30T14:20:03","date_gmt":"2024-11-30T17:20:03","guid":{"rendered":"https:\/\/maxradio923.com.ar\/index.php\/2024\/11\/30\/euforia-antiburocratica-en-menos-de-seis-horas-hubo-mas-de-1-200-denuncias-contra-normas-del-estado\/"},"modified":"2024-11-30T14:20:03","modified_gmt":"2024-11-30T17:20:03","slug":"euforia-antiburocratica-en-menos-de-seis-horas-hubo-mas-de-1-200-denuncias-contra-normas-del-estado","status":"publish","type":"post","link":"https:\/\/maxradio923.com.ar\/index.php\/2024\/11\/30\/euforia-antiburocratica-en-menos-de-seis-horas-hubo-mas-de-1-200-denuncias-contra-normas-del-estado\/","title":{"rendered":"Euforia antiburocr\u00e1tica: en menos de seis horas hubo m\u00e1s de 1.200 denuncias contra normas del Estado"},"content":{"rendered":"<p><\/p>\n<div>\n<div class=\" visual__image\"><picture><source srcset=\"https:\/\/www.infobae.com\/resizer\/v2\/23R3WRU4INAIRMS2KIOOWKU774.jpg?auth=48e5b3d5b624ae96cc3b4c3c511b51047b30fa4325437a5b535ae46071029498&amp;smart=true&amp;width=992&amp;height=558&amp;quality=85\" media=\"(min-width: 1000px)\"\/><source srcset=\"https:\/\/www.infobae.com\/resizer\/v2\/23R3WRU4INAIRMS2KIOOWKU774.jpg?auth=48e5b3d5b624ae96cc3b4c3c511b51047b30fa4325437a5b535ae46071029498&amp;smart=true&amp;width=768&amp;height=432&amp;quality=85\" media=\"(min-width: 768px)\"\/><source srcset=\"https:\/\/www.infobae.com\/resizer\/v2\/23R3WRU4INAIRMS2KIOOWKU774.jpg?auth=48e5b3d5b624ae96cc3b4c3c511b51047b30fa4325437a5b535ae46071029498&amp;smart=true&amp;width=577&amp;height=325&amp;quality=85\" media=\"(min-width: 580px)\"\/><source srcset=\"https:\/\/www.infobae.com\/resizer\/v2\/23R3WRU4INAIRMS2KIOOWKU774.jpg?auth=48e5b3d5b624ae96cc3b4c3c511b51047b30fa4325437a5b535ae46071029498&amp;smart=true&amp;width=420&amp;height=236&amp;quality=85\" media=\"(min-width: 350px)\"\/><source srcset=\"https:\/\/www.infobae.com\/resizer\/v2\/23R3WRU4INAIRMS2KIOOWKU774.jpg?auth=48e5b3d5b624ae96cc3b4c3c511b51047b30fa4325437a5b535ae46071029498&amp;smart=true&amp;width=350&amp;height=197&amp;quality=85\" media=\"(min-width: 80px)\"\/><img alt=\"Milei y el ministro de Desregulaci\u00f3n, Federico Sturzenegger, eliminando ravioles en un organigrama del Estado\" class=\"global-image\" decoding=\"async\" fetchpriority=\"high\" height=\"1080\" loading=\"eager\" src=\"https:\/\/www.infobae.com\/resizer\/v2\/23R3WRU4INAIRMS2KIOOWKU774.jpg?auth=48e5b3d5b624ae96cc3b4c3c511b51047b30fa4325437a5b535ae46071029498&amp;smart=true&amp;width=350&amp;height=197&amp;quality=85\" width=\"1920\"\/><\/picture><figcaption class=\"article-figcaption-img\">Milei y el ministro de Desregulaci\u00f3n, Federico Sturzenegger, eliminando ravioles en un organigrama del Estado<\/figcaption><\/div>\n<p class=\"paragraph\">En menos de 6 horas el ministerio de Desregulaci\u00f3n y Transformaci\u00f3n del Estado, que encabeza <b>Federico Sturzenegger<\/b>, recibi\u00f3 m\u00e1s de 1.200 denuncias de ciudadanos argentinos sobre tr\u00e1mites que los denunciantes consideran engorrosos, innecesarios o fuente de corrupci\u00f3n, precis\u00f3 el secretario de Transformaci\u00f3n del Estado y virtual viceministro del \u00e1rea, el economista<b> Maximiliano Fari\u00f1a.<\/b><\/p>\n<p class=\"paragraph\">Entrevistado por LN + Fari\u00f1a se declar\u00f3 \u201csorprendido\u201d por la rapidez y el volumen de la respuesta ciudadana al sitio \u201cReport\u00e1 la burocracia\u201d que la cartera puso en internet como una nueva secci\u00f3n del portal Argentina.gob.ar y que apunta a \u201cidentificar y eliminar normas que representan obst\u00e1culos al libre comercio, la competencia y el desarrollo productivo en todo el pa\u00eds\u201d. La iniciativa se origina en el decreto 1055\/24, publicado el viernes en el Bolet\u00edn Oficial para \u201creducir la burocracia, promover la libre competencia y facilitar la interacci\u00f3n entre la oferta y la demanda en el \u00e1mbito privado\u201d.<\/p>\n<p class=\"paragraph\">El tipo de normas que se pueden reportar incluye leyes, decretos, disposiciones, resoluciones, decisiones administrativas y ordenanzas de car\u00e1cter nacional, provincial o municipal que, seg\u00fan enumer\u00f3 la cartera desreguladora: obstaculicen la creaci\u00f3n o el funcionamiento de una empresa  actividad, generen barreras de entrada a un mercado o limiten la competencia, restrinjan la oferta de bienes y servicios, distorsionen precios, impidan la libre iniciativa privada o eviten la interacci\u00f3n espont\u00e1nea de oferta y demanda o soliciten requisitos o documentaci\u00f3n innecesarios u obsoletos\u201d.<\/p>\n<p class=\"paragraph\">Fuera del alcance quedaron \u201clas normas y las propuestas que impliquen un costo fiscal\u201d<\/p>\n<p class=\"paragraph\">Fari\u00f1a dijo que su \u00e1rea est\u00e1 enfocada en las \u201cbarreras normativas\u201d y apunta a que el Estado \u201cdeje de ser la sombra del ciudadano\u201d. Para eso, dijo, es importante el contacto directo con este, y puso como ejemplo que entre los m\u00e1s de 1.200 reportes recibidos uno era de un abogado desocupado que quiso empezar a realizar tr\u00e1mites antes la Anses, pero encontr\u00f3 que no pod\u00eda hacerlo, porque hab\u00eda un registro con un mont\u00f3n de limitaciones de acceso.<\/p>\n<p class=\"paragraph\">Adem\u00e1s, agreg\u00f3 que a partir de la semana pr\u00f3xima el gobierno har\u00e1 p\u00fablicas las denuncias que van incorporando \u201cpara que toda la sociedad las vea\u201d, aunque aclar\u00f3 que los denunciantes pueden pedir que no se publique su nombre. El objetivo, dijo, es \u201cdar visibilidad a las denuncias y d\u00e1rselas a las provincias y a los municipios, para que tambi\u00e9n puedan hacer su trabajo de desregulaci\u00f3n\u201d.<\/p>\n<p class=\"paragraph\">Fari\u00f1a dio como otro ejemplo de barreras o regulaciones innecesarias la homologaci\u00f3n de seguridad de juguetes importados de pa\u00edses desarrollados que tienen sus propio sistemas y certificaci\u00f3n internacional y mencion\u00f3 el caso de un importador que para traer USD 30.000 en juguetes importados gast\u00f3 USD 10.000 en el proceso de homologaci\u00f3n.<\/p>\n<div class=\" visual__image\"><picture><source srcset=\"https:\/\/www.infobae.com\/resizer\/v2\/6XOOUAKD4FEX5MXW6CMVZECMUA.jpeg?auth=d0b62cefe60220e88c929e167d460338584a361ca92bbd7ba59fbe5662eda611&amp;smart=true&amp;width=992&amp;height=661&amp;quality=85\" media=\"(min-width: 1000px)\"\/><source srcset=\"https:\/\/www.infobae.com\/resizer\/v2\/6XOOUAKD4FEX5MXW6CMVZECMUA.jpeg?auth=d0b62cefe60220e88c929e167d460338584a361ca92bbd7ba59fbe5662eda611&amp;smart=true&amp;width=768&amp;height=512&amp;quality=85\" media=\"(min-width: 768px)\"\/><source srcset=\"https:\/\/www.infobae.com\/resizer\/v2\/6XOOUAKD4FEX5MXW6CMVZECMUA.jpeg?auth=d0b62cefe60220e88c929e167d460338584a361ca92bbd7ba59fbe5662eda611&amp;smart=true&amp;width=577&amp;height=385&amp;quality=85\" media=\"(min-width: 580px)\"\/><source srcset=\"https:\/\/www.infobae.com\/resizer\/v2\/6XOOUAKD4FEX5MXW6CMVZECMUA.jpeg?auth=d0b62cefe60220e88c929e167d460338584a361ca92bbd7ba59fbe5662eda611&amp;smart=true&amp;width=420&amp;height=280&amp;quality=85\" media=\"(min-width: 350px)\"\/><source srcset=\"https:\/\/www.infobae.com\/resizer\/v2\/6XOOUAKD4FEX5MXW6CMVZECMUA.jpeg?auth=d0b62cefe60220e88c929e167d460338584a361ca92bbd7ba59fbe5662eda611&amp;smart=true&amp;width=350&amp;height=233&amp;quality=85\" media=\"(min-width: 80px)\"\/><img alt=\"Maximiliano Fari\u00f1a, secretario de Transformaci\u00f3n del Estado y virtual viceministro de Federico Sturzenegger\" class=\"global-image\" decoding=\"async\" fetchpriority=\"low\" height=\"1080\" loading=\"lazy\" src=\"https:\/\/www.infobae.com\/resizer\/v2\/6XOOUAKD4FEX5MXW6CMVZECMUA.jpeg?auth=d0b62cefe60220e88c929e167d460338584a361ca92bbd7ba59fbe5662eda611&amp;smart=true&amp;width=350&amp;height=233&amp;quality=85\" width=\"1620\"\/><\/picture><figcaption class=\"article-figcaption-img\">Maximiliano Fari\u00f1a, secretario de Transformaci\u00f3n del Estado y virtual viceministro de Federico Sturzenegger<\/figcaption><\/div>\n<p class=\"paragraph\">El funcionario anticip\u00f3 que, en una segunda etapa -posiblemente la semana pr\u00f3xima- \u201cvamos a hacer p\u00fablicas estas denuncias, qu\u00e9 es lo que report\u00f3 la gente, para darle visibilidad porque queremos la mayor transparencia posible y tambi\u00e9n acerc\u00e1rselas a las provincias y los municipios\u201d, dijo Fari\u00f1a en una entrevista en La Naci\u00f3n +.<\/p>\n<p class=\"paragraph\">Seg\u00fan el decreto de la iniciativa, hay \u201cuna gran cantidad de regulaciones dictadas en el Sector P\u00fablico Nacional que han quedado desactualizadas en virtud de los avances tecnol\u00f3gicos, jur\u00eddicos y sociales, conteniendo exigencias que, si bien al momento de su dictado resultaban justificadas, actualmente generan dilaciones y costos infundados\u201d.<\/p>\n<p class=\"paragraph\"><b>Para denunciar, hay que ingresar a la p\u00e1gina y llenar un formulario sencillo que pide nombre, apellidos, n\u00famero y tipo de norma denunciada<\/b>, precisar si es nacional, provincial o municipal, describir por qu\u00e9 es un obst\u00e1culo o barrera innecesaria y hacer una propuesta.<\/p>\n<p class=\"paragraph\">Fari\u00f1a dijo que un equipo de 4 \u00f3 5 personas, \u00e9l incluido, que revisan los reportes, los clasifican y env\u00edan a los ministerios o agencias espec\u00edficas para que respondan.<\/p>\n<p class=\"paragraph\">Otro caso que mencion\u00f3 fue el de pinturas de l\u00e1tex del que explic\u00f3 que \u201ccada lote tiene que hacer un estudio ante el INTI para ver si tiene plomo o no, cuando siempre dan negativo y las auditor\u00edas tendr\u00edan que ser ex post\u201d. Ese caso, explic\u00f3, lo hab\u00eda le\u00eddo \u00e9l mismo \u201cy ya est\u00e1bamos trabajando con una resoluci\u00f3n del Ministerio de Salud y esperamos que se publique la semana que viene\u201d.<\/p>\n<p class=\"paragraph\">Siempre hay un costo adicional, enfatiz\u00f3, y dijo que el objetivo del ministerio es \u201chacer un Estado m\u00e1s peque\u00f1o y eficiente.<\/p>\n<p class=\"paragraph\">Tambi\u00e9n mencion\u00f3 el caso del Centro de Administraci\u00f3n de Derechos Reprogr\u00e1ficos de Argentina (Cadra), creado en 2002, pero al que el gobierno de Alberto Fern\u00e1ndez le otorg\u00f3 un  monopolio al conferirle el car\u00e1cter de \u00fanica entidad habilitada para cobrar y negociar licencias de reproducci\u00f3n de obras nacionales.<\/p>\n<div class=\"blockquote\">\n<blockquote class=\"color_figcaption\"><p>Cadra podr\u00eda cobrar hasta $300.000 por la existencia de una m\u00e1quina fotocopiadora, pero no hac\u00eda ning\u00fan esfuerzo por identificar a los autores cuyas obras se fotocopiaban<\/p><\/blockquote>\n<\/div>\n<p class=\"paragraph\">Seg\u00fan mencion\u00f3 Fari\u00f1a, Cadra podr\u00eda cobrar hasta $300.000 por la existencia de una m\u00e1quina fotocopiadora, pero no hac\u00eda ning\u00fan esfuerzo por identificar a los autores cuyas obras se fotocopiaban. En la Argentina, mencion\u00f3 para dimensionar el tema, se editaron unos 150.000 libros en los \u00faltimos cuatro a cinco a\u00f1os, pero el dinero que recaudaba Cadra se repart\u00eda entre sus 8.000 socios.<\/p>\n<div class=\" visual__image\"><picture><source srcset=\"https:\/\/www.infobae.com\/resizer\/v2\/IM3TBBQZ6VH6JIALYDJJQBZ5LQ?auth=f30213236e7daf04b69cb42568c5c989bde64452eb88af327c1dccb77b29839e&amp;smart=true&amp;width=992&amp;height=606&amp;quality=85\" media=\"(min-width: 1000px)\"\/><source srcset=\"https:\/\/www.infobae.com\/resizer\/v2\/IM3TBBQZ6VH6JIALYDJJQBZ5LQ?auth=f30213236e7daf04b69cb42568c5c989bde64452eb88af327c1dccb77b29839e&amp;smart=true&amp;width=768&amp;height=469&amp;quality=85\" media=\"(min-width: 768px)\"\/><source srcset=\"https:\/\/www.infobae.com\/resizer\/v2\/IM3TBBQZ6VH6JIALYDJJQBZ5LQ?auth=f30213236e7daf04b69cb42568c5c989bde64452eb88af327c1dccb77b29839e&amp;smart=true&amp;width=577&amp;height=353&amp;quality=85\" media=\"(min-width: 580px)\"\/><source srcset=\"https:\/\/www.infobae.com\/resizer\/v2\/IM3TBBQZ6VH6JIALYDJJQBZ5LQ?auth=f30213236e7daf04b69cb42568c5c989bde64452eb88af327c1dccb77b29839e&amp;smart=true&amp;width=420&amp;height=257&amp;quality=85\" media=\"(min-width: 350px)\"\/><source srcset=\"https:\/\/www.infobae.com\/resizer\/v2\/IM3TBBQZ6VH6JIALYDJJQBZ5LQ?auth=f30213236e7daf04b69cb42568c5c989bde64452eb88af327c1dccb77b29839e&amp;smart=true&amp;width=350&amp;height=214&amp;quality=85\" media=\"(min-width: 80px)\"\/><img alt=\"En los \u00faltimos 4 o 5 a\u00f1os en la Argentina se editaron 150.000 libros, dijo Fari\u00f1a, pero 8.000 socios de Cadra se repart\u00edan la recaudaci\u00f3n de derechos reprogr\u00e1ficos sin esforzarse por identificar a los verdaderos autores de las obras reproducidas\" class=\"global-image\" decoding=\"async\" fetchpriority=\"low\" height=\"360\" loading=\"lazy\" src=\"https:\/\/www.infobae.com\/resizer\/v2\/IM3TBBQZ6VH6JIALYDJJQBZ5LQ?auth=f30213236e7daf04b69cb42568c5c989bde64452eb88af327c1dccb77b29839e&amp;smart=true&amp;width=350&amp;height=214&amp;quality=85\" width=\"600\"\/><\/picture><figcaption class=\"article-figcaption-img\">En los \u00faltimos 4 o 5 a\u00f1os en la Argentina se editaron 150.000 libros, dijo Fari\u00f1a, pero 8.000 socios de Cadra se repart\u00edan la recaudaci\u00f3n de derechos reprogr\u00e1ficos sin esforzarse por identificar a los verdaderos autores de las obras reproducidas<\/figcaption><\/div>\n<p class=\"paragraph\">Fari\u00f1a aclar\u00f3 que el gobierno est\u00e1 a favor de defender la propiedad intelectual, pero pretende que el dinero que se recaude por ese concepto llegue a los verdaderos autores. Adem\u00e1s, aclar\u00f3 que al igual que en el caso de Cadra, est\u00e1n revisando las normas y el funcionamiento de las llamadas \u201csociedades de acci\u00f3n colectiva\u201d, que supuestamente defienden acciones de grupos de personas, como el caso de la Sociedad Argentina de Gesti\u00f3n de Actores Int\u00e9rpretes (Sagai), que preside el actor kirchnerista <b>Pablo Echarri<\/b>.<\/p>\n<p class=\"paragraph\">Adem\u00e1s, especific\u00f3 que <b>actualmente la cartera desregulatoria tiene una matriz de 150 decretos en proceso para eliminar regulaciones y trabas. <\/b>Otro caso que mencion\u00f3 fue el de la importaci\u00f3n de alimentos, por la que el importador deb\u00eda suministrar al Servicio Nacional de Sanidad y Calidad Alimentaria (Senasa) informaci\u00f3n sobre el tipo de madera o pallets en que los alimentos ven\u00edan embalados. Tambi\u00e9n mencion\u00f3 regulaciones del Senasa que imped\u00edan trabajar a veterinarios no incluidos en un registro, pese a que en la Argentina los t\u00edtulos universitarios tienen car\u00e1cter habilitante.<\/p>\n<p class=\"paragraph\">Tambi\u00e9n apunt\u00f3 contra las \u201cexclusividades\u201d, normativas como la de la causa Seguros que involucra al expresidente Alberto Fern\u00e1ndez, que obligaban a las agencias p\u00fablicas a contratar seguros con Naci\u00f3n Seguros, a comprarle combustibles a YPF, pasajes a\u00e9reos a Aerol\u00edneas Argentinas y hacer todos los env\u00edos postales por el Correo Argentino. Son normas, dijo, que desincentivan la competencia y hace que el Estado gaste mucho m\u00e1s.<\/p>\n<div class=\"blockquote\">\n<blockquote class=\"color_figcaption\"><p>Fari\u00f1a apunt\u00f3 contra \u201cexclusividades\u201d normativas como las obligaban a contratar a Naci\u00f3n Seguros, comprarle combustibles a YPF, pasajes a\u00e9reos a Aerol\u00edneas Argentinas y hacer todos los env\u00edos postales por el Correo Argentino, porque desincentivan la competencia y hacen que el Estado gaste mucho m\u00e1s<\/p><\/blockquote>\n<\/div>\n<p class=\"paragraph\">Fari\u00f1a cont\u00f3 que el Ministerio que encabeza Sturzenegger tiene dos \u00e1reas bien definidas, desregulaci\u00f3n y transformaci\u00f3n y que esta \u00faltima busca \u201cun Estado m\u00e1s chico y eficiente\u201d. En los \u00faltimos 20 a\u00f1os, record\u00f3, el gasto p\u00fablico total de la Argentina (Naci\u00f3n, Provincias y Municipios) pas\u00f3 del 30 al 45% del PBI y la n\u00f3mina de empleados p\u00fablicos pas\u00f3 de dos a m\u00e1s de tres millones. En ochos meses de gesti\u00f3n, dijo, el Gobierno elimin\u00f3 200 \u00e1reas que estaban en la estructura del Estado y no ten\u00edan funciones que las justifiquen, de lo que result\u00f3 una reducci\u00f3n de 30.000 empleados p\u00fablicos, entre el 8 y el 10% del empleo en el Estado nacional.<\/p>\n<p class=\"paragraph\">Eso, dijo, \u201cno termina ahora\u201d y explic\u00f3 que gracias al concepto de \u201cdisponibilidad\u201d incluido en la ley Bases se puede avanzar en nuevas reducciones de la planta p\u00fablica, rompiendo con el concepto de que los empleados p\u00fablicos eran intocables. Finalmente, de los registros automotores y la tramitaci\u00f3n de patentes y c\u00e9dula azul enfatiz\u00f3 que el objetivo es que todos los tr\u00e1mites sean digitales \u201cy no sean m\u00e1s un curro de la pol\u00edtica\u201d<\/p>\n<\/div>\n<p><script defer=\"\">!function(f,b,e,v,n,t,s) {if(f.fbq)return;n=f.fbq=function(){n.callMethod? n.callMethod.apply(n,arguments):n.queue.push(arguments)}; if(!f._fbq)f._fbq=n;n.push=n;n.loaded=!0;n.version='2.0'; n.queue=[];t=b.createElement(e);t.async=!0; t.src=v;s=b.getElementsByTagName(e)[0]; s.parentNode.insertBefore(t,s)}(window, document,'script', ' fbq('init', '336383993555320'); fbq('track', 'PageView'); fbq('track', 'ViewContent');<\/script><script src=\"https:\/\/connect.facebook.net\/en_US\/sdk.js\" crossorigin=\"anonymous\" defer=\"\"><\/script><\/p>\n","protected":false},"excerpt":{"rendered":"<p>Milei y el ministro de Desregulaci\u00f3n, Federico Sturzenegger, eliminando ravioles en un organigrama del Estado En menos de 6 horas el ministerio de Desregulaci\u00f3n y Transformaci\u00f3n del Estado, que encabeza Federico Sturzenegger, recibi\u00f3 m\u00e1s de 1.200 denuncias de ciudadanos argentinos sobre tr\u00e1mites que los denunciantes consideran engorrosos, innecesarios o fuente de corrupci\u00f3n, precis\u00f3 el secretario [&hellip;]<\/p>\n","protected":false},"author":2,"featured_media":27449,"comment_status":"","ping_status":"","sticky":false,"template":"","format":"standard","meta":{"footnotes":""},"categories":[2],"tags":[],"_links":{"self":[{"href":"https:\/\/maxradio923.com.ar\/index.php\/wp-json\/wp\/v2\/posts\/27448"}],"collection":[{"href":"https:\/\/maxradio923.com.ar\/index.php\/wp-json\/wp\/v2\/posts"}],"about":[{"href":"https:\/\/maxradio923.com.ar\/index.php\/wp-json\/wp\/v2\/types\/post"}],"author":[{"embeddable":true,"href":"https:\/\/maxradio923.com.ar\/index.php\/wp-json\/wp\/v2\/users\/2"}],"replies":[{"embeddable":true,"href":"https:\/\/maxradio923.com.ar\/index.php\/wp-json\/wp\/v2\/comments?post=27448"}],"version-history":[{"count":0,"href":"https:\/\/maxradio923.com.ar\/index.php\/wp-json\/wp\/v2\/posts\/27448\/revisions"}],"wp:featuredmedia":[{"embeddable":true,"href":"https:\/\/maxradio923.com.ar\/index.php\/wp-json\/wp\/v2\/media\/27449"}],"wp:attachment":[{"href":"https:\/\/maxradio923.com.ar\/index.php\/wp-json\/wp\/v2\/media?parent=27448"}],"wp:term":[{"taxonomy":"category","embeddable":true,"href":"https:\/\/maxradio923.com.ar\/index.php\/wp-json\/wp\/v2\/categories?post=27448"},{"taxonomy":"post_tag","embeddable":true,"href":"https:\/\/maxradio923.com.ar\/index.php\/wp-json\/wp\/v2\/tags?post=27448"}],"curies":[{"name":"wp","href":"https:\/\/api.w.org\/{rel}","templated":true}]}}